{"id":878,"date":"2019-04-01T01:59:07","date_gmt":"2019-04-01T01:59:07","guid":{"rendered":"http:\/\/oko.pres-24.pl\/?p=878"},"modified":"2019-05-10T09:10:05","modified_gmt":"2019-05-10T09:10:05","slug":"kto-tak-czuje-mlodych-w-pis","status":"publish","type":"post","link":"https:\/\/oko.pres-24.pl\/?p=878","title":{"rendered":"Kto tak &#8222;czuje&#8221; m\u0142odych w PiS? Rzecz o ACTA 2."},"content":{"rendered":"<p>Wyborczy rok 2015 uraczy\u0142 nas szeregiem niespodzianek, z najwi\u0119ksz\u0105 w postaci zwyci\u0119stwa w prezydenckim wy\u015bcigu Andrzeja Dudy.<\/p>\n<p>Kolejn\u0105 niespodziank\u0105 by\u0142 fakt, i\u017c najwyra\u017aniej w ci\u0105gu o\u015bmioletnich rz\u0105d\u00f3w PO wyparowa\u0142a &#8222;obciachowo\u015b\u0107&#8221; Prawa i Sprawiedliwo\u015bci i m\u0142odzi ludzie w wi\u0119kszo\u015bci g\u0142osowali na parti\u0119 Jaros\u0142awa Kaczy\u0144skiego.<\/p>\n<p>Trzecia w ko\u0144cu dotyczy\u0142a sposobu postrzegania, przez polityk\u00f3w i sztabowc\u00f3w Platformy Obywatelskiej, przestrzeni Internetu oraz przedziwny obraz jego u\u017cytkownik\u00f3w.<\/p>\n<p>Pisali\u015bmy ju\u017c o tym w innym miejscu, podaj\u0105c przyk\u0142ady, wi\u0119c przypomnijmy tylko, i\u017c sztaby, partyjny i prezydencki PO najwyra\u017aniej za\u0142o\u017cy\u0142y, \u017ce internauci to m\u0142odzi kretyni.<\/p>\n<p>W rezultacie do prowadzenia kampanii w Sieci (w tym oficjalnych profili) zatrudniono, nie wiemy czy m\u0142odych, ale na pewno kretyn\u00f3w, co zaowocowa\u0142o fal\u0105 kompromituj\u0105cych wpadek.<\/p>\n<p>Truizmem jest stwierdzenie, i\u017c Sie\u0107 odgrywa ogromn\u0105 rol\u0119 w kszta\u0142towaniu opinii publicznej. W dodatku coraz wi\u0119cej ludzi rezygnuje ca\u0142kowicie z ogl\u0105dania telewizji, czerpi\u0105c wiedz\u0119 o otaczaj\u0105cym ich \u015bwiecie, a wi\u0119c i podlegaj\u0105c propagandzie, z bezkres\u00f3w Paj\u0119czyny.<\/p>\n<p>Niezb\u0119dnym warunkiem takiego stanu rzeczy i przede wszystkim poczucia internaut\u00f3w (prawdziwego lub nie), \u017ce dociera do nich niezmanipulowana informacja, jest &#8222;wolno\u015b\u0107&#8221; Internetu.<\/p>\n<p>Z tego punktu widzenia weekendowe wyst\u0105pienie Prezesa Kaczy\u0144skiego to majstersztyk.<\/p>\n<p>Nie b\u0119dziemy si\u0119 tu zajmowa\u0107 kwesti\u0105, czy tzw. ACTA 2 skr\u0119puje swobod\u0119 wypowiedzi czy nie. Przez pryzmat swoich kieszeni (maj\u0105 do tego pe\u0142ne prawo) wypowiadaj\u0105 si\u0119 na ten temat rzesze bardziej i mniej uczciwych komentator\u00f3w.<\/p>\n<p>My pragniemy z\u0142o\u017cy\u0107 jedynie kondolencje opozycji, gdy\u017c w rezultacie ujawnionej w weekend strategii PiS, totalnie si\u0119 pogubili i ich przedstawiciele pl\u0105cz\u0105 si\u0119 w &#8222;zeznaniach&#8221;, usi\u0142uj\u0105c uzasadni\u0107 g\u0142osowanie za dyrektyw\u0105.<\/p>\n<p>Ostatnie trzy lata mog\u0142y przywr\u00f3ci\u0107 w jakiej\u015b mierze &#8222;obciachowo\u015b\u0107&#8221; PiS i spowodowa\u0107 odp\u0142yw &#8222;m\u0142odych&#8221;, a przynajmniej sk\u0142oni\u0107 g\u0142osuj\u0105cych po raz pierwszy, do poparcia opozycji.<\/p>\n<p>500+ nie wszystkich dotyczy z oczywistych wzgl\u0119d\u00f3w, a co wa\u017cniejsze nikt potrzeby jego funkcjonowania nie neguje. Z kolei has\u0142o ulg podatkowych nie ma w debacie publicznej tzw. &#8222;ci\u0119\u017caru&#8221;.<\/p>\n<p>Tymczasem has\u0142o &#8222;obrony wolno\u015bci w Sieci&#8221; to waga ci\u0119\u017cka i przekaz niemal sam si\u0119 powielaj\u0105cy, kt\u00f3rego w dodatku nie mo\u017cna atakowa\u0107 z punktu widzenia obrony finans\u00f3w pa\u0144stwa.<\/p>\n<p>Majstersztyk.<\/p>\n<p>Ale\u017c jeste\u015bmy ciekawi kto to wykombinowa\u0142.<\/p>\n<p>&nbsp;<\/p>\n<p>&nbsp;<\/p>\n<p>&nbsp;<\/p>\n<p class=\"bawpvc-ajax-counter\" data-id=\"878\">\n","protected":false},"excerpt":{"rendered":"<p>Wyborczy rok 2015 uraczy\u0142 nas szeregiem niespodzianek, z najwi\u0119ksz\u0105 w <a class=\"more-link\" href=\"https:\/\/oko.pres-24.pl\/?p=878\">Czytaj dalej \u2192<\/a><\/p>\n","protected":false},"author":1,"featured_media":0,"comment_status":"open","ping_status":"closed","sticky":false,"template":"","format":"standard","meta":{"footnotes":""},"categories":[1],"tags":[],"class_list":["post-878","post","type-post","status-publish","format-standard","hentry","category-uncategorized"],"aioseo_notices":[],"_links":{"self":[{"href":"https:\/\/oko.pres-24.pl\/index.php?rest_route=\/wp\/v2\/posts\/878","targetHints":{"allow":["GET"]}}],"collection":[{"href":"https:\/\/oko.pres-24.pl\/index.php?rest_route=\/wp\/v2\/posts"}],"about":[{"href":"https:\/\/oko.pres-24.pl\/index.php?rest_route=\/wp\/v2\/types\/post"}],"author":[{"embeddable":true,"href":"https:\/\/oko.pres-24.pl\/index.php?rest_route=\/wp\/v2\/users\/1"}],"replies":[{"embeddable":true,"href":"https:\/\/oko.pres-24.pl\/index.php?rest_route=%2Fwp%2Fv2%2Fcomments&post=878"}],"version-history":[{"count":8,"href":"https:\/\/oko.pres-24.pl\/index.php?rest_route=\/wp\/v2\/posts\/878\/revisions"}],"predecessor-version":[{"id":1113,"href":"https:\/\/oko.pres-24.pl\/index.php?rest_route=\/wp\/v2\/posts\/878\/revisions\/1113"}],"wp:attachment":[{"href":"https:\/\/oko.pres-24.pl\/index.php?rest_route=%2Fwp%2Fv2%2Fmedia&parent=878"}],"wp:term":[{"taxonomy":"category","embeddable":true,"href":"https:\/\/oko.pres-24.pl\/index.php?rest_route=%2Fwp%2Fv2%2Fcategories&post=878"},{"taxonomy":"post_tag","embeddable":true,"href":"https:\/\/oko.pres-24.pl\/index.php?rest_route=%2Fwp%2Fv2%2Ftags&post=878"}],"curies":[{"name":"wp","href":"https:\/\/api.w.org\/{rel}","templated":true}]}}