{"id":834,"date":"2019-03-05T10:57:57","date_gmt":"2019-03-05T10:57:57","guid":{"rendered":"http:\/\/oko.pres-24.pl\/?p=834"},"modified":"2019-03-31T12:53:52","modified_gmt":"2019-03-31T12:53:52","slug":"pan-wojciech-czuchnowski-nie-zalapal-kontekstu-czyli-o-czym-tak-wlasciwie-byl-tweet-pana-pawla-kukiza","status":"publish","type":"post","link":"https:\/\/oko.pres-24.pl\/?p=834","title":{"rendered":"Pan Wojciech Czuchnowski nie za\u0142apa\u0142 kontekstu, czyli o czym tak w\u0142a\u015bciwie by\u0142 tweet Pana Paw\u0142a Kukiza."},"content":{"rendered":"<p>Prosimy zapozna\u0107 si\u0119 z poni\u017cszymi tabelami pochodz\u0105cymi z pracy &#8222;Aparat bezpiecze\u0144stwa w Polsce. Kadra kierownicza. Tom I. 1944-56.&#8221; Warszawa 2005. Redakcja naukowa: K.Szwagrzyk.<\/p>\n<p>(W tym temacie polecamy r\u00f3wnie\u017c ustalenia prof. Paczkowskiego)<\/p>\n<p><img loading=\"lazy\" decoding=\"async\" class=\"alignnone wp-image-838\" src=\"http:\/\/oko.pres-24.pl\/wp-content\/uploads\/2019\/03\/Tabela_bezpieka-273x300.png\" alt=\"\" width=\"526\" height=\"578\" srcset=\"https:\/\/oko.pres-24.pl\/wp-content\/uploads\/2019\/03\/Tabela_bezpieka-273x300.png 273w, https:\/\/oko.pres-24.pl\/wp-content\/uploads\/2019\/03\/Tabela_bezpieka.png 627w\" sizes=\"auto, (max-width: 526px) 100vw, 526px\" \/><\/p>\n<p>Na pierwszy rzut oka wiadomo o co chodzi ale na potrzeby wyborc\u00f3w PO t\u0142umaczymy.<\/p>\n<p>W powy\u017cszych danych wzrok przyci\u0105ga wysoka pozycja przedstawicieli narodu \u017cydowskiego (pod tym terminem rozumiemy \u017byd\u00f3w oraz osoby pochodzenia \u017cydowskiego nie identyfikuj\u0105ce si\u0119 z tym narodem).<\/p>\n<p>Nawet w realiach II RP tak znacz\u0105cy udzia\u0142 by\u0142by czym\u015b nadzwyczajnym, tabele dotycz\u0105 jednak czas\u00f3w, gdy wskutek tragedii II Wojny \u015awiatowej na ziemiach polskich ludno\u015b\u0107 pochodzenia \u017cydowskiego liczy\u0142a ok 1%.<\/p>\n<p>Logiczne jest wi\u0119c pytanie sk\u0105d taka nadreprezentacja.<\/p>\n<p>Wyt\u0142umaczymy to za chwil\u0119, teraz powr\u00f3\u0107my do s\u0142\u00f3w Paw\u0142a Kukiza.<\/p>\n<p>S\u0142owa pos\u0142a przypominaj\u0105ce, zgodnie z prawd\u0105, kim by\u0142y osoby s\u0105dz\u0105ce genera\u0142a Augusta Fieldorfa nale\u017cy umie\u015bci\u0107 w kontek\u015bcie wypowiedzi przedstawicieli Izraela, z ostatni\u0105 autorstwa Izraela Katza.<\/p>\n<p>Nie wierzymy, \u017ce taka s\u0142awa dziennikarska jak Pan Redaktor Czuchnowski nie by\u0142 w stanie tego poj\u0105\u0107.<\/p>\n<p>Oczywistym jest, \u017ce w czasie II Wojny \u015awiatowej wi\u0119kszo\u015b\u0107 Polak\u00f3w nie pomaga\u0142a \u017bydom, cho\u0107 jeste\u015bmy pewni, \u017ce Pan Czuchnowski ryzykowa\u0142by \u017cycie w\u0142asnych dzieci w obronie innych ludzi.<\/p>\n<p>Nie ka\u017cdy jest jednak tak m\u0119\u017cny.<\/p>\n<p>Byli i tacy, kt\u00f3rzy wydawali, a nawet mordowali ludno\u015b\u0107 \u017cydowsk\u0105. Je\u015bli jednak uprawnia to do oskar\u017cania ca\u0142ego narodu polskiego, to tym bardziej przytoczony przez Paw\u0142a Kukiza fakt, uprawnia\u0142by do formu\u0142owania takiego oskar\u017cenia wobec narodu z kt\u00f3rego wywodzi\u0142a si\u0119 najwi\u0119ksza, poza Polakami, liczba &#8222;kierownik\u00f3w&#8221; komunistycznego aparatu represji. Wszak nad nimi nie ci\u0105\u017cy\u0142a gro\u017aba utraty \u017cycia, co wi\u0119cej dzi\u0119ki udzia\u0142owi w aparacie represji prowadzili oni o wiele wygodniejsze \u017cycie ni\u017c reszta spo\u0142ecze\u0144stwa.<\/p>\n<p>W tym kontek\u015bcie szokuje &#8222;niekumato\u015b\u0107&#8221; Pana Czuchnowskiego.<\/p>\n<p>Reasumuj\u0105c. Wypowied\u017a Paw\u0142a Kukiza nie ma nic wsp\u00f3lnego z antysemityzmem, a cho\u0107 narodowo\u015b\u0107 z kt\u00f3rej si\u0119 wywodzili przytoczeni oprawcy mia\u0142a wp\u0142yw na ich postaw\u0119, podobnie jak wp\u0142yw na ka\u017cdego z nas ma nasze pochodzenie, to obci\u0105\u017canie za zbrodnie komunizmu narodu \u017cydowskiego jest bez sensu, cho\u0107by z racji na fakt, i\u017c wspomnieni oprawcy \u017bydami si\u0119 najcz\u0119\u015bciej nie czuli.<\/p>\n<p>Czuli si\u0119 komunistami, co z definicji wyklucza g\u0142\u0119bsz\u0105 identyfikacj\u0119 z narodem.<\/p>\n<p>Z drugiej strony zapewne w jakiej\u015b mierze czynnikiem &#8222;motywuj\u0105cym&#8221; by\u0142a ch\u0119\u0107 rewan\u017cu za zbrodnie holokaustu, chocia\u017c &#8222;sprawiedliwo\u015b\u0107&#8221; wymierzana by\u0142a niezbyt precyzyjnie, co najbardziej odczuli Polacy.<\/p>\n<p>Zbrodnie komunistycznych s\u0142u\u017cb bezpiecze\u0144stwa nie by\u0142y pope\u0142niane w imieniu narodu \u017cydowskiego, jak jednak reagowa\u0107 na s\u0142owa takie jak Pana Katza.<\/p>\n<p>Na \u015bwiecie nie m\u00f3wi si\u0119 o winie Niemc\u00f3w, praktycznie w og\u00f3le nie wspomina o pogromach i prze\u015bladowaniach na ziemiach naszych wschodnich s\u0105siad\u00f3w, a ich skala przekracza\u0142a wielokrotnie podobne zdarzenia na ziemiach polskich.<\/p>\n<p>O prze\u015bladowaniach \u017byd\u00f3w wspomina si\u0119 wy\u0142\u0105cznie w kontek\u015bcie Polski i jest to cena jak\u0105 p\u0142acimy za bycie przez wieki azylem dla Narodu Wybranego.<\/p>\n<p>No dobrze, ale sk\u0105d wynika\u0142a taka nadreprezentacja przedstawicieli narodu \u017cydowskiego w kierownictwie komunistycznych s\u0142u\u017cb bezpiecze\u0144stwa.<\/p>\n<p>Wyja\u015bnienie trzeba zacz\u0105\u0107 od zagadnienia, sk\u0105d w og\u00f3le taka popularno\u015b\u0107 komunizmu w\u015br\u00f3d przedstawicieli tego narodu.<\/p>\n<p>S\u0142owem kluczem jest w\u0142a\u015bnie &#8222;nar\u00f3d&#8221;.<\/p>\n<p>Przez stulecia \u017bydzi byli prze\u015bladowani z racji na to, \u017ce byli \u017bydami.<\/p>\n<p>Jak pisa\u0107 o tych kwestiach i unikn\u0105\u0107 oskar\u017cenia o antysemityzm? Zapewniamy Pa\u0144stwa, \u017ce my naprawd\u0119 nie mamy nic przeciw ludom semickim, niezale\u017cnie czy chodzi o Arab\u00f3w czy \u017byd\u00f3w, zreszt\u0105 jak dowodzi los Palesty\u0144czyk\u00f3w&#8230; mo\u017ce wr\u00f3\u0107my do tematu.<\/p>\n<p>Jak w ka\u017cdej grupie z dominuj\u0105c\u0105 religi\u0105 i w\u015br\u00f3d \u017byd\u00f3w pojawili si\u0119 w\u0105tpi\u0105cy (podzia\u0142y religijne by\u0142y zawsze), chc\u0105cy odci\u0105\u0107 si\u0119 od tradycji. Jakich by jednak deklaracji nie sk\u0142adali, nie zmienia\u0142o to faktu, \u017ce byli nadal \u017bydami w sensie narodowym i tak byli postrzegani.<\/p>\n<p>Cz\u0119\u015b\u0107 z nich, zamiast biernie czeka\u0107 na nadej\u015bcie mesjasza, postanowi\u0142a aktywnie dzia\u0142a\u0107 w celu utworzenia pa\u0144stwa. Nie wyrzekali si\u0119 oni swojego \u017cydostwa, spoiwem wsp\u00f3lnoty uczynili jednak aspekt narodowy, nie religijny. St\u0105d narodziny ruchu syjonistycznego, zwie\u0144czonego powstaniem pa\u0144stwa Izrael.<\/p>\n<p>Druga grupa &#8222;ateist\u00f3w&#8221; wybra\u0142a ca\u0142kowicie odmienn\u0105 drog\u0119.<\/p>\n<p>Pojawi\u0142a si\u0119 ideologia m\u00f3wi\u0105ca, i\u017c narodowo\u015b\u0107 nie ma znaczenia, a najlepiej b\u0119dzie gdyby poczucie narodowo\u015bci uleg\u0142o anihilacji, a ca\u0142a ludzko\u015b\u0107 stworzy jedn\u0105 wsp\u00f3lnot\u0119.<\/p>\n<p>Poniewa\u017c XIX w. scementowa\u0142 narodowo\u015bci, w dzisiejszym rozumieniu tego s\u0142owa, mo\u017cna wi\u0119c powiedzie\u0107, \u017ce komunizm kt\u00f3ry si\u0119 w\u00f3wczas pojawi\u0142, by\u0142 swego rodzaju ide\u0105 stworzenia narodu w skali globalnej.<\/p>\n<p>Poniewa\u017c za\u015b narody skupione w pa\u0144stwach nie zamierza\u0142y si\u0119 same wynarodowi\u0107, komuni\u015bci doszli do wniosku, \u017ce nale\u017cy im w tym pom\u00f3c.<\/p>\n<p>Pierwsz\u0105 przeszkod\u0105 byli Polacy z sukcesem zatrzymuj\u0105c w 1920 r. poch\u00f3d komunizmu na Zach\u00f3d, dwadzie\u015bcia lat p\u00f3\u017aniej ju\u017c nie posz\u0142o tak dobrze.<\/p>\n<p>Wizja stworzenia ponadnarodowego organizmu, w kt\u00f3rym nie b\u0119dzie wa\u017cne pochodzenie, by\u0142o atrakcyjne dla tych \u017byd\u00f3w, dla kt\u00f3rych narodowo\u015b\u0107 by\u0142a swoistym pi\u0119tnem.<\/p>\n<p>Tym bardziej, \u017ce ratunkiem nie by\u0142a nawet ca\u0142kowita asymilacja.<\/p>\n<p>Tysi\u0105ce Niemc\u00f3w, z przekonania, z j\u0119zyka, z kultury i my\u015bli, dowiadywa\u0142o si\u0119 nagle w III Rzeszy, \u017ce s\u0105 \u017bydami i nie przys\u0142uguj\u0105 im takie same prawa, jak Niemcom &#8222;czystej krwi&#8221;.<\/p>\n<p>Komunizm wydawa\u0142 si\u0119 wi\u0119c najlepsz\u0105 alternatyw\u0105, niszcz\u0105c sam\u0105 ide\u0119 narodu.<\/p>\n<p>Zbrodnie III Rzeszy nie mia\u0142y jednak bezpo\u015bredniego wp\u0142ywu na proces &#8222;komunizacji&#8221;.(1)<\/p>\n<p>\u017bydzi wchodz\u0105cy w sk\u0142ad kierownictwa komunistycznych s\u0142u\u017cb bezpiecze\u0144stwa to cz\u0119sto przedwojenni komuni\u015bci, kt\u00f3rzy wojn\u0119 przetrwali w ZSRR, uto\u017csamiaj\u0105c si\u0119 do reszty z tamtym systemem.<\/p>\n<p>I tu pojawia si\u0119 ciekawa analogia z czasami wsp\u00f3\u0142czesnymi.<\/p>\n<p>Komunizm zak\u0142ada\u0142 zniszczenie poczucia przynale\u017cno\u015bci narodowej, by poprzez rewolucj\u0119 \u015bwiatow\u0105 doprowadzi\u0107 do utworzenia &#8222;raju&#8221; r\u00f3wno\u015bci, sprawiedliwo\u015bci, bez wyzysku jednych przez drugich etc.<\/p>\n<p>W tym kontek\u015bcie czynnikiem kluczowym by\u0142o pozbycie si\u0119 fundamentalnego dla narodu elementu, jakim jest suwerenno\u015b\u0107 w\u0142adzy, na wy\u017cszy szczebel, ponadnarodowy, kt\u00f3rym mieli by\u0107 przyw\u00f3dcy komunistycznej rewolucji \u015bwiatowej.<\/p>\n<p>To w praktyce mia\u0142o miejsce, cho\u0107 w odr\u00f3\u017cnieniu od np. Ukrainy, Bia\u0142orusi, czy republik ba\u0142tyckich, Polska (decyzj\u0105 Stalina), pozosta\u0142a odr\u0119bna terytorialnie.<\/p>\n<p>Nie zmienia to faktu, \u017ce podobnie jak w innych, formalnie niezale\u017cnych pa\u0144stwach bloku komunistycznego, w\u0142adze PRL nie mog\u0142y podejmowa\u0107 istotnych decyzji bez aprobaty Kremla.<\/p>\n<p>Jednym zdaniem: pa\u0144stwa cz\u0142onkowskie &#8222;organizmu ponadnarodowego&#8221; pozby\u0142y si\u0119 ca\u0142o\u015bci, lub dominuj\u0105cej cz\u0119\u015bci, suwerenno\u015bci na rzecz owego &#8222;organizmu&#8221;.<\/p>\n<p>Ostatnie zdanie w 100% opisuje fundamentaln\u0105 zasad\u0119 funkcjonowania Unii Europejskiej.<\/p>\n<p>Oczywi\u015bcie nale\u017cy zachowa\u0107 proporcje. Dominacj\u0119 ZSRR narzucono si\u0142\u0105, a spo\u0142ecze\u0144stwo nigdy nie zaakceptowa\u0142o tej sytuacji.<\/p>\n<p>My za\u015b jeszcze raz podkre\u015blamy, \u017ce jak najbardziej popieramy funkcjonowanie Unii Europejskiej, cho\u0107 woleliby\u015bmy, by jej w\u0142adze bardziej ws\u0142uchiwa\u0142y si\u0119 w g\u0142osy p\u0142yn\u0105ce ze spo\u0142ecze\u0144stw pa\u0144stw cz\u0142onkowskich.<\/p>\n<p>Analogia o kt\u00f3rej chcemy tu napisa\u0107, dotyczy jednostek odgrywaj\u0105cych w owych spo\u0142ecze\u0144stwach cz\u0119sto istotne role.<\/p>\n<p>Je\u015bli spojrzycie Pa\u0144stwo na tych przedstawicieli medi\u00f3w i \u015bwiata polityki, kt\u00f3rzy najbardziej optuj\u0105 za bezkrytyczn\u0105 i jak najdalej posuni\u0119t\u0105 integracj\u0105 z Uni\u0105 Europejsk\u0105, oka\u017ce si\u0119, \u017ce w tym obozie s\u0105 praktycznie wszyscy przedstawiciele wspomnianych \u015brodowisk, pochodz\u0105cy z narodu naszych starszych braci w wierze.<\/p>\n<p>Wiemy, i\u017c przyjmuj\u0105c tak\u0105 a nie inn\u0105 postaw\u0119, kieruj\u0105 si\u0119 oni najszczerszym przekonaniem, i\u017c jest to dobre dla ludno\u015bci ziem polskich.<\/p>\n<p>Zapewne tak w\u0142a\u015bnie jest.<\/p>\n<p>Trzeba te\u017c pami\u0119ta\u0107, \u017ce rok 1968 dokona\u0142 swoistej selekcji. Je\u015bli nawet wielu nie czu\u0142o si\u0119 syjonistami, to dzia\u0142ania w\u0142adz skutecznie takie odczucia w\u015br\u00f3d nich pobudzi\u0142y, zmuszaj\u0105c do emigracji do Izraela.<\/p>\n<p>Mo\u017cna wi\u0119c przypuszcza\u0107, i\u017c w kraju zostali najbardziej identyfikuj\u0105cy si\u0119 z polsko\u015bci\u0105.<\/p>\n<p>Tu si\u0119 urodzili, tu wychowali, cz\u0119sto zreszt\u0105, w realiach PRL, w oderwaniu od kultury i tradycji przodk\u00f3w.<\/p>\n<p>Dopiero w ostatnich latach wielu z nich publicznie m\u00f3wi o swoim pochodzeniu. Wcze\u015bniej si\u0119 po prostu w mainstreamie o tym nie m\u00f3wi\u0142o, cho\u0107 wolna Polska na tym polu niezbyt chlubnie wystartowa\u0142a, gdy sztab wyborczy Lecha Wa\u0142\u0119sy pr\u00f3bowa\u0142 gra\u0107 t\u0105 kart\u0105.<\/p>\n<p>Istotne jest to, jaka jest wizja wspomnianej &#8222;polsko\u015bci&#8221; gdy\u017c jak w ka\u017cdym spo\u0142ecze\u0144stwie, tak i w naszym r\u00f3\u017cne grupy i \u015brodowiska r\u00f3\u017cnie podobne terminy definiuj\u0105.<\/p>\n<p>Oczywi\u015bcie wchodzimy tu na pole socjologii i psychologii, cho\u0107 zdajemy sobie spraw\u0119, \u017ce zagadnienie to niepr\u0119dko zostanie zbadane, gdy\u017c to co piszemy a\u017c si\u0119 prosi, by zosta\u0142o pot\u0119pione przez &#8222;post\u0119powe&#8221; \u015brodowiska.<\/p>\n<p>Chcemy wyra\u017anie zaznaczy\u0107. M\u00f3wienie o pochodzeniu kogokolwiek w celu wykorzystania tego w walce politycznej, czy jakiejkolwiek innej walkce, jest niedopuszczalne.<\/p>\n<p>Nauka nie mo\u017ce jednak pomija\u0107 takich kwestii. Trzeba by przedefiniowa\u0107 socjologi\u0119, histori\u0119 i psychologi\u0119, gdyby te dziedziny wiedzy nie mog\u0142y uwzgl\u0119dnia\u0107 wp\u0142ywu pochodzenia na pogl\u0105dy oraz dzia\u0142ania grup i jednostek.<\/p>\n<p>Dla cz\u0119sto bezkrytycznego poparcia idei ponadnarodowych kluczowym nie jest jednak\u00a0 czynnik pochodzenia, gdy\u017c to znacznie zaw\u0119\u017ca\u0142oby ow\u0105 grup\u0119, lecz czynnik ideologiczny.<\/p>\n<p>W\u015br\u00f3d najzagorzalszych zwolennik\u00f3w integracji z Uni\u0105 Europejsk\u0105 s\u0105, od pocz\u0105tku lat 90-ych, wszyscy istotniejsi politycy, r\u00f3wnie\u017c Polacy z &#8222;dziada-pradziada&#8221;, wywodz\u0105cy si\u0119 z szereg\u00f3w PZPR.<\/p>\n<p>Czo\u0142owy przeciwnik integracji z UE z czas\u00f3w negocjacji, Roman Giertych, to endek w trzecim pokoleniu. W \u017cyciorysie najbardziej atakowanego obecnie za antyunijn\u0105 postaw\u0119 polityka w \u0142onie UE, Viktora Orbana, sympatii ku komunizmowi r\u00f3wnie\u017c nie znajdziemy.<\/p>\n<p>Tymczasem postkomuni\u015bci&#8230;<\/p>\n<p>Wystarczy przypomnie\u0107 kto nas wprowadza\u0142 do UE, cho\u0107 oczywi\u015bcie weszliby\u015bmy do Wsp\u00f3lnoty z ka\u017cdym rz\u0105dem, poza tym na kt\u00f3rego czele sta\u0142by mecenas Giertych.<\/p>\n<p>Stanowi to potwierdzenie oczywistego faktu, \u017ce ideologia komunistyczna przyci\u0105ga\u0142a ku sobie ludzi sk\u0142aniaj\u0105cych si\u0119 ku ideom ponadnarodowym. By\u0142y one wsp\u00f3ln\u0105 platform\u0105 pomi\u0119dzy r\u00f3\u017cnymi narodowo\u015bciami.<\/p>\n<p>Troszk\u0119 upraszczamy, gdy\u017c prawdziwych komunist\u00f3w w PZPR zapewne od wczesnych lat 70-ych ju\u017c nie by\u0142o. Zostali wyparci przez karierowicz\u00f3w, kt\u00f3rym jednak postawa zale\u017cno\u015bci jak najbardziej odpowiada\u0142a.<\/p>\n<p>W historii rozwoju Unii Europejskiej, na szczeblu decyzyjnym, przewija\u0142o i przewija si\u0119 sporo ludzi pochodzenia \u017cydowskiego. Formu\u0142owanie na tej podstawie, jak to niekt\u00f3rzy radyka\u0142owie czyni\u0105, tez o spisku itp. to absurd.<\/p>\n<p>Cho\u0107 Unia odesz\u0142a od idea\u0142\u00f3w z czas\u00f3w swoich narodzin, to najwi\u0119kszy impuls do zachodz\u0105cych w niej przemian dawali ludzie r\u00f3\u017cnych narodowo\u015bci, kt\u00f3rych \u0142\u0105czy\u0142y wsp\u00f3lne idee.<\/p>\n<p>Na pewno nie maj\u0105 one nic wsp\u00f3lnego z nacjonalizmami, co wi\u0119cej, Unia Europejska w swoim mainstreamowym nurcie idee nacjonalistyczne pot\u0119pia.<\/p>\n<p>Tymczasem jak pokazuje kariera obecnego premiera Izraela, w\u0142a\u015bnie agresywny nacjonalizm ma si\u0119 w Izraelu bardzo dobrze.<\/p>\n<p>W ostatnich latach, w \u015brodowiskach lewicowych w Europie Zachodniej, r\u00f3wnie\u017c na jej centralnych szczeblach, silne s\u0105 tendencje krytyczne wobec polityki Izraela wzgl\u0119dem m.in. Palesty\u0144czyk\u00f3w, co tylko potwierdza, i\u017c doszukiwanie si\u0119 &#8222;spisku \u017cydowskiego&#8221; w zjednoczonej Europie (cokolwiek by to znaczy\u0142o) jest bez sensu.<\/p>\n<p>Przepraszamy je\u015bli urazili\u015bmy kogo\u015b powy\u017cszym tekstem. Nie by\u0142o to nasz\u0105 intencj\u0105 ale uwa\u017camy, \u017ce wszystkie tematy, nawet te najbardziej dra\u017cliwe, powinny funkcjonowa\u0107 w publicznej debacie.<\/p>\n<p>Spychanie czego\u015b do &#8222;szarej strefy&#8221; debaty publicznej, sprzyja powstawaniu teorii o spiskach i uk\u0142adach. Te za\u015b kto\u015b mo\u017ce powa\u017cnie potraktowa\u0107.<\/p>\n<p>Przypisy:<\/p>\n<p>(1) W p\u00f3\u017aniejszych latach, zbrodnie III Rzeszy i rola ZSRR w jej pokonaniu odegra\u0142y ogromna rol\u0119 je\u015bli chodzi o popularno\u015b\u0107 ideologii komunistycznej i ZSRR w zachodnioeuropejskich \u015brodowiskach m.in. intelektualist\u00f3w, kt\u00f3rzy nie mieli &#8222;przyjemno\u015bci&#8221; osobi\u015bcie pozna\u0107 reali\u00f3w \u017cycia w bloku pa\u0144stw komunistycznych.<\/p>\n<p>&nbsp;<\/p>\n<p>&nbsp;<\/p>\n<p>&nbsp;<\/p>\n<p>&nbsp;<\/p>\n<p>&nbsp;<\/p>\n<p class=\"bawpvc-ajax-counter\" data-id=\"834\">\n","protected":false},"excerpt":{"rendered":"<p>Prosimy zapozna\u0107 si\u0119 z poni\u017cszymi tabelami pochodz\u0105cymi z pracy &#8222;Aparat <a class=\"more-link\" href=\"https:\/\/oko.pres-24.pl\/?p=834\">Czytaj dalej \u2192<\/a><\/p>\n","protected":false},"author":1,"featured_media":0,"comment_status":"open","ping_status":"closed","sticky":false,"template":"","format":"standard","meta":{"footnotes":""},"categories":[1],"tags":[],"class_list":["post-834","post","type-post","status-publish","format-standard","hentry","category-uncategorized"],"aioseo_notices":[],"_links":{"self":[{"href":"https:\/\/oko.pres-24.pl\/index.php?rest_route=\/wp\/v2\/posts\/834","targetHints":{"allow":["GET"]}}],"collection":[{"href":"https:\/\/oko.pres-24.pl\/index.php?rest_route=\/wp\/v2\/posts"}],"about":[{"href":"https:\/\/oko.pres-24.pl\/index.php?rest_route=\/wp\/v2\/types\/post"}],"author":[{"embeddable":true,"href":"https:\/\/oko.pres-24.pl\/index.php?rest_route=\/wp\/v2\/users\/1"}],"replies":[{"embeddable":true,"href":"https:\/\/oko.pres-24.pl\/index.php?rest_route=%2Fwp%2Fv2%2Fcomments&post=834"}],"version-history":[{"count":18,"href":"https:\/\/oko.pres-24.pl\/index.php?rest_route=\/wp\/v2\/posts\/834\/revisions"}],"predecessor-version":[{"id":877,"href":"https:\/\/oko.pres-24.pl\/index.php?rest_route=\/wp\/v2\/posts\/834\/revisions\/877"}],"wp:attachment":[{"href":"https:\/\/oko.pres-24.pl\/index.php?rest_route=%2Fwp%2Fv2%2Fmedia&parent=834"}],"wp:term":[{"taxonomy":"category","embeddable":true,"href":"https:\/\/oko.pres-24.pl\/index.php?rest_route=%2Fwp%2Fv2%2Fcategories&post=834"},{"taxonomy":"post_tag","embeddable":true,"href":"https:\/\/oko.pres-24.pl\/index.php?rest_route=%2Fwp%2Fv2%2Ftags&post=834"}],"curies":[{"name":"wp","href":"https:\/\/api.w.org\/{rel}","templated":true}]}}