{"id":820,"date":"2019-02-16T12:28:16","date_gmt":"2019-02-16T12:28:16","guid":{"rendered":"http:\/\/oko.pres-24.pl\/?p=820"},"modified":"2019-05-07T11:26:33","modified_gmt":"2019-05-07T11:26:33","slug":"820","status":"publish","type":"post","link":"https:\/\/oko.pres-24.pl\/?p=820","title":{"rendered":"Przypominamy nagranie Pani Izabeli Leszczyny o mechanizmie wy\u0142udzania podatku VAT."},"content":{"rendered":"<p>Na pro\u015bb\u0119 czytelnika zamieszczamy nagranie wypowiedzi Pani Minister Izabeli Leszczyny, do kt\u00f3rego odnie\u015bli\u015bmy si\u0119 w li\u015bcie otwartym zamieszczonym tutaj:<\/p>\n<blockquote class=\"wp-embedded-content\" data-secret=\"xJ78cL0sW2\"><p><a href=\"http:\/\/oko.pres-24.pl\/?p=142\">List otwarty do Pani Pos\u0142anki Izabeli Leszczyny oraz Pana Pos\u0142a Adama Sz\u0142apki.<\/a><\/p><\/blockquote>\n<p><iframe loading=\"lazy\" class=\"wp-embedded-content\" sandbox=\"allow-scripts\" security=\"restricted\" style=\"position: absolute; clip: rect(1px, 1px, 1px, 1px);\" src=\"http:\/\/oko.pres-24.pl\/?p=142&#038;embed=true#?secret=xJ78cL0sW2\" data-secret=\"xJ78cL0sW2\" width=\"600\" height=\"338\" title=\"&#8222;List otwarty do Pani Pos\u0142anki Izabeli Leszczyny oraz Pana Pos\u0142a Adama Sz\u0142apki.&#8221; &#8212; OKO.pres-24\" frameborder=\"0\" marginwidth=\"0\" marginheight=\"0\" scrolling=\"no\"><\/iframe><\/p>\n<p>Pani Minister Leszczyna, osoba na pierwszej linii frontu obrony polityki PO-PSL zwi\u0105zanej z VAT pokazuje, \u017ce nie ma poj\u0119cia na czym polega\u0142 proceder wy\u0142udzania podatku.<\/p>\n<audio class=\"wp-audio-shortcode\" id=\"audio-820-1\" preload=\"none\" style=\"width: 100%;\" controls=\"controls\"><source type=\"audio\/wav\" src=\"http:\/\/oko.pres-24.pl\/wp-content\/uploads\/2019\/02\/Leszczyna-vat-komorki.wav?_=1\" \/><a href=\"http:\/\/oko.pres-24.pl\/wp-content\/uploads\/2019\/02\/Leszczyna-vat-komorki.wav\">http:\/\/oko.pres-24.pl\/wp-content\/uploads\/2019\/02\/Leszczyna-vat-komorki.wav<\/a><\/audio>\n<p>Niestety podpowiedzi Pana Redaktora Wr\u00f3bla nie pomagaj\u0105 i Pani Leszczyna brnie dalej.<\/p>\n<p>Smutne.<\/p>\n<p>ps.<\/p>\n<p>Pani Minister strasznie si\u0119 zakr\u0119ci\u0142a by nie zej\u015b\u0107 na temat wy\u0142udzania VAT poprzez puste faktury w czasach rz\u0105d\u00f3w PO-PSL, skoro jednak wr\u00f3cili\u015bmy do tematu, wyja\u015bnienia wymaga jedna kwestia.<\/p>\n<p>Atakowano wypowied\u017a Premiera Morawieckiego, i w tym kierunku zamierza\u0142a zapewne i\u015b\u0107 Pani Pose\u0142, za m\u00f3wienie o karuzeli VAT w kontek\u015bcie wzrostu gospodarczego i obliczania PKB.<\/p>\n<p>Rzeczywi\u015bcie, stosuj\u0105c wz\u00f3r do obliczenia tego wska\u017anika, import, nawet fikcyjny, powinien si\u0119 znosi\u0107 z eksportem, zw\u0142aszcza je\u015bli dotycz\u0105 one tego samego towaru. Nie zmienia to faktu, \u017ce je\u015bli &#8222;towar&#8221; to w rzeczywisto\u015bci pusta faktura, to bud\u017cet pa\u0144stwa traci realne pieni\u0105dze.<\/p>\n<p>Sprawa nie jest jednak taka oczywista i odsy\u0142amy Pa\u0144stwa do opinii, nieupolitycznionych ekonomist\u00f3w, powo\u0142uj\u0105cych si\u0119 na analizy specjalist\u00f3w z Wielkiej Brytanii:<\/p>\n<p>http:\/\/maketaxeasier.pl\/uncategorized\/morawiecki-racje-karuzele-vat-zawyzaja-wzrost-pkb\/<\/p>\n<p>Cytat:<\/p>\n<p>&#8222;\u015awietnie <a href=\"https:\/\/t.co\/tMpwAUo6VP\">t\u0142umacz\u0105 to brytyjscy statystycy<\/a>. Ot\u00f3\u017c dane o eksporcie s\u0105 w pe\u0142ni rejestrowane przez urz\u0105d statystyczny, poniewa\u017c eksport co do zasady jest deklarowany przez oszust\u00f3w. Z kolei import towaru z innego pa\u0144stwa UE nie zawsze jest deklarowany przez przest\u0119pc\u00f3w, a wi\u0119c cz\u0119sto transakcje te nie s\u0105 rejestrowane dla cel\u00f3w statystycznych. <strong>Karuzele VAT w praktyce prowadz\u0105 wi\u0119c w pewnym zakresie do zawy\u017cenia danych o eksporcie.<\/strong><\/p>\n<p>W zwi\u0105zku z b\u0142\u0119dem powodowanym przez karuzele VAT, Wielka Brytania korygowa\u0142a (w d\u00f3\u0142) w\u0142asne szacunki o wzro\u015bcie PKB nawet o 0,2 punktu procentowego rocznie w latach 2000 i 2001. W tym czasie, brytyjska luka VAT wynosi\u0142a ok. 16% potencjalnych wp\u0142yw\u00f3w podatkowych.&#8221;<\/p>\n<p>To oczywi\u015bcie by\u0142by tylko u\u0142amek kwot, w kontek\u015bcie kt\u00f3rych toczy\u0142a si\u0119 dyskusja.<\/p>\n<p>Warto by jednak zbada\u0107 nast\u0119puj\u0105ce kwestie:<\/p>\n<p>1. Czy w okresie o kt\u00f3rym mowa, istnia\u0142a i by\u0142a stosowana procedura weryfikacji, czy towar eksportowany (rzeczywi\u015bcie lub nie) zosta\u0142 wyprodukowany w Polsce, skoro nie mo\u017cna potwierdzi\u0107 faktu jego importu (nawet w postaci pustych faktur), a s\u0105 to np. telefony kom\u00f3rkowe, a wi\u0119c produkt niewytwarzany w naszym kraju?<\/p>\n<p>2. Czy dane przekazywane do GUS zawiera\u0142y rzetelne dane odno\u015bnie importu i eksportu. Propaganda sukcesu nie zna barw partyjnych, a dobre wyniki gospodarcze, prawdziwe b\u0105d\u017a nie, daj\u0105 rz\u0105dowi mocny argument w komunikacji ze spo\u0142ecze\u0144stwem (vide &#8222;Zielona wyspa&#8221;).<\/p>\n<p>W sytuacji, gdy wiemy na pewno, i\u017c karuzela VAT by\u0142a powa\u017cnym problemem, warto by zbada\u0107, czy w danych opracowywanych przez GUS, nie zagubi\u0142o si\u0119 nieco informacji o (rzeczywistym b\u0105d\u017a nie) imporcie. Napompowany w ten spos\u00f3b eksport mia\u0142by znaczny wp\u0142yw na PKB.<\/p>\n<p>&nbsp;<\/p>\n<p>&nbsp;<\/p>\n<p>&nbsp;<\/p>\n<p class=\"bawpvc-ajax-counter\" data-id=\"820\">\n","protected":false},"excerpt":{"rendered":"<p>Na pro\u015bb\u0119 czytelnika zamieszczamy nagranie wypowiedzi Pani Minister Izabeli Leszczyny, <a class=\"more-link\" href=\"https:\/\/oko.pres-24.pl\/?p=820\">Czytaj dalej \u2192<\/a><\/p>\n","protected":false},"author":1,"featured_media":0,"comment_status":"open","ping_status":"closed","sticky":false,"template":"","format":"standard","meta":{"footnotes":""},"categories":[1],"tags":[],"class_list":["post-820","post","type-post","status-publish","format-standard","hentry","category-uncategorized"],"aioseo_notices":[],"_links":{"self":[{"href":"https:\/\/oko.pres-24.pl\/index.php?rest_route=\/wp\/v2\/posts\/820","targetHints":{"allow":["GET"]}}],"collection":[{"href":"https:\/\/oko.pres-24.pl\/index.php?rest_route=\/wp\/v2\/posts"}],"about":[{"href":"https:\/\/oko.pres-24.pl\/index.php?rest_route=\/wp\/v2\/types\/post"}],"author":[{"embeddable":true,"href":"https:\/\/oko.pres-24.pl\/index.php?rest_route=\/wp\/v2\/users\/1"}],"replies":[{"embeddable":true,"href":"https:\/\/oko.pres-24.pl\/index.php?rest_route=%2Fwp%2Fv2%2Fcomments&post=820"}],"version-history":[{"count":9,"href":"https:\/\/oko.pres-24.pl\/index.php?rest_route=\/wp\/v2\/posts\/820\/revisions"}],"predecessor-version":[{"id":1110,"href":"https:\/\/oko.pres-24.pl\/index.php?rest_route=\/wp\/v2\/posts\/820\/revisions\/1110"}],"wp:attachment":[{"href":"https:\/\/oko.pres-24.pl\/index.php?rest_route=%2Fwp%2Fv2%2Fmedia&parent=820"}],"wp:term":[{"taxonomy":"category","embeddable":true,"href":"https:\/\/oko.pres-24.pl\/index.php?rest_route=%2Fwp%2Fv2%2Fcategories&post=820"},{"taxonomy":"post_tag","embeddable":true,"href":"https:\/\/oko.pres-24.pl\/index.php?rest_route=%2Fwp%2Fv2%2Ftags&post=820"}],"curies":[{"name":"wp","href":"https:\/\/api.w.org\/{rel}","templated":true}]}}