{"id":807,"date":"2019-02-13T12:29:12","date_gmt":"2019-02-13T12:29:12","guid":{"rendered":"http:\/\/oko.pres-24.pl\/?p=807"},"modified":"2019-02-13T12:33:13","modified_gmt":"2019-02-13T12:33:13","slug":"o-sprycie-redaktorki-r-kim-i-bestialstwie-policji-czyli-wspominamy-marsz-onr","status":"publish","type":"post","link":"https:\/\/oko.pres-24.pl\/?p=807","title":{"rendered":"O sprycie Redaktorki Renaty Kim i bestialstwie policji, czyli wspominamy marsz ONR."},"content":{"rendered":"<p>Nadrabiamy zaleg\u0142o\u015bci i cofamy si\u0119 do wstrz\u0105saj\u0105cej relacji naszej ulubionej Pani Redaktorki Renaty Kim z marszu ONR, kt\u00f3ry mia\u0142 miejsce 15 sierpnia 2018 r. w Warszawie.<\/p>\n<p>\u015awietna relacja, a przy tym Pani Redaktorka pokaza\u0142a, \u017ce profesjonalny dziennikarz musi odznacza\u0107 si\u0119 nie lada sprytem.<\/p>\n<p>Pos\u0142uchajmy (Pani Kim po kr\u00f3tkim wprowadzeniu Pani Redaktorki Warakomskiej):<\/p>\n<audio class=\"wp-audio-shortcode\" id=\"audio-807-1\" preload=\"none\" style=\"width: 100%;\" controls=\"controls\"><source type=\"audio\/wav\" src=\"http:\/\/oko.pres-24.pl\/wp-content\/uploads\/2019\/02\/Kim_Przeszla.wav?_=1\" \/><a href=\"http:\/\/oko.pres-24.pl\/wp-content\/uploads\/2019\/02\/Kim_Przeszla.wav\">http:\/\/oko.pres-24.pl\/wp-content\/uploads\/2019\/02\/Kim_Przeszla.wav<\/a><\/audio>\n<p>Pomy\u015blmy jakie mo\u017cliwo\u015bci stwarza tak sprytna strategia. Jeste\u015bmy w\u015br\u00f3d manifestant\u00f3w, manifestujemy co\u015b razem z nimi i np. rzucamy kamieniem (Pani Kim tego nie robi\u0142a, opisujemy tu mo\u017cliwo\u015bci jakie stwarza jej strategia). Policja chce nas wyci\u0105gn\u0105\u0107 z t\u0142umu, a my sprytnie sami z niego wyskakujemy i o\u015bwiadczamy, \u017ce jeste\u015bmy dziennikarzem na s\u0142u\u017cbie i w\u0142a\u015bnie relacjonujemy wydarzenia. Co do osoby kt\u00f3ra rzuca\u0142a, by\u0142 to manifestant, a my przecie\u017c w tej chwili jeste\u015bmy reporterem. Majstersztyk.<\/p>\n<p>Dalej Pani Redaktor opisuje wstrz\u0105saj\u0105c\u0105 brutalno\u015b\u0107 policji:<\/p>\n<audio class=\"wp-audio-shortcode\" id=\"audio-807-2\" preload=\"none\" style=\"width: 100%;\" controls=\"controls\"><source type=\"audio\/wav\" src=\"http:\/\/oko.pres-24.pl\/wp-content\/uploads\/2019\/02\/Kim_Komunikat_Policji.wav?_=2\" \/><a href=\"http:\/\/oko.pres-24.pl\/wp-content\/uploads\/2019\/02\/Kim_Komunikat_Policji.wav\">http:\/\/oko.pres-24.pl\/wp-content\/uploads\/2019\/02\/Kim_Komunikat_Policji.wav<\/a><\/audio>\n<p>Nie pomni na zasady humanitarne i ludzkie uczucia, bezwzgl\u0119dni i okrutni policjanci o\u015bmielaj\u0105 si\u0119 wzywa\u0107 wielokrotnie do rozej\u015bcia si\u0119 nielegalnej manifestacji. Co gorsza, ponawiaj\u0105 komunikat i ponawiaj\u0105.<\/p>\n<p>Przera\u017ceni tak brutaln\u0105 ingerencj\u0105 policji, blokuj\u0105ce przemarsz narodowc\u00f3w osoby&#8230; siedz\u0105 gdzie siedzia\u0142y.<\/p>\n<p>Obja\u015bnienie:<\/p>\n<p>Powy\u017csza sytuacja to tzw. obywatelskie niepos\u0142usze\u0144stwo. Jest to \u015bwiadome \u0142amanie prawa w poczuciu, i\u017c jakie\u015b prawo jest z\u0142e, krzywdz\u0105ce, niesprawiedliwe. Ludzie stosuj\u0105cy j\u0105 kieruj\u0105 si\u0119 zazwyczaj szlachetnymi pobudkami i nie w\u0105tpimy, i\u017c wi\u0119kszo\u015b\u0107 protestuj\u0105cych takowe mia\u0142a, blokuj\u0105c, w ich mniemaniu, przemarsz faszyst\u00f3w.<\/p>\n<p>Przemarsz ONR by\u0142 jednak zg\u0142oszony i legalny, a akcja jego blokowania nie, st\u0105d nawo\u0142ywanie policji.<\/p>\n<p>Rzecz\u0105 kluczow\u0105 jest to, i\u017c postawa obywatelskiego niepos\u0142usze\u0144stwa wi\u0105\u017ce si\u0119 z poniesieniem konsekwencji za \u015bwiadome z\u0142amanie prawa. W ostatecznym rachunku pozwala to (w za\u0142o\u017ceniu) odnie\u015b\u0107 tzw. moralne zwyci\u0119stwo.<\/p>\n<p>Wracamy do przyg\u00f3d Redaktorki Kim:<\/p>\n<audio class=\"wp-audio-shortcode\" id=\"audio-807-3\" preload=\"none\" style=\"width: 100%;\" controls=\"controls\"><source type=\"audio\/wav\" src=\"http:\/\/oko.pres-24.pl\/wp-content\/uploads\/2019\/02\/Kim_Wyproszona.wav?_=3\" \/><a href=\"http:\/\/oko.pres-24.pl\/wp-content\/uploads\/2019\/02\/Kim_Wyproszona.wav\">http:\/\/oko.pres-24.pl\/wp-content\/uploads\/2019\/02\/Kim_Wyproszona.wav<\/a><\/audio>\n<p>Zwracamy uwag\u0119 Pa\u0144stwa na brutalno\u015b\u0107 j\u0119zyka \u015blepego narz\u0119dzia w\u0142adzy, jakim jest funkcjonariusz policji, a ju\u017c j\u0119zyk ONR-owc\u00f3w wobec Pani Redaktorki po prostu nokautuje. (Zastanawiali\u015bmy si\u0119 czy to ironia, gdy\u017c z ust tzw. &#8222;wygolonych osi\u0142k\u00f3w&#8221; spodziewaliby\u015bmy si\u0119 nieco innych zwrot\u00f3w wypraszaj\u0105cych Pani\u0105 Redaktork\u0119 z ich grona. Pani Kim zdaje si\u0119 to jednak m\u00f3wi\u0107 na powa\u017cnie.&#8221;)<\/p>\n<p>Tak w og\u00f3le to przed kim policjanci ochraniali funkcjonariuszy wynosz\u0105cych blokuj\u0105ce przemarsz osoby?<\/p>\n<p>Opis\u00f3w brutalno\u015bci policji ci\u0105g dalszy:<\/p>\n<audio class=\"wp-audio-shortcode\" id=\"audio-807-4\" preload=\"none\" style=\"width: 100%;\" controls=\"controls\"><source type=\"audio\/wav\" src=\"http:\/\/oko.pres-24.pl\/wp-content\/uploads\/2019\/02\/Kim_brytalnosc_policji.wav?_=4\" \/><a href=\"http:\/\/oko.pres-24.pl\/wp-content\/uploads\/2019\/02\/Kim_brytalnosc_policji.wav\">http:\/\/oko.pres-24.pl\/wp-content\/uploads\/2019\/02\/Kim_brytalnosc_policji.wav<\/a><\/audio>\n<p>Protestuj\u0105cy byli podnoszeni, wynoszeni i, jak si\u0119 domy\u015blamy, k\u0142adzeni w miejscu nieutrudniaj\u0105cym legalnego przemarszu. Doprawdy&#8230; po co maj\u0105 te &#8222;ci\u0119\u017ckie buciory&#8221;? Nie mogli kopn\u0105\u0107?<\/p>\n<p>Opis Redaktorki Kim to wzorcowy przyk\u0142ad interwencji policji. Tak w\u0142a\u015bnie powinni funkcjonariusze reagowa\u0107, przy u\u017cyciu minimum si\u0142y fizycznej.<\/p>\n<p>Ostatni fragment to kompromitacja narodowc\u00f3w. Totalna i ca\u0142kowita. Niech kto\u015b jeszcze spr\u00f3buje kojarzy\u0107 ich z t\u0119p\u0105, brutaln\u0105 si\u0142\u0105 i bandyckimi wyskokami.<\/p>\n<audio class=\"wp-audio-shortcode\" id=\"audio-807-5\" preload=\"none\" style=\"width: 100%;\" controls=\"controls\"><source type=\"audio\/wav\" src=\"http:\/\/oko.pres-24.pl\/wp-content\/uploads\/2019\/02\/Kim_Narodowcy_Omineli.wav?_=5\" \/><a href=\"http:\/\/oko.pres-24.pl\/wp-content\/uploads\/2019\/02\/Kim_Narodowcy_Omineli.wav\">http:\/\/oko.pres-24.pl\/wp-content\/uploads\/2019\/02\/Kim_Narodowcy_Omineli.wav<\/a><\/audio>\n<p>Zgraja tych obdarzanych cz\u0119sto mianem &#8222;wygolonych osi\u0142k\u00f3w&#8221;, omin\u0119\u0142a (s\u0142owa Pani Kim) &#8222;garstk\u0119 ludzi&#8221; i tch\u00f3rzliwie przesz\u0142a bokiem, w asy\u015bcie &#8222;ochraniaj\u0105cych ich&#8221; policjant\u00f3w.<\/p>\n<p>To byli chyba ci sami, kt\u00f3rzy nie dali rady Panu Szume\u0142dzie, co opisali\u015bmy tutaj:<\/p>\n<blockquote class=\"wp-embedded-content\" data-secret=\"sh2mo1gqUA\"><p><a href=\"http:\/\/oko.pres-24.pl\/?p=137\">Cieniasy z ONR.<\/a><\/p><\/blockquote>\n<p><iframe loading=\"lazy\" class=\"wp-embedded-content\" sandbox=\"allow-scripts\" security=\"restricted\" style=\"position: absolute; clip: rect(1px, 1px, 1px, 1px);\" src=\"http:\/\/oko.pres-24.pl\/?p=137&#038;embed=true#?secret=sh2mo1gqUA\" data-secret=\"sh2mo1gqUA\" width=\"600\" height=\"338\" title=\"&#8222;Cieniasy z ONR.&#8221; &#8212; OKO.pres-24\" frameborder=\"0\" marginwidth=\"0\" marginheight=\"0\" scrolling=\"no\"><\/iframe><\/p>\n<p>Fragmenty nagra\u0144 pochodz\u0105 z czwartkowego &#8222;Poranka w radiu TOK FM&#8221; z 16 sierpnia 2018 r.<\/p>\n<p class=\"bawpvc-ajax-counter\" data-id=\"807\">\n","protected":false},"excerpt":{"rendered":"<p>Nadrabiamy zaleg\u0142o\u015bci i cofamy si\u0119 do wstrz\u0105saj\u0105cej relacji naszej ulubionej <a class=\"more-link\" href=\"https:\/\/oko.pres-24.pl\/?p=807\">Czytaj dalej \u2192<\/a><\/p>\n","protected":false},"author":1,"featured_media":0,"comment_status":"open","ping_status":"closed","sticky":false,"template":"","format":"standard","meta":{"footnotes":""},"categories":[1],"tags":[],"class_list":["post-807","post","type-post","status-publish","format-standard","hentry","category-uncategorized"],"aioseo_notices":[],"_links":{"self":[{"href":"https:\/\/oko.pres-24.pl\/index.php?rest_route=\/wp\/v2\/posts\/807","targetHints":{"allow":["GET"]}}],"collection":[{"href":"https:\/\/oko.pres-24.pl\/index.php?rest_route=\/wp\/v2\/posts"}],"about":[{"href":"https:\/\/oko.pres-24.pl\/index.php?rest_route=\/wp\/v2\/types\/post"}],"author":[{"embeddable":true,"href":"https:\/\/oko.pres-24.pl\/index.php?rest_route=\/wp\/v2\/users\/1"}],"replies":[{"embeddable":true,"href":"https:\/\/oko.pres-24.pl\/index.php?rest_route=%2Fwp%2Fv2%2Fcomments&post=807"}],"version-history":[{"count":6,"href":"https:\/\/oko.pres-24.pl\/index.php?rest_route=\/wp\/v2\/posts\/807\/revisions"}],"predecessor-version":[{"id":818,"href":"https:\/\/oko.pres-24.pl\/index.php?rest_route=\/wp\/v2\/posts\/807\/revisions\/818"}],"wp:attachment":[{"href":"https:\/\/oko.pres-24.pl\/index.php?rest_route=%2Fwp%2Fv2%2Fmedia&parent=807"}],"wp:term":[{"taxonomy":"category","embeddable":true,"href":"https:\/\/oko.pres-24.pl\/index.php?rest_route=%2Fwp%2Fv2%2Fcategories&post=807"},{"taxonomy":"post_tag","embeddable":true,"href":"https:\/\/oko.pres-24.pl\/index.php?rest_route=%2Fwp%2Fv2%2Ftags&post=807"}],"curies":[{"name":"wp","href":"https:\/\/api.w.org\/{rel}","templated":true}]}}