{"id":792,"date":"2019-02-12T11:10:55","date_gmt":"2019-02-12T11:10:55","guid":{"rendered":"http:\/\/oko.pres-24.pl\/?p=792"},"modified":"2019-04-08T09:14:29","modified_gmt":"2019-04-08T09:14:29","slug":"pomagamy-prof-matczakowi-czyli-o-tym-jak-tytuly-naukowe-sprzyjaja-demagogi","status":"publish","type":"post","link":"https:\/\/oko.pres-24.pl\/?p=792","title":{"rendered":"Pomagamy prof. Matczakowi, czyli o tym, jak tytu\u0142y naukowe sprzyjaj\u0105 demagogi."},"content":{"rendered":"<p>Pomagamy prof. Matczakowi, czyli o tym, jak tytu\u0142y naukowe sprzyjaj\u0105 demagogi.<\/p>\n<p>Pan prof. Matczak b\u0119dzie, jak s\u0105dzimy, ministrem sprawiedliwo\u015bci gdy PiS zostanie odsuni\u0119ty od w\u0142adzy. Jest wszak jeszcze dosy\u0107 m\u0142ody.<\/p>\n<p>Prawd\u0119 m\u00f3wi\u0105c mamy nawet na to nadziej\u0119, gdy\u017c alternatywa w postaci by\u0142ego ministra Borysa Budki nas przera\u017ca. Pomi\u0144my ju\u017c kwesti\u0119 mokrego mopa i jego charyzmy. Nas niepokoi przede wszystkim brak poczucia humoru u Pana Budki, a wszyscy wiemy czego oznak\u0105 jest poczucie humoru.<\/p>\n<p>Prof. Matczak sk\u0142oni\u0142 nas do nast\u0119puj\u0105cej refleksji: czy wykszta\u0142cenie ma zwi\u0105zek z moralno\u015bci\u0105? Czy w parze z tytu\u0142ami naukowymi oraz przynajmniej teoretycznie zdobywan\u0105 wraz z nimi wiedz\u0105, nie powinny i\u015b\u0107 wy\u017csze standardy moralne? W idealnym \u015bwiecie mo\u017ce i tak, a jak w realnym?<\/p>\n<p>Wykszta\u0142ceni ludzie (tak naprawd\u0119, nie papierowo), posiadaj\u0105cy dar elokwencji, potrafi\u0105 sprawnie w\u0142ada\u0107 podstawow\u0105 w demokracji broni\u0105 jak\u0105 jest demagogia.<\/p>\n<p>Dzi\u0119ki opanowaniu jej warsztatu mo\u017cna, zarysowawszy szczytny cel, nagina\u0107 i przeinacza\u0107, manipulowa\u0107 i insynuowa\u0107, os\u0142aniaj\u0105c si\u0119 presti\u017cem tytu\u0142u naukowego.<\/p>\n<p>Poni\u017cej zamieszczamy nagrania wypowiedzi prof. Matczaka z rozmowy z Redaktorem Lizutem (TOK FM, audycja &#8222;A teraz na powa\u017cnie&#8221;), z lipca 2018 r. C\u00f3\u017c&#8230; Pan Profesor brzmi bardzo autentycznie ale nie wiemy co by by\u0142o gorsze, jego autentyczna wiara w to co m\u00f3wi, czy \u015bwiadoma manipulacja.<\/p>\n<p>W pierwszym bowiem przypadku by\u0142aby to do\u015b\u0107 powa\u017cna kompromitacja pod wzgl\u0119dem zawodowym.<\/p>\n<p>Niech wi\u0119c Profesor przem\u00f3wi:<\/p>\n<audio class=\"wp-audio-shortcode\" id=\"audio-792-1\" preload=\"none\" style=\"width: 100%;\" controls=\"controls\"><source type=\"audio\/wav\" src=\"http:\/\/oko.pres-24.pl\/wp-content\/uploads\/2019\/02\/Matczak_targowica.wav?_=1\" \/><a href=\"http:\/\/oko.pres-24.pl\/wp-content\/uploads\/2019\/02\/Matczak_targowica.wav\">http:\/\/oko.pres-24.pl\/wp-content\/uploads\/2019\/02\/Matczak_targowica.wav<\/a><\/audio>\n<p>Om\u00f3wienia wymagaj\u0105 dwie kwestie.<\/p>\n<p>Panie Profesorze!<\/p>\n<p>Targowiczanie chcieli broni\u0107 panuj\u0105cego w Polsce systemu prawnego zwracaj\u0105c si\u0119 o pomoc do s\u0105siada. Pan, podpisuj\u0105c si\u0119 pod listem, apelem o interwencj\u0119 b\u0119d\u0105cym inicjatyw\u0105 prof. Sadurskiego, robi dok\u0142adnie to samo.<\/p>\n<p>Zak\u0142adaj\u0105c i\u017c maj\u0105 Panowie racj\u0119 i rz\u0105d Prawa i Sprawiedliwo\u015bci zmienia obowi\u0105zuj\u0105cy w Polsce ustr\u00f3j, to jest to dok\u0142adnie to samo co uczyniono podczas fina\u0142u Sejmu Wielkiego.<\/p>\n<p>Konstytucj\u0119 3 Maja, przeciw kt\u00f3rej Targowica wyst\u0105pi\u0142a, uchwalono niezgodnie z prawem, wykorzystuj\u0105c nieobecno\u015b\u0107 potencjalnie nieprzychylnych pos\u0142\u00f3w podczas przerwy \u015bwi\u0105tecznej.<\/p>\n<p>Targowica broni\u0142a wi\u0119c dotychczasowego prawa funkcjonuj\u0105cego w RP Szlacheckiej, kt\u00f3re zmienia\u0142a przyj\u0119ta Konstytucja.<\/p>\n<p>S\u0119k w tym, \u017ce dotychczasowe prawo by\u0142o z\u0142e dla kraju, anarchizowa\u0142o Polsk\u0119, a reformy Sejmu Wielkiego z wie\u0144cz\u0105cym go zamachem stanu w postaci Ustawy Majowej, mia\u0142y poprzez wzmocnienie w\u0142adzy centralnej umocni\u0107 kraj na arenie mi\u0119dzynarodowej.<\/p>\n<p>Czy\u017c nie wzmocnienie w\u0142adzy centralnej Zjednoczona Prawica przeprowadza?<\/p>\n<p>Nasi s\u0105siedzi, prze\u017cywaj\u0105cy w XVIII w. czasy swojej \u015bwietno\u015bci, funkcjonowali jako monarchie absolutne, zwane o\u015bwieconymi i ka\u017cda z nich by\u0142o wzmocnieniu RP Szlacheckiej przeciwne.<\/p>\n<p>Skutecznie wciela\u0142y w \u017cycie zasad\u0119, by t\u0119pi\u0107 warcholstwo u siebie, a sprzyja\u0107 mu u s\u0105siad\u00f3w.<\/p>\n<p>Dlaczego w Petersburgu zawi\u0105zano Konfederacj\u0119 w Targowicy (czy\u017c nie pi\u0119kne to zdanie :D)?<\/p>\n<p>Szcz\u0119sny-Potocki, Rzewuski i Branicki bronili swojej uprzywilejowanej pozycji.<\/p>\n<p>Dostrzega Pan analogi\u0119 z tym co Pan robi, Panie Profesorze, reprezentuj\u0105c \u015brodowiska prawnicze przeciwne reformom?<\/p>\n<p>Mo\u017cna ca\u0142\u0105 spraw\u0119 ubiera\u0107 w pi\u0119kne deklaracje, w rzeczywisto\u015bci jest to po prostu obrona w\u0142asnej grupy.<\/p>\n<p>List prof. Sadurskiego, pod kt\u00f3rym r\u00f3wnie\u017c i Pan z\u0142o\u017cy\u0142 podpis to nic innego, jak wsp\u00f3\u0142czesny odpowiednik Targowicy.<\/p>\n<p>Drugi w\u0105tek kt\u00f3ry nas zadziwia w wypowiedzi prof. Matczaka, to prawda objawiona, jak\u0105 najwyra\u017aniej w \u015bwiadomo\u015bci Pana Profesora sta\u0142o si\u0119 referendum unijne z 2003 r.<\/p>\n<p>Pana stanowisko przypomina nam postaw\u0119 fanatyka religijnego, kt\u00f3ry przyj\u0105\u0142 jaki\u015b dogmat za niepodwa\u017calny, nie podlegaj\u0105cy dyskusji i w oparciu o niego konstruuje wizj\u0119 \u015bwiata, nie licz\u0105c si\u0119 z obiektywnymi czynnikami.<\/p>\n<p>Takie my\u015blenie jest dopuszczalne jedynie w przypadku praw cz\u0142owieka, przyj\u0119tych jako podstawowy konstrukt. Nadawanie takiej samej rangi wynikowi referendum to dla prawnika kompromitacja.<\/p>\n<p>Co to znaczy, \u017ce suweren zdecydowa\u0142 i tak ma by\u0107.<\/p>\n<p>Schodz\u0105c na ten poziom argumentacji mo\u017cna powiedzie\u0107, \u017ce \u017cona pozostaje w zwi\u0105zku, cho\u0107 jej m\u0105\u017c j\u0105 bije, a taki fajny by\u0142 przed \u015blubem.<\/p>\n<p>Co je\u015bli suweren po jakim\u015b czasie b\u0119dzie uwa\u017ca\u0142 inaczej? Przecie\u017c to fundament demokracji, \u017ce spo\u0142ecze\u0144stwo, np. w wyborach, b\u0119d\u0105cych w ko\u0144cu form\u0105 referendum, cz\u0119sto zmienia swoje zdanie.<\/p>\n<p>Suweren w pa\u0144stwach zachodnich robi\u0142 tak nie raz, w referendach w\u0142a\u015bnie, je\u015bli chodzi o kwestie zwi\u0105zane z funkcjonowaniem UE.<\/p>\n<p>Unia Europejska jest cia\u0142em dynamicznym. Zmienia\u0142a si\u0119, cofa\u0142a pod wp\u0142ywem referend\u00f3w narodowych, czy rozgrywek poszczeg\u00f3lnych pa\u0144stw w obronie swoich interes\u00f3w.<\/p>\n<p>Pana zdaniem z powodu referendum akcesyjnego Polska powinna odt\u0105d wszystkiemu co p\u0142ynie z Brukseli przyklaskiwa\u0107? Jakie\u015b negocjacje? Wypracowanie kompromisu?<\/p>\n<p>Pami\u0119ta Pan jeszcze Traktat z Nicei? Mia\u0142 okre\u015bla\u0107 pozycj\u0119 Polski w UE i by\u0142 korzystny dla naszego kraju. D\u0142ugo nie pookre\u015bla\u0142.<\/p>\n<p>Stanowisko kt\u00f3re Pan prezentuje to kompromitacja dla prawnika. Prawo, r\u00f3wnie\u017c mi\u0119dzynarodowe, ma by\u0107 stabilne ale postulowanie by stanowi\u0142o nienaruszalny dogmat to parodia.<\/p>\n<p>Chyba jedynymi trwa\u0142ymi przyk\u0142adami prawa stanowionego s\u0105 postanowienia Kongresu Wiede\u0144skiego o neutralno\u015bci Szwajcarii oraz ustanowiony tam protok\u00f3\u0142 dyplomatyczny. Nie maja one jednak z procedurami demokratycznymi i suwerenem wiele wsp\u00f3lnego, a swoj\u0105 d\u0142ugowieczno\u015b\u0107 zawdzi\u0119czaj\u0105 temu, \u017ce nie naruszaj\u0105 czyichkolwiek interes\u00f3w, s\u0105 absolutnie neutralne dla wszystkich stron (no&#8230; wiadomo po co ta neutralno\u015b\u0107 Szwajcarii by\u0142a ale i tak si\u0119 wszystkim op\u0142aci\u0142a).<\/p>\n<p>Referenda za\u015b maj\u0105 to do siebie, \u017ce lubi\u0105 si\u0119 powtarza\u0107, gdy klimat polityczno-spo\u0142eczny ulega zmianie.<\/p>\n<p>M\u00f3wienie wi\u0119c w roku 2018, \u017ce co\u015b musi by\u0107 tak, a nie inaczej, bo w 2003 r. suweren tak zadecydowa\u0142, to najczystsza forma demagogii. Zreszt\u0105 po to ustanowiono Traktat Nicejski, by zach\u0119ci\u0107 Polak\u00f3w do akcesji. Skoro wi\u0119c wkr\u00f3tce potem odszed\u0142 on w niebyt, to z\u0142o\u015bliwie mo\u017cna by powiedzie\u0107, \u017ce czyni to referendum niewa\u017cnym.<\/p>\n<p>Przecie\u017c to normalne, \u017ce w ka\u017cdej organizacji, r\u00f3wnie\u017c mi\u0119dzynarodowej, o kierunku zmian decyduj\u0105 gry interes\u00f3w, utarczki, spory i w rezultacie zawierane porozumienia.<\/p>\n<p>Robi Pan z referendum unijnego \u015bwi\u0119to\u015b\u0107, niech Pan sobie przypomni jak kombinowano, by zdoby\u0107 ponad 50% g\u0142os\u00f3w. \ud83d\ude00 Unikano temat\u00f3w, o kt\u00f3rych teraz si\u0119 m\u00f3wi, bo przecie\u017c zgodzili\u015bmy si\u0119 na nie w referendum. Dwa dni g\u0142osowania. Cel u\u015bwi\u0119ca \u015brodki.<\/p>\n<p>C\u00f3\u017c&#8230; demokracja to elastyczna kreatura i manipulowanie jej zasadami nie podoba si\u0119 zawsze tym, kt\u00f3rzy w danym momencie s\u0105 od mo\u017cliwo\u015bci naginania jej zasad odsuni\u0119ci.<\/p>\n<p>Kolejne nagranie:<\/p>\n<audio class=\"wp-audio-shortcode\" id=\"audio-792-2\" preload=\"none\" style=\"width: 100%;\" controls=\"controls\"><source type=\"audio\/wav\" src=\"http:\/\/oko.pres-24.pl\/wp-content\/uploads\/2019\/02\/matczak-przemoc-domowa.wav?_=2\" \/><a href=\"http:\/\/oko.pres-24.pl\/wp-content\/uploads\/2019\/02\/matczak-przemoc-domowa.wav\">http:\/\/oko.pres-24.pl\/wp-content\/uploads\/2019\/02\/matczak-przemoc-domowa.wav<\/a><\/audio>\n<p>i jeszcze jedno:<\/p>\n<audio class=\"wp-audio-shortcode\" id=\"audio-792-3\" preload=\"none\" style=\"width: 100%;\" controls=\"controls\"><source type=\"audio\/wav\" src=\"http:\/\/oko.pres-24.pl\/wp-content\/uploads\/2019\/02\/Matczak_tortury.wav?_=3\" \/><a href=\"http:\/\/oko.pres-24.pl\/wp-content\/uploads\/2019\/02\/Matczak_tortury.wav\">http:\/\/oko.pres-24.pl\/wp-content\/uploads\/2019\/02\/Matczak_tortury.wav<\/a><\/audio>\n<p>I kolejna dawka demagogii dla nieobeznanego z prawem s\u0142uchacza.<\/p>\n<p>Domaganie si\u0119 interwencji obcych pa\u0144stw uzasadnia Pan przyk\u0142adami z torturami i przemoc\u0105 domow\u0105.<\/p>\n<p>Zar\u00f3wno tortury, jak i przemoc domowa to naruszenie fundamentalnego prawa cz\u0142owieka, jakim jest prawo do \u017cycia, gdy\u017c w swej istocie stanowi\u0105 jego zagro\u017cenie.<\/p>\n<p>W przypadku \u0142amania podstawowych praw cz\u0142owieka, osoba pokrzywdzona ma prawo, a nawet obowi\u0105zek, skorzysta\u0107 z ka\u017cdej mo\u017cliwo\u015bci pomocy. Ba! To w europejskich demokracjach w zasadzie jedyna przes\u0142anka uzasadniaj\u0105ca wszelkie dzia\u0142anie, w\u0142\u0105cznie z mo\u017cliwo\u015bci\u0105 u\u017cycia przemocy wobec atakuj\u0105cego, gdy zagra\u017ca on naszemu \u017cyciu (obrona konieczna).<\/p>\n<p>Dowodzi Pan, \u017ce skoro w przypadku tortur mo\u017cna dochodzi\u0107 sprawiedliwo\u015bci poza granicami pa\u0144stwa, to mo\u017cna i w przypadku domniemanego \u0142amania niezale\u017cno\u015bci s\u0105d\u00f3w.<\/p>\n<p>Jakie\u017c to wi\u0119c zastrze\u017cenie wysun\u0119\u0142y organy unijne wobec &#8222;reform&#8221; rz\u0105du PiS? Nier\u00f3wny wiek emerytalny s\u0119dzi\u00f3w kobiet i m\u0119\u017cczyzn. Z tym akurat si\u0119 zgadzamy, gdy\u017c to czysto intelektualna praca i nie ma powodu r\u00f3\u017cnicowa\u0107 wieku.<\/p>\n<p>Niemniej ci\u0119\u017car zarzutu powala.<\/p>\n<p>Oczywi\u015bcie kwesti\u0119 funkcjonowania s\u0105d\u00f3w jak najbardziej, zw\u0142aszcza w kontek\u015bcie Karty Praw Podstawowych mo\u017cna powi\u0105za\u0107 z prawami cz\u0142owieka.<\/p>\n<p>Tylko \u017ce p\u00f3ki co nie ma do tego podstaw.<\/p>\n<p>Pr\u00f3ba odwo\u0142ania prof.Gersdorf \u0142ama\u0142a dos\u0142owny zapis Konstytucji i w\u0142adza si\u0119 z tej decyzji wycofa\u0142a, jednak wszystkie pozosta\u0142e posuni\u0119cia wi\u0119kszo\u015bci sejmowej w zakresie s\u0105downictwa s\u0105 kwesti\u0105 interpretacji zapis\u00f3w Ustawy Zasadniczej.<\/p>\n<p>Oczywi\u015bcie wi\u0119kszo\u015b\u0107 \u015brodowiska s\u0119dziowskiego uwa\u017ca, \u017ce Konstytucja jest \u0142amana. Opieraj\u0105 si\u0119 oni jednak wy\u0142\u0105cznie na dotychczasowej praktyce i na dotychczasowej interpretacji przepis\u00f3w.<\/p>\n<p>Funkcjonowali w tej rzeczywisto\u015bci przez szereg lat i w ramach takiej, a nie innej interpretacji niejednoznacznych zapis\u00f3w konstytucyjnych budowali swoje kariery i pozycj\u0119. By\u0142oby dziwne, gdyby nagle przychylili si\u0119 do odbiegaj\u0105cej od dotychczas funkcjonuj\u0105cej praktyki.<\/p>\n<p>W tym kontek\u015bcie wini\u0107 za ca\u0142\u0105 spraw\u0119 nale\u017cy autor\u00f3w Konstytucji, to zreszt\u0105 nie pierwszy tego typu przypadek.<\/p>\n<p>Oczywi\u015bcie dokonujemy tu interpretacji przychylnej rz\u0105dowi.<\/p>\n<p>Konstytucja jest oparta na prawach cz\u0142owieka, ale jej poszczeg\u00f3lne zapisy to \u015brodki maj\u0105ce s\u0142u\u017cy\u0107 ich przestrzeganiu. W przypadku gdy nie s\u0105 one jednoznaczne, podlegaj\u0105 one uszczeg\u00f3\u0142owieniu w aktach prawnych ni\u017cszego rz\u0119du.<\/p>\n<p>To w\u0142a\u015bnie robi obecna w\u0142adza i p\u00f3ki co nie mo\u017cna stwierdzi\u0107, i\u017c ma miejsce \u0142amanie praw podstawowych.<\/p>\n<p>Nie jest wykluczone \u017ce do tego dojdzie ale r\u00f3wnie\u017c nie jest wykluczone, \u017ce po okrzepni\u0119ciu zmian s\u0105dy b\u0119d\u0105 dzia\u0142a\u0142y sprawniej i skuteczniej realizowa\u0142y swoje zadania w duchu praworz\u0105dno\u015bci.<\/p>\n<p>Dop\u00f3ki wi\u0119c nie s\u0105 \u0142amane prawa cz\u0142owieka, je\u015bli Panu nie podoba si\u0119 &#8222;dobra zmiana&#8221;, jedyn\u0105 drog\u0105 odsuni\u0119cia jej od w\u0142adzy s\u0105 demokratyczne wybory. Zwracanie si\u0119 o obc\u0105 interwencj\u0119 w tej sytuacji jest Targowic\u0105.<\/p>\n<p>Je\u015bli wybory odbywaj\u0105 si\u0119 zgodnie z zasadami zapisanymi w Konstytucji, a zawarte tam &#8222;przymiotniki&#8221; nie budz\u0105 zastrze\u017ce\u0144 pod k\u0105tem zasad demokratycznych, zwracaj\u0105c si\u0119 o interwencj\u0119 do zagranicznych si\u0142, d\u0105\u017cy Pan do wywarcia presji w zakresie suwerennych kompetencji demokratycznie wybranych w\u0142adz.<\/p>\n<p>Je\u015bli uwa\u017ca Pan, \u017ce Pana walka jest s\u0142uszna, prosz\u0119 apelowa\u0107 do wyborc\u00f3w o g\u0142osowanie zgodne z Pana apelami. Nikt nie zabrania Panu wypowiada\u0107 si\u0119 i jest to najlepszy dow\u00f3d na to, i\u017c m\u00f3wi\u0105c o ko\u0144cu praworz\u0105dno\u015bci w Polsce nie ma Pan racji.<\/p>\n<p>Gwarancj\u0105 takiego stanu s\u0105 tzw. &#8222;wolne media&#8221;, a chyba Pana wizyty w TOK FM dowodz\u0105, i\u017c antyrz\u0105dowe media maj\u0105 si\u0119 dobrze.<\/p>\n<p>G\u0142upio si\u0119 czujemy t\u0142umacz\u0105c profesorowi prawa takie podstawy.<\/p>\n<p>Oczywi\u015bcie nie potrzeba w\u0142adzy kontroluj\u0105cej s\u0105dy, by dochodzi\u0142o do \u0142amania przez nie praw cz\u0142owieka. W takich przypadkach znajduj\u0105 zastosowanie Pana s\u0142owa o zwracaniu si\u0119 do mi\u0119dzynarodowych trybuna\u0142\u00f3w. Ma to miejsce od lat, a obywatele polscy s\u0105 zdaje si\u0119 w czo\u0142\u00f3wce skar\u017c\u0105cych.<\/p>\n<p>Niedawno mia\u0142 miejsce przypadek \u017cywcem wyj\u0119ty z Pana s\u0142\u00f3w. Do Trybuna\u0142y Praw Cz\u0142owieka, wspierana przez Helsi\u0144sk\u0105 Fundacj\u0119 Praw Cz\u0142owieka, skarg\u0119 z\u0142o\u017cy\u0142a kobieta dowodz\u0105ca, i\u017c Polska przyzwala na tortury. S\u0105d mianowicie nie nakaza\u0142 jej bratu opuszczenia mieszkania, pomimo wieloletniego zn\u0119cania si\u0119 nad ni\u0105.<\/p>\n<p>Tylko co to ma wsp\u00f3lnego z rz\u0105dami Zjednoczonej Prawicy? Pokazuje to raczej, \u017ce s\u0105downictwo potrzebuje zmian, a tym si\u0119 przeciwstawia Pana \u015brodowisko.<\/p>\n<p>Podobne przypadki to problem systemowy, trwa on od pocz\u0105tku III RP i z obecn\u0105 w\u0142adz\u0105 nie ma nic wsp\u00f3lnego. Takie patologiczne sytuacje zdarzaj\u0105 si\u0119 od narodzin naszego &#8222;niezawis\u0142ego&#8221; s\u0105downictwa.<\/p>\n<p>Mia\u0142by Pan racj\u0119, gdyby s\u0105dy, w oparciu o wol\u0119 ustawodawcy,\u00a0 sankcjonowa\u0142y \u0142amanie praw cz\u0142owieka. To jednak nie ma miejsca.<\/p>\n<p>Oczywi\u015bcie i bez odpowiednich zapis\u00f3w prawa s\u0119dziowie mog\u0105 dopuszcza\u0107 si\u0119 nadu\u017cy\u0107, gdy wyczuwaj\u0105c &#8222;atmosfer\u0119 w kraju&#8221;, chc\u0105 przypodoba\u0107 si\u0119 w\u0142adzy i licz\u0105 np. na szybsz\u0105 karier\u0119.<\/p>\n<p>W takich jednak przypadkach droga do mi\u0119dzynarodowych s\u0105d\u00f3w jest otwarta, z czego Polacy od lat korzystaj\u0105.<\/p>\n<p>W PRL mo\u017cna by\u0142o dochodzi\u0107 sprawiedliwo\u015bci jedynie przed krajowymi s\u0105dami, co by\u0142o dzia\u0142aniem heroicznym. Konstytucja z 1952 r. gwarantowa\u0142a wolno\u015bci i swobody, a nic z tego nie wynika\u0142o. Rozdzia\u0142 o podstawowych prawach i obowi\u0105zkach by\u0142 w niej najd\u0142u\u017cszy, ale niech za ca\u0142e jego podsumowanie wystarczy zdanie, i\u017c: &#8222;Nadu\u017cywanie wolno\u015bci\u00a0 sumienia i wyznania dla cel\u00f3w godz\u0105cych w PRL jest karalne&#8221;.<\/p>\n<p>Uwzgl\u0119dniaj\u0105c powy\u017cszy fakt, oraz to,\u00a0 \u017ce nie pochodz\u0105ce z demokratycznych wybor\u00f3w w\u0142adze wyklucza\u0142y z \u017cycia politycznego cz\u0119\u015b\u0107 spo\u0142ecze\u0144stwa, zwracanie si\u0119 do zagranicy z powod\u00f3w, kt\u00f3re Pan dzisiaj podnosi, by\u0142o w\u00f3wczas w pe\u0142ni uzasadnione.<\/p>\n<p>Chce Pan cofni\u0119cia reform PiS? Niech Pan namawia do g\u0142osowania na opozycj\u0119.<\/p>\n<p>Wracaj\u0105c jeszcze do przywo\u0142anych przez Pana tortur.<\/p>\n<p>Oczywi\u015bcie nie w\u0105tpimy, \u017ce np. podczas interwencji policji zdarzaj\u0105 si\u0119 przypadki kt\u00f3re mo\u017cna zakwalifikowa\u0107 jako tortury (ra\u017cenie paralizatorem zatrzymanego na posterunku) nie s\u0105 to jednak przypadki systemowe i nie ma przyzwolenia na takie i podobne post\u0119powanie.<\/p>\n<p>Czy Pan, b\u0105d\u017a kto\u015b inny z apeluj\u0105cych o interwencj\u0119 (sic!) czuje, \u017ce jego \u017cycie jest zagro\u017cone w skutek czynnego b\u0105d\u017a biernego przyzwolenia pa\u0144stwa? Mo\u017ce wolno\u015b\u0107 s\u0142owa?<\/p>\n<p>Pami\u0119ta Pan wkroczenie komandos\u00f3w do mieszkania w\u0142a\u015bciciela strony antykomor? Przypomnimy Panu, \u017ce to by\u0142o w czasach PO-PSL i by\u0142o to ewidentnym naruszeniem wolno\u015bci s\u0142owa.<\/p>\n<p>Oskar\u017ca si\u0119 obecn\u0105 w\u0142adz\u0119 o propagowanie j\u0119zyka nienawi\u015bci i przywo\u0142uje si\u0119 w tym kontek\u015bcie, nawi\u0105zuj\u0105ce do Powstania Ko\u015bciuszkowskiego, wieszanie portret\u00f3w. Tylko \u017ce to by\u0142o uczynione w \u015bwietle kamer. To by\u0142a ewidentnie akcja polityczna grupy narodowc\u00f3w pi\u0119tnuj\u0105ca, ich zdaniem, pewne postawy.<\/p>\n<p>Je\u015bli chce Pan zobaczy\u0107 dos\u0142owne nawo\u0142ywania do pope\u0142nienia zbrodni, zapraszamy dwa artyku\u0142y poni\u017cej, do obejrzenia screen\u00f3w pochodz\u0105cych z facebookowych profili os\u00f3b tytu\u0142uj\u0105cych si\u0119&#8221;obro\u0144cami demokracji&#8221;.<\/p>\n<p>&nbsp;<\/p>\n<p>Na koniec nasze ma\u0142e wyznanie, by nie uwa\u017cali Pa\u0144stw, \u017ce jeste\u015bmy przeciwni obecno\u015bci Polski w UE. Jeste\u015bmy jak najbardziej za. Niestety gdy kto\u015b podnosi zdroworozs\u0105dkowe argumenty, dowodz\u0105ce, i\u017c w Unii nie wszystko dzia\u0142a super, dostaje etykietk\u0119 &#8222;unioexitowca&#8221;.<\/p>\n<p>Opozycja zarzuca politykom PiS ch\u0119\u0107 wyprowadzanie nas z UE i jest to atak praktycznie idealny. Z miejsca spycha on do defensywy, t\u0142umaczenia si\u0119, a wiadomo, \u017ce kto si\u0119 t\u0142umaczy, ten jest winny.<\/p>\n<p>Tymczasem kluczow\u0105 kwesti\u0105 jest nie to, czy Europa powinna si\u0119 dalej integrowa\u0107, tylko jak powinna to robi\u0107.<\/p>\n<p>Nasza Redakcja gor\u0105co popiera integracj\u0119 Europy, dokonuj\u0105c\u0105 si\u0119 poprzez brak ogranicze\u0144 w przep\u0142ywie ludzi, towar\u00f3w i us\u0142ug na jej terytorium. Mamy r\u00f3wnie\u017c nadziej\u0119 na integracj\u0119 polityczn\u0105, inspirowan\u0105 oddolnymi ruchami, a nie narzucon\u0105 odg\u00f3rnie.<\/p>\n<p>S\u0142owo klucz: &#8222;oddolnie&#8221;. Europa si\u0119 zjednoczy politycznie, gdy ludzie b\u0119d\u0105 tego chcieli, a to wymaga czasu i wszystko by\u0142o na dobrej drodze, dop\u00f3ki niekt\u00f3rzy nie poczuli, \u017ce wiedz\u0105 lepiej od innych, co jest dla nich dobre.<\/p>\n<p class=\"bawpvc-ajax-counter\" data-id=\"792\">\n","protected":false},"excerpt":{"rendered":"<p>Pomagamy prof. Matczakowi, czyli o tym, jak tytu\u0142y naukowe sprzyjaj\u0105 <a class=\"more-link\" href=\"https:\/\/oko.pres-24.pl\/?p=792\">Czytaj dalej \u2192<\/a><\/p>\n","protected":false},"author":1,"featured_media":0,"comment_status":"open","ping_status":"closed","sticky":false,"template":"","format":"standard","meta":{"footnotes":""},"categories":[1],"tags":[],"class_list":["post-792","post","type-post","status-publish","format-standard","hentry","category-uncategorized"],"aioseo_notices":[],"_links":{"self":[{"href":"https:\/\/oko.pres-24.pl\/index.php?rest_route=\/wp\/v2\/posts\/792","targetHints":{"allow":["GET"]}}],"collection":[{"href":"https:\/\/oko.pres-24.pl\/index.php?rest_route=\/wp\/v2\/posts"}],"about":[{"href":"https:\/\/oko.pres-24.pl\/index.php?rest_route=\/wp\/v2\/types\/post"}],"author":[{"embeddable":true,"href":"https:\/\/oko.pres-24.pl\/index.php?rest_route=\/wp\/v2\/users\/1"}],"replies":[{"embeddable":true,"href":"https:\/\/oko.pres-24.pl\/index.php?rest_route=%2Fwp%2Fv2%2Fcomments&post=792"}],"version-history":[{"count":8,"href":"https:\/\/oko.pres-24.pl\/index.php?rest_route=\/wp\/v2\/posts\/792\/revisions"}],"predecessor-version":[{"id":886,"href":"https:\/\/oko.pres-24.pl\/index.php?rest_route=\/wp\/v2\/posts\/792\/revisions\/886"}],"wp:attachment":[{"href":"https:\/\/oko.pres-24.pl\/index.php?rest_route=%2Fwp%2Fv2%2Fmedia&parent=792"}],"wp:term":[{"taxonomy":"category","embeddable":true,"href":"https:\/\/oko.pres-24.pl\/index.php?rest_route=%2Fwp%2Fv2%2Fcategories&post=792"},{"taxonomy":"post_tag","embeddable":true,"href":"https:\/\/oko.pres-24.pl\/index.php?rest_route=%2Fwp%2Fv2%2Ftags&post=792"}],"curies":[{"name":"wp","href":"https:\/\/api.w.org\/{rel}","templated":true}]}}