{"id":770,"date":"2019-02-08T11:02:41","date_gmt":"2019-02-08T11:02:41","guid":{"rendered":"http:\/\/oko.pres-24.pl\/?p=770"},"modified":"2019-02-08T11:02:41","modified_gmt":"2019-02-08T11:02:41","slug":"czy-zabojstwo-prezydenta-adamowicza-bylo-mordem-politycznym","status":"publish","type":"post","link":"https:\/\/oko.pres-24.pl\/?p=770","title":{"rendered":"Czy zab\u00f3jstwo Prezydenta Adamowicza by\u0142o mordem politycznym?"},"content":{"rendered":"<p>Wracamy do tragedii z Gda\u0144ska i zab\u00f3jstwa Prezydenta Paw\u0142a Adamowicza.<\/p>\n<p>Zaraz po upowszechnieniu si\u0119 informacji o ataku pojawi\u0142y si\u0119 sugestie, a p\u00f3\u017aniej dos\u0142owne stwierdzenia, i\u017c to &#8222;mowa nienawi\u015bci&#8221; w wykonaniu medi\u00f3w PiS zainspirowa\u0142a morderc\u0119.<\/p>\n<p>Nawi\u0105zywano przy tym do zab\u00f3jstwa Prezydenta Gabriela Narutowicza w 1922 r. zapominaj\u0105c, \u017ce podobny mord mia\u0142 miejsce w 2010 r. Chodzi oczywi\u015bcie o zab\u00f3jstwo Marka Rosiaka. Niew\u0105tpliwie, dla zwolennik\u00f3w opozycji, przypominanie o \u0142\u00f3dzkiej tragedii jest mniej wygodne, ni\u017c nawi\u0105zywanie do zdarzenia sprzed niemal stu lat.<\/p>\n<p>Stopniowo przebija\u0142a si\u0119 jednak pami\u0119\u0107 o Marku Rosiaku, cho\u0107 oczywi\u015bcie obydwie strony sporu interpretowa\u0142y j\u0105 w kontek\u015bcie gda\u0144skich wydarze\u0144 po swojemu.<\/p>\n<p>Gdy wiemy ju\u017c niemal wszystko o Stefanie W. (czekamy na wyniki bada\u0144 psychiatrycznych), a pami\u0119\u0107 o Marku Rosiaku dotar\u0142a do szerszej opinii publicznej, to je\u015bli ju\u017c &#8222;post\u0119powe i liberalne media &#8221; wspominaj\u0105 o wydarzeniach w \u0141odzi (z rzadka), to stawiaj\u0105 znak r\u00f3wno\u015bci pomi\u0119dzy obydwoma tragediami, czego dobitnym przyk\u0142adem jest cytowana przez nas w poprzednim wpisie wypowied\u017a Pani Dominiki Wielowieyskiej (1).<\/p>\n<p>My tak nie uwa\u017camy. Dlaczego?<\/p>\n<p>O mowie nienawi\u015bci jako inspiracji dla zab\u00f3jstwa Prezydenta Adamowicza wypowiadali si\u0119 opozycyjni politycy i publicy\u015bci. Tymczasem ludzie zwi\u0105zani z wi\u0119ziennictwem rysuj\u0105 odmienny obraz.<\/p>\n<p>Poni\u017cej kr\u00f3tko relacjonujemy g\u0142\u00f3wne wnioski p\u0142yn\u0105ce z wypowiedzi opublikowanych w, UWAGA!, MEDIACH NIE KOCHAJ\u0104CYCH PRAWA I SPRAWIEDLIWO\u015aCI. Zach\u0119camy do zapoznania si\u0119 z ca\u0142o\u015bci\u0105 wywiad\u00f3w na kt\u00f3re si\u0119 powo\u0142ujemy.<\/p>\n<p>S\u0105 to:<\/p>\n<p>&#8222;Polityka&#8221;, nr 5 z 2019 r. &#8211; Rozmowa z Markiem Gajosem, by\u0142ym dyrektorem wi\u0119zienia,<\/p>\n<p>Onet, 24 stycznia 2019 r. &#8211; Miko\u0142aj Podolski, &#8221; Wsp\u00f3\u0142wi\u0119zie\u0144 z celi Stefana W.: dla niego najwa\u017cniejsze by\u0142y pieni\u0105dze i s\u0142awa&#8221;,<\/p>\n<p>Magazyn TVN24, Wywiad z Paw\u0142em Moczyd\u0142owskim, dost\u0119pny na stronach www.<\/p>\n<p>Radio TOK FM, \u015awiat si\u0119 chwieje, rozmowa Grzegorz Sroczy\u0144skiego z prof. Karolem Modzelewskim i Ma\u0142gorzat\u0105 Goetz, 20.01.2019 r.<\/p>\n<p>Chronologicznie pierwszy by\u0142 wywiad Redaktora Sroczy\u0144skiego i jest niesamowite, jak w \u015bwietle p\u00f3\u017aniejszych wypowiedzi ekspert\u00f3w i ujawnionych fakt\u00f3w o Stefanie W., prof. Modzelewski trafnie scharakteryzowa\u0142 morderc\u0119.<\/p>\n<p>Unikamy jak ognia takich ocen, ale Stefana W. jako cz\u0142onka spo\u0142ecze\u0144stwa trudno inaczej okre\u015bli\u0107 ni\u017c w ten spos\u00f3b, \u017ce by\u0142 nikim.<\/p>\n<p>Jedynymi jego dokonaniami na wolno\u015bci by\u0142y napady na plac\u00f3wki bankowe. Wykszta\u0142cenie zako\u0144czy\u0142 na szkole podstawowej, bezskutecznie usi\u0142owa\u0142 dosta\u0107 si\u0119 do tr\u00f3jmiejskiego p\u00f3\u0142\u015bwiatka.<\/p>\n<p>Z kolei zeznania cz\u0142owieka, kt\u00f3ry wsp\u00f3lnie z nim odbywa\u0142 wyrok jednoznacznie dowodz\u0105, i\u017c r\u00f3wnie\u017c w zak\u0142adzie karnym znajdowa\u0142 si\u0119 na dole wi\u0119ziennej hierarchii.<\/p>\n<p>Na podstawie s\u0142\u00f3w ekspert\u00f3w i wsp\u00f3\u0142wi\u0119\u017ania wida\u0107, \u017ce cho\u0107 w spo\u0142eczno\u015bci zak\u0142ad\u00f3w karnych sta\u0142 na dole, to zaaklimatyzowa\u0142 si\u0119 w tym \u015brodowisku.<\/p>\n<p>Czy mia\u0142 jakie\u015b szanse na adaptacj\u0119 na wolno\u015bci? Przy odpowiedniej opiece i rozpocz\u0119tej w wi\u0119zieniu resocjalizacji ka\u017cdy ma szanse. Tyle \u017ce Stefan W. podczas odbywania wyroku nie by\u0142 zainteresowany jakimikolwiek zaj\u0119ciami.<\/p>\n<p>Trafi\u0142 do wi\u0119zienia za czas\u00f3w rz\u0105d\u00f3w Platformy Obywatelskiej i w kt\u00f3rym\u015b momencie na niej skupi\u0142 swoje frustracje.<\/p>\n<p>Hipoteza, i\u017c wyboru celu dokona\u0142 dzi\u0119ki obecno\u015bci w mediach Prezydenta Gda\u0144ska jest bardziej ni\u017c uzasadniona. O Gda\u0144sk toczy\u0142a si\u0119 jedna z najg\u0142o\u015bniejszych walka polityczna, gdy\u017c obok kontrkandydata PiS, mia\u0142 Pawe\u0142 Adamowicz przeciwko sobie kandydata PO.<\/p>\n<p>To zreszt\u0105 dowodzi ignorancji politycznej Stefana W. Co prawda pod tym wzgl\u0119dem jego s\u0142owa nie s\u0105 jednoznaczne, jednak raczej uto\u017csamia\u0142 ofiar\u0119 z Platform\u0105 Obywatelsk\u0105. W \u015bwietle tego co wiemy o potencjale intelektualnym mordercy nie powinno to dziwi\u0107.<\/p>\n<p>Kluczowe jest, i\u017c jego deklaracja jednoznacznie wskazuje, i\u017c traktowa\u0142 mord jako osobist\u0105 zemst\u0119.<\/p>\n<p>Nie pr\u00f3bowa\u0142 zrani\u0107 nikogo wi\u0119cej. Dokonan\u0105 z wyrachowaniem zbrodni\u0119 uwie\u0144czy\u0142a wykalkulowana deklaracja:<\/p>\n<p>&#8222;Halo! Halo! Nazywam si\u0119 Stefan W(&#8230;), siedzia\u0142em niewinny w wi\u0119zieniu, siedzia\u0142em niewinny w wi\u0119zieniu. Platforma Obywatelska mnie torturowa\u0142a, dlatego w\u0142a\u015bnie zgin\u0105\u0142 Adamowicz&#8221;.<\/p>\n<p>Tu nie ma emocji poza satysfakcj\u0105 z osi\u0105gni\u0119tego celu.<\/p>\n<p>Ludzie zwi\u0105zani z wi\u0119ziennictwem jednoznacznie kojarz\u0105 t\u0105 publiczn\u0105 manifestacj\u0119 z &#8222;warto\u015bciami&#8221; wi\u0119ziennej spo\u0142eczno\u015bci.<\/p>\n<p>Zab\u00f3jstwo Prezydenta Adamowicza pozwoli\u0142o mu zab\u0142ysn\u0105\u0107, zosta\u0107 zauwa\u017conym i, co podkre\u015blaj\u0105 eksperci zwi\u0105zani z wi\u0119ziennictwem, po powrocie do wi\u0119zienia uczyni go &#8222;bohaterem&#8221;.<\/p>\n<p>Zemsta zosta\u0142a dokonana. Koniec.<\/p>\n<p>Pr\u00f3bowano forsowa\u0107 tez\u0119, i\u017c Stefan W. uleg\u0142 indoktrynacji politycznej podczas odsiadki.<\/p>\n<p>Co na to fakty?<\/p>\n<p>Po pierwsze, o czym ju\u017c pisali\u015bmy, w wi\u0119zieniach od momentu powstania Platformy Obywatelskiej, w wyborach wygrywa w\u0142a\u015bnie ta partia. W zak\u0142adzie karnym w Gda\u0144sku w ostatnich wyborach samorz\u0105dowych Prezydent Adamowicz przegra\u0142 jednym g\u0142osem z synem Lecha Wa\u0142\u0119sy, kandydatem PO.<\/p>\n<p>Po drugie, warto zapozna\u0107 si\u0119 z relacj\u0105 wsp\u00f3\u0142wi\u0119\u017ania Stefana W., kt\u00f3ry precyzyjnie odpowiada dziennikarzowi dr\u0105\u017c\u0105cemu kwesti\u0119 medi\u00f3w. Telewizji publicznej raczej nie ogl\u0105dali, a je\u015bli ju\u017c przysz\u0142y zab\u00f3jca co\u015b czyta\u0142, to by\u0142a to Angora albo Gazeta Wyborcza.<\/p>\n<p>Nie wypowiada\u0142 si\u0119 na tematy polityczne, i cho\u0107 wsp\u00f3\u0142wi\u0119zie\u0144 wspomina, \u017ce czu\u0142 si\u0119 pokrzywdzony wysoko\u015bci\u0105 kary, to nie wi\u0105za\u0142 tego z rz\u0105dami Platformy.<\/p>\n<p>Bra\u0142 leki, jak sam m\u00f3wi\u0142, &#8222;na uspokojenie&#8221;.<\/p>\n<p>Na dole artyku\u0142y zamieszczamy kilka screen\u00f3w z fragmentami wypowiedzi z wywiad\u00f3w na kt\u00f3rych opieramy powy\u017csze twierdzenia.<\/p>\n<p>Zach\u0119camy r\u00f3wnie\u017c do wys\u0142uchania ca\u0142o\u015bci wywiadu w TOK FM, teraz chcemy jeszcze przypomnie\u0107 okoliczno\u015bci, w kt\u00f3rych dosz\u0142o do zab\u00f3jstwa Marka Rosiaka, gdy\u017c ewidentnie to w\u0142a\u015bnie ta tragedia nosi znamiona mordu politycznego.<\/p>\n<p>Zamach nast\u0105pi\u0142 w pa\u017adzierniku 2010 r. Morderca krzycz\u0105c, i\u017c nienawidzi Kaczy\u0144skiego zabi\u0142 jedn\u0105 i rani\u0142 drug\u0105 osob\u0119. Ju\u017c to daje do my\u015blenia w kontek\u015bcie tego, \u017ce Stefan W. nie atakowa\u0142 innych os\u00f3b, skupiaj\u0105c si\u0119 na publicznym prezentowaniu rado\u015bci.<\/p>\n<p>Ryszarda Cyb\u0119 nap\u0119dza\u0142a nienawi\u015b\u0107. Nie mia\u0142 konkretnego celu w zasi\u0119gu, gdy\u017c trudno by\u0142o si\u0119 spodziewa\u0107, \u017ce J.Kaczy\u0144ski b\u0119dzie w \u0142\u00f3dzkim lokalu europos\u0142a. Nie zna\u0142 ofiar i atakowa\u0142 ka\u017cdego kto znalaz\u0142 si\u0119 w biurze PiS. Gdyby nie zosta\u0142 obezw\u0142adniony, prawdopodobnie zabija\u0142by dalej.<\/p>\n<p>Jego emocjonalna deklaracja o nienawi\u015bci do PiS i Kaczy\u0144skiego by\u0142a emanacj\u0105 tego, co dzia\u0142o si\u0119 od kilu lat w medialnym mainstreamie, odbiciem atmosfery panuj\u0105cej w kraju.<\/p>\n<p>Morderstwo mia\u0142o miejsce sze\u015b\u0107 miesi\u0119cy po katastrofie smole\u0144skiej.<\/p>\n<p>Trzy miesi\u0105ce po zwyci\u0119skich dla Platformy Obywatelskiej wyborach prezydenckich.<\/p>\n<p>Od kilku lat trwa\u0142a medialna nawalanka w PiS, nasilona po utworzeniu koalicji PO-PSL i sporze o kohabitacj\u0119, spowodowanym tym, \u017ce Prezydent Lech Kaczy\u0144ski chcia\u0142 korzysta\u0107 z zapisanego w Konstytucji udzia\u0142u w kreowaniu polityki zagranicznej. Ci sami politycy, kt\u00f3rzy obecnie domagaj\u0105 si\u0119 literalnego przestrzegania zapis\u00f3w Konstytucji, w\u00f3wczas ignorowali zawarte w niej jednoznaczne stwierdzenie o roli Prezydenta.<\/p>\n<p>W nagonce uczestniczy\u0142y media publiczne oraz prywatne. PiS nie kontrolowa\u0142 \u017cadnych medi\u00f3w, a oddolne, mobilizuj\u0105ce spo\u0142ecze\u0144stwo inicjatywy, jak Kluby Gazety Polskiej dopiero raczkowa\u0142y (czy istnia\u0142y ju\u017c w\u00f3wczas?). Dzia\u0142a\u0142y oczywi\u015bcie media Tadeusza Rydzyka, ale ich oddzia\u0142ywanie jest z oczywistych powod\u00f3w ograniczone do grupy zwolennik\u00f3w redemptorysty, a u reszty spo\u0142ecze\u0144stwa budz\u0105 cz\u0119sto agresj\u0119.<\/p>\n<p>S\u0142owem, w pa\u017adzierniku 2010 r. ca\u0142a w\u0142adza i niemal ca\u0142y aparat propagandowy na terenie Polski znajduje si\u0119 w r\u0119kach nieprzychylnych Prawu i Sprawiedliwo\u015bci i niewiele si\u0119 zmieni\u0142o przez kolejne pi\u0119\u0107 lat.<\/p>\n<p>W takiej sytuacji jaki pow\u00f3d mia\u0142 Ryszard Cyba by zabi\u0107?<\/p>\n<p>Czekamy na wyniki bada\u0144 Stefana W., gdy\u017c zab\u00f3jca Rosiaka odsiaduje wyrok w normalnym zak\u0142adzie karnym, nie w zak\u0142adzie dla psychicznie chorych.<\/p>\n<p>przypisy:<\/p>\n<p>(1)W poprzednim wpisie po\u015bwi\u0119cili\u015bmy akapit, by wspomnie\u0107 m.in. o dziennikarzach dehumanizuj\u0105cych zwolennik\u00f3w Zjednoczonej Prawicy. Chcemy zaznaczy\u0107, \u017ce absolutnie nie zaliczamy do tej grupy Pani Wielowieyskiej. Jest oczywiste po kt\u00f3rej stronie s\u0105 jej sympatie polityczne, jednak zawsze Pani Redaktor\u00a0 odznacza si\u0119 wysok\u0105 kultur\u0105 j\u0119zyka.<\/p>\n<p><img loading=\"lazy\" decoding=\"async\" class=\"alignnone wp-image-771\" src=\"http:\/\/oko.pres-24.pl\/wp-content\/uploads\/2019\/02\/1a-300x187.png\" alt=\"\" width=\"698\" height=\"435\" srcset=\"https:\/\/oko.pres-24.pl\/wp-content\/uploads\/2019\/02\/1a-300x187.png 300w, https:\/\/oko.pres-24.pl\/wp-content\/uploads\/2019\/02\/1a-768x478.png 768w, https:\/\/oko.pres-24.pl\/wp-content\/uploads\/2019\/02\/1a.png 792w\" sizes=\"auto, (max-width: 698px) 100vw, 698px\" \/><\/p>\n<p><img loading=\"lazy\" decoding=\"async\" class=\"alignnone wp-image-772\" src=\"http:\/\/oko.pres-24.pl\/wp-content\/uploads\/2019\/02\/2a-300x58.png\" alt=\"\" width=\"672\" height=\"130\" srcset=\"https:\/\/oko.pres-24.pl\/wp-content\/uploads\/2019\/02\/2a-300x58.png 300w, https:\/\/oko.pres-24.pl\/wp-content\/uploads\/2019\/02\/2a-768x148.png 768w, https:\/\/oko.pres-24.pl\/wp-content\/uploads\/2019\/02\/2a.png 790w\" sizes=\"auto, (max-width: 672px) 100vw, 672px\" \/><\/p>\n<p><img loading=\"lazy\" decoding=\"async\" class=\"alignnone wp-image-773\" src=\"http:\/\/oko.pres-24.pl\/wp-content\/uploads\/2019\/02\/3a-300x48.png\" alt=\"\" width=\"675\" height=\"108\" srcset=\"https:\/\/oko.pres-24.pl\/wp-content\/uploads\/2019\/02\/3a-300x48.png 300w, https:\/\/oko.pres-24.pl\/wp-content\/uploads\/2019\/02\/3a-768x122.png 768w, https:\/\/oko.pres-24.pl\/wp-content\/uploads\/2019\/02\/3a.png 780w\" sizes=\"auto, (max-width: 675px) 100vw, 675px\" \/><\/p>\n<p><img loading=\"lazy\" decoding=\"async\" class=\"alignnone wp-image-774\" src=\"http:\/\/oko.pres-24.pl\/wp-content\/uploads\/2019\/02\/4a-300x32.png\" alt=\"\" width=\"675\" height=\"72\" srcset=\"https:\/\/oko.pres-24.pl\/wp-content\/uploads\/2019\/02\/4a-300x32.png 300w, https:\/\/oko.pres-24.pl\/wp-content\/uploads\/2019\/02\/4a-768x82.png 768w, https:\/\/oko.pres-24.pl\/wp-content\/uploads\/2019\/02\/4a.png 774w\" sizes=\"auto, (max-width: 675px) 100vw, 675px\" \/><\/p>\n<p><img loading=\"lazy\" decoding=\"async\" class=\"alignnone wp-image-775\" src=\"http:\/\/oko.pres-24.pl\/wp-content\/uploads\/2019\/02\/1b-300x176.png\" alt=\"\" width=\"672\" height=\"394\" srcset=\"https:\/\/oko.pres-24.pl\/wp-content\/uploads\/2019\/02\/1b-300x176.png 300w, https:\/\/oko.pres-24.pl\/wp-content\/uploads\/2019\/02\/1b-768x450.png 768w, https:\/\/oko.pres-24.pl\/wp-content\/uploads\/2019\/02\/1b.png 861w\" sizes=\"auto, (max-width: 672px) 100vw, 672px\" \/><\/p>\n<p><img loading=\"lazy\" decoding=\"async\" class=\"alignnone wp-image-776\" src=\"http:\/\/oko.pres-24.pl\/wp-content\/uploads\/2019\/02\/2b-300x107.png\" alt=\"\" width=\"676\" height=\"241\" srcset=\"https:\/\/oko.pres-24.pl\/wp-content\/uploads\/2019\/02\/2b-300x107.png 300w, https:\/\/oko.pres-24.pl\/wp-content\/uploads\/2019\/02\/2b-768x273.png 768w, https:\/\/oko.pres-24.pl\/wp-content\/uploads\/2019\/02\/2b.png 804w\" sizes=\"auto, (max-width: 676px) 100vw, 676px\" \/><\/p>\n<p><img loading=\"lazy\" decoding=\"async\" class=\"alignnone wp-image-780\" src=\"http:\/\/oko.pres-24.pl\/wp-content\/uploads\/2019\/02\/4c-300x141.png\" alt=\"\" width=\"728\" height=\"342\" srcset=\"https:\/\/oko.pres-24.pl\/wp-content\/uploads\/2019\/02\/4c-300x141.png 300w, https:\/\/oko.pres-24.pl\/wp-content\/uploads\/2019\/02\/4c.png 674w\" sizes=\"auto, (max-width: 728px) 100vw, 728px\" \/><\/p>\n<p><img loading=\"lazy\" decoding=\"async\" class=\"alignnone wp-image-777\" src=\"http:\/\/oko.pres-24.pl\/wp-content\/uploads\/2019\/02\/1c-300x89.png\" alt=\"\" width=\"671\" height=\"199\" srcset=\"https:\/\/oko.pres-24.pl\/wp-content\/uploads\/2019\/02\/1c-300x89.png 300w, https:\/\/oko.pres-24.pl\/wp-content\/uploads\/2019\/02\/1c.png 494w\" sizes=\"auto, (max-width: 671px) 100vw, 671px\" \/><\/p>\n<p><img loading=\"lazy\" decoding=\"async\" class=\"alignnone wp-image-783\" src=\"http:\/\/oko.pres-24.pl\/wp-content\/uploads\/2019\/02\/2c-1-300x87.png\" alt=\"\" width=\"731\" height=\"212\" srcset=\"https:\/\/oko.pres-24.pl\/wp-content\/uploads\/2019\/02\/2c-1-300x87.png 300w, https:\/\/oko.pres-24.pl\/wp-content\/uploads\/2019\/02\/2c-1.png 488w\" sizes=\"auto, (max-width: 731px) 100vw, 731px\" \/><\/p>\n<p><img loading=\"lazy\" decoding=\"async\" class=\"alignnone wp-image-779\" src=\"http:\/\/oko.pres-24.pl\/wp-content\/uploads\/2019\/02\/3c-300x168.png\" alt=\"\" width=\"673\" height=\"377\" srcset=\"https:\/\/oko.pres-24.pl\/wp-content\/uploads\/2019\/02\/3c-300x168.png 300w, https:\/\/oko.pres-24.pl\/wp-content\/uploads\/2019\/02\/3c.png 326w\" sizes=\"auto, (max-width: 673px) 100vw, 673px\" \/><\/p>\n<p>&nbsp;<\/p>\n<p class=\"bawpvc-ajax-counter\" data-id=\"770\">\n","protected":false},"excerpt":{"rendered":"<p>Wracamy do tragedii z Gda\u0144ska i zab\u00f3jstwa Prezydenta Paw\u0142a Adamowicza. <a class=\"more-link\" href=\"https:\/\/oko.pres-24.pl\/?p=770\">Czytaj dalej \u2192<\/a><\/p>\n","protected":false},"author":1,"featured_media":0,"comment_status":"open","ping_status":"closed","sticky":false,"template":"","format":"standard","meta":{"footnotes":""},"categories":[1],"tags":[],"class_list":["post-770","post","type-post","status-publish","format-standard","hentry","category-uncategorized"],"aioseo_notices":[],"_links":{"self":[{"href":"https:\/\/oko.pres-24.pl\/index.php?rest_route=\/wp\/v2\/posts\/770","targetHints":{"allow":["GET"]}}],"collection":[{"href":"https:\/\/oko.pres-24.pl\/index.php?rest_route=\/wp\/v2\/posts"}],"about":[{"href":"https:\/\/oko.pres-24.pl\/index.php?rest_route=\/wp\/v2\/types\/post"}],"author":[{"embeddable":true,"href":"https:\/\/oko.pres-24.pl\/index.php?rest_route=\/wp\/v2\/users\/1"}],"replies":[{"embeddable":true,"href":"https:\/\/oko.pres-24.pl\/index.php?rest_route=%2Fwp%2Fv2%2Fcomments&post=770"}],"version-history":[{"count":6,"href":"https:\/\/oko.pres-24.pl\/index.php?rest_route=\/wp\/v2\/posts\/770\/revisions"}],"predecessor-version":[{"id":787,"href":"https:\/\/oko.pres-24.pl\/index.php?rest_route=\/wp\/v2\/posts\/770\/revisions\/787"}],"wp:attachment":[{"href":"https:\/\/oko.pres-24.pl\/index.php?rest_route=%2Fwp%2Fv2%2Fmedia&parent=770"}],"wp:term":[{"taxonomy":"category","embeddable":true,"href":"https:\/\/oko.pres-24.pl\/index.php?rest_route=%2Fwp%2Fv2%2Fcategories&post=770"},{"taxonomy":"post_tag","embeddable":true,"href":"https:\/\/oko.pres-24.pl\/index.php?rest_route=%2Fwp%2Fv2%2Ftags&post=770"}],"curies":[{"name":"wp","href":"https:\/\/api.w.org\/{rel}","templated":true}]}}