{"id":602,"date":"2019-01-21T09:30:07","date_gmt":"2019-01-21T09:30:07","guid":{"rendered":"http:\/\/oko.pres-24.pl\/?p=602"},"modified":"2019-01-24T08:57:09","modified_gmt":"2019-01-24T08:57:09","slug":"redaktor-daniel-passent-wspomina-zabojstwo-marka-rosiaka","status":"publish","type":"post","link":"https:\/\/oko.pres-24.pl\/?p=602","title":{"rendered":"Redaktor Daniel Passent wspomina zab\u00f3jstwo Marka Rosiaka."},"content":{"rendered":"<p>Chcieli\u015bmy wyrazi\u0107 nasz szacunek Panu Redaktorowi Danielowi Passentowi za to, \u017ce we wst\u0119pie do rozwa\u017ca\u0144 nad tragiczn\u0105 \u015bmierci\u0105 Prezydenta Paw\u0142a Adamowicza (TOK FM, niedziela 20 stycznia 2019 r. godz. 10.00) wspomnia\u0142 o zab\u00f3jstwie Marka Rosiaka (19 pa\u017adziernika 2010 roku), asystenta europos\u0142a PiS, zamordowanego przez by\u0142ego cz\u0142onka PO, krzycz\u0105cego o nienawi\u015bci do Kaczy\u0144skiego.<\/p>\n<audio class=\"wp-audio-shortcode\" id=\"audio-602-1\" preload=\"none\" style=\"width: 100%;\" controls=\"controls\"><source type=\"audio\/wav\" src=\"http:\/\/oko.pres-24.pl\/wp-content\/uploads\/2019\/01\/Red.Passent.wav?_=1\" \/><a href=\"http:\/\/oko.pres-24.pl\/wp-content\/uploads\/2019\/01\/Red.Passent.wav\">http:\/\/oko.pres-24.pl\/wp-content\/uploads\/2019\/01\/Red.Passent.wav<\/a><\/audio>\n<p>Hmmm, chyba nam si\u0119 wydawa\u0142o. Na pewno przez nieuwag\u0119 Redaktor zapomnia\u0142 wspomnie\u0107 o pierwszym mordzie politycznym w III RP. Tym bardziej, \u017ce mia\u0142o to miejsce po katastrofie smole\u0144skiej, gdy ca\u0142o\u015b\u0107 w\u0142adzy w Polsce znajdowa\u0142a si\u0119 ju\u017c w r\u0119kach koalicji PO-PSL.<\/p>\n<p>Prawd\u0119 m\u00f3wi\u0105c zawsze nas dziwi\u0142o, \u017ce PiS nie wykorzystuje tej tragedii, tym bardziej, \u017ce wypowiedziane wkr\u00f3tce po niej s\u0142owa Pana Niesio\u0142owskiego, jakoby morderca wcze\u015bniej to jego szuka\u0142, w spos\u00f3b kompletny pokazuj\u0105 za\u0142o\u017cenia &#8222;polityki mi\u0142o\u015bci&#8221; z czas\u00f3w rz\u0105d\u00f3w Premiera Donalda Tuska.<\/p>\n<p>Po niedzielnej tragedii od razu pojawi\u0142y si\u0119 g\u0142osy o &#8222;j\u0119zyku nienawi\u015bci&#8221; i jego domniemanym wp\u0142ywie na dzia\u0142ania mordercy. Wraz z ujawnianiem informacji o jego przesz\u0142o\u015bci oraz fakcie, i\u017c ostatnie pi\u0119\u0107 lat sp\u0119dzi\u0142 w zak\u0142adach karnych, zacz\u0119to insynuowa\u0107, \u017ce to podczas pobytu w wi\u0119zieniu uleg\u0142 on indoktrynacji politycznej.<\/p>\n<p>Trzeba jak wida\u0107 przypomnie\u0107, co niniejszym czynimy seri\u0105 poni\u017cszych zrzut\u00f3w ekranowych (dobranych bez selekcji, to pierwsze wyniki w wyszukiwarce po wpisaniu has\u0142a &#8222;wi\u0119zienia wyniki wybor\u00f3w&#8221;) i\u017c &#8222;od zawsze&#8221; Platforma Obywatelska bezdyskusyjnie wygrywa\u0142a w wyborach organizowanych na terenach zak\u0142ad\u00f3w karnych.<\/p>\n<p><img loading=\"lazy\" decoding=\"async\" class=\"alignnone wp-image-608\" src=\"http:\/\/oko.pres-24.pl\/wp-content\/uploads\/2019\/01\/a-300x169.png\" alt=\"\" width=\"520\" height=\"293\" srcset=\"https:\/\/oko.pres-24.pl\/wp-content\/uploads\/2019\/01\/a-300x169.png 300w, https:\/\/oko.pres-24.pl\/wp-content\/uploads\/2019\/01\/a-768x432.png 768w, https:\/\/oko.pres-24.pl\/wp-content\/uploads\/2019\/01\/a-1024x576.png 1024w, https:\/\/oko.pres-24.pl\/wp-content\/uploads\/2019\/01\/a.png 1920w\" sizes=\"auto, (max-width: 520px) 100vw, 520px\" \/><\/p>\n<p><img loading=\"lazy\" decoding=\"async\" class=\"alignnone wp-image-609\" src=\"http:\/\/oko.pres-24.pl\/wp-content\/uploads\/2019\/01\/b-300x169.png\" alt=\"\" width=\"529\" height=\"298\" srcset=\"https:\/\/oko.pres-24.pl\/wp-content\/uploads\/2019\/01\/b-300x169.png 300w, https:\/\/oko.pres-24.pl\/wp-content\/uploads\/2019\/01\/b-768x432.png 768w, https:\/\/oko.pres-24.pl\/wp-content\/uploads\/2019\/01\/b-1024x576.png 1024w, https:\/\/oko.pres-24.pl\/wp-content\/uploads\/2019\/01\/b.png 1920w\" sizes=\"auto, (max-width: 529px) 100vw, 529px\" \/><\/p>\n<p><img loading=\"lazy\" decoding=\"async\" class=\"alignnone wp-image-610\" src=\"http:\/\/oko.pres-24.pl\/wp-content\/uploads\/2019\/01\/c-300x169.png\" alt=\"\" width=\"509\" height=\"287\" srcset=\"https:\/\/oko.pres-24.pl\/wp-content\/uploads\/2019\/01\/c-300x169.png 300w, https:\/\/oko.pres-24.pl\/wp-content\/uploads\/2019\/01\/c-768x432.png 768w, https:\/\/oko.pres-24.pl\/wp-content\/uploads\/2019\/01\/c-1024x576.png 1024w, https:\/\/oko.pres-24.pl\/wp-content\/uploads\/2019\/01\/c.png 1920w\" sizes=\"auto, (max-width: 509px) 100vw, 509px\" \/><\/p>\n<p><img loading=\"lazy\" decoding=\"async\" class=\"alignnone wp-image-612\" src=\"http:\/\/oko.pres-24.pl\/wp-content\/uploads\/2019\/01\/e-300x169.png\" alt=\"\" width=\"504\" height=\"284\" srcset=\"https:\/\/oko.pres-24.pl\/wp-content\/uploads\/2019\/01\/e-300x169.png 300w, https:\/\/oko.pres-24.pl\/wp-content\/uploads\/2019\/01\/e-768x432.png 768w, https:\/\/oko.pres-24.pl\/wp-content\/uploads\/2019\/01\/e-1024x576.png 1024w, https:\/\/oko.pres-24.pl\/wp-content\/uploads\/2019\/01\/e.png 1920w\" sizes=\"auto, (max-width: 504px) 100vw, 504px\" \/><\/p>\n<p><img loading=\"lazy\" decoding=\"async\" class=\"alignnone wp-image-611\" src=\"http:\/\/oko.pres-24.pl\/wp-content\/uploads\/2019\/01\/d-300x169.png\" alt=\"\" width=\"488\" height=\"275\" srcset=\"https:\/\/oko.pres-24.pl\/wp-content\/uploads\/2019\/01\/d-300x169.png 300w, https:\/\/oko.pres-24.pl\/wp-content\/uploads\/2019\/01\/d-768x432.png 768w, https:\/\/oko.pres-24.pl\/wp-content\/uploads\/2019\/01\/d-1024x576.png 1024w, https:\/\/oko.pres-24.pl\/wp-content\/uploads\/2019\/01\/d.png 1920w\" sizes=\"auto, (max-width: 488px) 100vw, 488px\" \/><\/p>\n<p><img loading=\"lazy\" decoding=\"async\" class=\"alignnone wp-image-614\" src=\"http:\/\/oko.pres-24.pl\/wp-content\/uploads\/2019\/01\/g-300x169.png\" alt=\"\" width=\"516\" height=\"291\" srcset=\"https:\/\/oko.pres-24.pl\/wp-content\/uploads\/2019\/01\/g-300x169.png 300w, https:\/\/oko.pres-24.pl\/wp-content\/uploads\/2019\/01\/g-768x432.png 768w, https:\/\/oko.pres-24.pl\/wp-content\/uploads\/2019\/01\/g-1024x576.png 1024w, https:\/\/oko.pres-24.pl\/wp-content\/uploads\/2019\/01\/g.png 1920w\" sizes=\"auto, (max-width: 516px) 100vw, 516px\" \/><\/p>\n<p><img loading=\"lazy\" decoding=\"async\" class=\"alignnone wp-image-615\" src=\"http:\/\/oko.pres-24.pl\/wp-content\/uploads\/2019\/01\/h-300x169.png\" alt=\"\" width=\"532\" height=\"300\" srcset=\"https:\/\/oko.pres-24.pl\/wp-content\/uploads\/2019\/01\/h-300x169.png 300w, https:\/\/oko.pres-24.pl\/wp-content\/uploads\/2019\/01\/h-768x432.png 768w, https:\/\/oko.pres-24.pl\/wp-content\/uploads\/2019\/01\/h-1024x576.png 1024w, https:\/\/oko.pres-24.pl\/wp-content\/uploads\/2019\/01\/h.png 1920w\" sizes=\"auto, (max-width: 532px) 100vw, 532px\" \/><\/p>\n<p>Szkoda, \u017ce Redaktor Passent nie pos\u0142ucha\u0142 poprzedzaj\u0105cego jego audycj\u0119 programu Grzegorza Sroczy\u0144skiego i rozmowy z prof. Karolem Modzelewskim i Ma\u0142gorzat\u0105 Goetz. Naprawd\u0119 szkoda.<\/p>\n<p>Od siebie chcemy doda\u0107, \u017ce opis polskiej rzeczywisto\u015bci oraz idee, kt\u00f3re u Redaktora Sroczy\u0144skiego g\u0142osili wymienieni powy\u017cej go\u015bcie to pogl\u0105dy z kt\u00f3rymi uto\u017csamiamy si\u0119 w 99,9%.<\/p>\n<p>Serdecznie zach\u0119camy Pa\u0144stwa do wys\u0142uchania tej rozmowy.<\/p>\n<p>Dziwi si\u0119 Pan Profesor, \u017ce jego postawa spotyka si\u0119 z niezrozumieniem podczas np. KODowych manifestacji.<\/p>\n<p>Niestety \u017ceby m\u00f3c zaj\u0105\u0107 takie stanowisko po pierwsze trzeba nie by\u0107 zale\u017cny finansowo od piel\u0119gnacji konfliktu PO-PiS, co na wst\u0119pie wyklucza wi\u0119kszo\u015b\u0107 dziennikarskiego \u015brodowiska, z nielicznymi wyj\u0105tkami, a ju\u017c raczej bez wyj\u0105tk\u00f3w je\u015bli chodzi o nadaj\u0105cych ton polityk\u00f3w rywalizuj\u0105cych partii.<\/p>\n<p>Wiedza o funkcjonowaniu spo\u0142ecze\u0144stwa oraz wys\u0142uchanie argument\u00f3w obydwu stron sporu z pewno\u015bci\u0105 nie zaszkodz\u0105.<\/p>\n<p>Przede wszystkim jednak konieczna jest wra\u017cliwo\u015b\u0107 na krzywd\u0119 ludzk\u0105 i zdolno\u015b\u0107 empatii, gdy\u017c bez cho\u0107by pr\u00f3by zrozumienia o co chodzi drugiej stronie nie ma najmniejszych szans na porozumienie.<\/p>\n<p>Ostatni element jest kluczowy (pierwszy oczywisty) nie dziwi\u0105 wi\u0119c s\u0142owa prof. Modzelewskiego.<\/p>\n<p>Niestety wi\u0119kszo\u015b\u0107 ludzi zaj\u0119tych codziennymi obowi\u0105zkami, nie zajmuj\u0105c si\u0119 zawodowo polityk\u0105 poprzestaje na jednostronnych przekazach medialnych, a w jako\u015bci tych dor\u00f3wnuj\u0105 sobie obydwie strony konfliktu na polskiej sceny politycznej.<\/p>\n<p>Tymczasem kluczowa jest wiedza co rzeczywi\u015bcie zrobi\u0142 lub powiedzia\u0142 dany polityk, a nie to co nam si\u0119 m\u00f3wi, \u017ce zrobi\u0142 b\u0105d\u017a powiedzia\u0142. Bez tej wiedzy wyci\u0105ganie jakichkolwiek wniosk\u00f3w jest bezsensowne, gdy\u017c opieramy si\u0119 w\u00f3wczas na zafa\u0142szowanym przekazie dobranym pod barwy polityczne.<\/p>\n<p>W latach 2005-2007 rz\u0105d PiS organizowa\u0142 bardzo cz\u0119ste konferencje prasowe, pragn\u0105c w ten spos\u00f3b zapewni\u0107 sobie bezpo\u015bredni przekaz, gdy\u017c nadawan\u0105 na \u017cywo konferencj\u0119 prasow\u0105 trudno zmanipulowa\u0107 (oczywi\u015bcie da si\u0119 za pomoc\u0105 interwa\u0142u czasowego). Efektem by\u0142y kpiny i szyderstwa dziennikarskich &#8222;elit&#8221;.<\/p>\n<p>Ze zdumieniem obecnie obserwujemy, jak dziennikarze i politycy m\u00f3wi\u0105 o faktach sprzed zaledwie kilku lat, kt\u00f3re w rzeczywisto\u015bci nie mia\u0142y miejsca, a w najlepszym razie przemilcza si\u0119 niewygodne wydarzenia.<\/p>\n<p>Czym s\u0105 najbardziej niestosowne wypowiedzi Pani Paw\u0142owicz wobec tego co wyg\u0142asza\u0142 Janusz Palikot, ho\u0142ubiony w szeregach Platformy dop\u00f3ki nie zacz\u0105\u0142 zbytnio gra\u0107 &#8222;na siebie&#8221;? Ba! Wypowiedzi Pana Palikota i Pana Niesio\u0142owskiego przysparza\u0142y popularno\u015bci koalicji PO-PSL. To si\u0119 po prostu op\u0142aca. Przez lata w czo\u0142\u00f3wce PiS nie by\u0142o nikogo publicznie prezentuj\u0105cego taki poziom ale jak wida\u0107 wyci\u0105gni\u0119to odpowiednie wnioski.<\/p>\n<p>Tak wi\u0119c szanowni krytycy Pani Paw\u0142owicz, zastan\u00f3wcie si\u0119 sk\u0105d we w\u0142adzach PiS przyzwolenie na takie, a nie inne zachowanie Pani Pose\u0142. To po prostu logiczne wyci\u0105gni\u0119cie wniosk\u00f3w z wieloletniej dzia\u0142alno\u015bci naczelnych (by\u0142ych obecnie) hejter\u00f3w PO.<\/p>\n<p>Przyk\u0142ad amnezji\u00a0 kt\u00f3ry ostatnio szczeg\u00f3lnie nas &#8222;zaintrygowa\u0142&#8221; ze wzgl\u0119du na jego eksploatacj\u0119 to kwestia protest\u00f3w na W\u0119grzech przeciwko planowanemu wprowadzeniu odroczonej (kilkuletniej) p\u0142atno\u015bci za nadgodziny. Wys\u0142uchali\u015bmy kilkunastu audycji i przeczytali\u015bmy przynajmniej kilka artyku\u0142\u00f3w na ten temat w &#8222;jedynie s\u0142usznych&#8221; mediach i nigdzie s\u0142owem nie wspomniano, \u017ce podobny projekt rozwa\u017cano w okresie rz\u0105d\u00f3w PO-PSL.<\/p>\n<p>ps.<\/p>\n<p>Publikuj\u0105c powy\u017csze printscreeny w kontek\u015bcie &#8222;motywacji politycznej&#8221; mordercy oczywi\u015bcie dokonali\u015bmy celowej manipulacji i prosimy Pa\u0144stwa o wybaczenie ale sk\u0142oni\u0142y nas do tego s\u0142owa przedstawicieli &#8222;jedynie s\u0142usznej opcji&#8221;, kt\u00f3ra &#8222;wszystko od razu wie&#8221;.<\/p>\n<p>Zapewne jest prawd\u0105, i\u017c wyboru celu morderca dokona\u0142 w oparciu o wiadomo\u015bci przekazywane przez media. Odsiadywa\u0142 wyrok w zak\u0142adach karnych na p\u00f3\u0142nocy kraju i niew\u0105tpliwie dociera\u0142y do niego informacji o walce politycznej toczonej m.in. w Gda\u0144sku, oraz o zwyci\u0119stwie Prezydenta Adamowicza, pomimo atak\u00f3w ze strony \u015brodowiska PiS i krytyce ze strony PO przed pierwsz\u0105 tur\u0105.<\/p>\n<p>Pawe\u0142 Adamowicz sta\u0142 si\u0119 postaci\u0105 nr 1 na Pomorzu, a przez to niestety i celem zab\u00f3jcy.<\/p>\n<p>Formu\u0142owanie tezy, i\u017c &#8222;do mordu sk\u0142oni\u0142a go propaganda PiS&#8221; jest jednak nieuprawnione. W \u015bwietle tego co do tej pory wiemy o osobowo\u015bci mordercy, jego stanie psychicznym i wyg\u0142aszanych w wi\u0119zieniu deklaracjach, wiarygodnie brzmi\u0105 motywy kt\u00f3re w oparciu o funkcjonowanie spo\u0142eczno\u015bci w zak\u0142adach karnych przedstawi\u0142 prof. Modzelewski.<\/p>\n<p>Szkoda, \u017ce Redaktor Passent nie s\u0142ucha\u0142&#8230;<\/p>\n<p>&nbsp;<\/p>\n<p class=\"bawpvc-ajax-counter\" data-id=\"602\">\n","protected":false},"excerpt":{"rendered":"<p>Chcieli\u015bmy wyrazi\u0107 nasz szacunek Panu Redaktorowi Danielowi Passentowi za to, <a class=\"more-link\" href=\"https:\/\/oko.pres-24.pl\/?p=602\">Czytaj dalej \u2192<\/a><\/p>\n","protected":false},"author":1,"featured_media":0,"comment_status":"open","ping_status":"closed","sticky":false,"template":"","format":"standard","meta":{"footnotes":""},"categories":[1],"tags":[],"class_list":["post-602","post","type-post","status-publish","format-standard","hentry","category-uncategorized"],"aioseo_notices":[],"_links":{"self":[{"href":"https:\/\/oko.pres-24.pl\/index.php?rest_route=\/wp\/v2\/posts\/602","targetHints":{"allow":["GET"]}}],"collection":[{"href":"https:\/\/oko.pres-24.pl\/index.php?rest_route=\/wp\/v2\/posts"}],"about":[{"href":"https:\/\/oko.pres-24.pl\/index.php?rest_route=\/wp\/v2\/types\/post"}],"author":[{"embeddable":true,"href":"https:\/\/oko.pres-24.pl\/index.php?rest_route=\/wp\/v2\/users\/1"}],"replies":[{"embeddable":true,"href":"https:\/\/oko.pres-24.pl\/index.php?rest_route=%2Fwp%2Fv2%2Fcomments&post=602"}],"version-history":[{"count":11,"href":"https:\/\/oko.pres-24.pl\/index.php?rest_route=\/wp\/v2\/posts\/602\/revisions"}],"predecessor-version":[{"id":630,"href":"https:\/\/oko.pres-24.pl\/index.php?rest_route=\/wp\/v2\/posts\/602\/revisions\/630"}],"wp:attachment":[{"href":"https:\/\/oko.pres-24.pl\/index.php?rest_route=%2Fwp%2Fv2%2Fmedia&parent=602"}],"wp:term":[{"taxonomy":"category","embeddable":true,"href":"https:\/\/oko.pres-24.pl\/index.php?rest_route=%2Fwp%2Fv2%2Fcategories&post=602"},{"taxonomy":"post_tag","embeddable":true,"href":"https:\/\/oko.pres-24.pl\/index.php?rest_route=%2Fwp%2Fv2%2Ftags&post=602"}],"curies":[{"name":"wp","href":"https:\/\/api.w.org\/{rel}","templated":true}]}}