{"id":589,"date":"2018-12-02T16:48:49","date_gmt":"2018-12-02T16:48:49","guid":{"rendered":"http:\/\/oko.pres-24.pl\/?p=589"},"modified":"2019-01-22T08:57:22","modified_gmt":"2019-01-22T08:57:22","slug":"redaktor-bartosz-weglarczyk-czyli-rzecz-o-sztuce-dziennikarzowania","status":"publish","type":"post","link":"https:\/\/oko.pres-24.pl\/?p=589","title":{"rendered":"Redaktor Bartosz W\u0119glarczyk, czyli rzecz o sztuce &#8222;dziennikarzowania&#8221;."},"content":{"rendered":"<p>Niniejszy w\u0105tek by\u0142 cz\u0119\u015bci\u0105 poprzedniego wpisu, zdecydowali\u015bmy jednak, i\u017c Pan W\u0119glarczyk zas\u0142uguje na samodzielny tytu\u0142.<\/p>\n<p>Pan Redaktor nie jest idiot\u0105 i my wiemy, \u017ce on wie, \u017ce inni wiedz\u0105 \u017ce on wie jak jest. Nie przeszkodzi\u0142o mu to jednak zamie\u015bci\u0107 idiotycznej obrony swojego pracodawcy (portal Onet), w reakcji na s\u0142owa Premiera Pawlaka o politycznym ukierunkowaniu m.in. tego portalu.<\/p>\n<p>Zacytujmy: &#8222;Gdyby opublikowan\u0105 dzi\u015b przez TVP Info ta\u015bm\u0119 premiera Pawlaka mia\u0142a redakcja Onetu, opublikowaliby\u015bmy j\u0105 natychmiast. Pokazuje bowiem, jak politycy, bez wzgl\u0119du na partyjne barwy, postrzegaj\u0105 rol\u0119 medi\u00f3w.&#8221;.<\/p>\n<p>U\u015bmiechamy si\u0119 pod w\u0105sem (teoretycznie bo w\u0105saczy w Redakcji brak).<\/p>\n<p>Jeszcze jeden fragment: &#8222;Zadaniem Onetu, podobnie jak innych medi\u00f3w, nie jest ani wspieranie, ani wybieranie, ani obalanie rz\u0105d\u00f3w. Zadaniem medi\u00f3w jest informowanie opinii publicznej o tym, jak i jakie decyzje podejmuj\u0105 politycy, jakimi warto\u015bciami si\u0119 kieruj\u0105, jakie maj\u0105 plany i jak patrz\u0105 na \u015bwiat.&#8221;.<\/p>\n<p>Oczywi\u015bcie takie s\u0105 zadania medi\u00f3w. Problem w tym, \u017ce nie maj\u0105 one z rzeczywisto\u015bci\u0105 \u017cadnego zwi\u0105zku. Tak jak &#8222;odkryciem&#8221; ostatnich lat jest fakt, i\u017c kapita\u0142 ma jednak ojczyzn\u0119, tak oczywist\u0105 jest rzecz\u0105, i\u017c media maj\u0105 w\u0142a\u015bcicieli, ci za\u015b s\u0105 powi\u0105zani w ten czy inny spos\u00f3b z r\u00f3\u017cnymi \u015brodowiskami.<\/p>\n<p>Na obiektywno\u015b\u0107 mog\u0105 sobie pozwoli\u0107 Redakcje takie jak nasza, kt\u00f3rym nikt nie p\u0142aci za analizy. Po\u015bwi\u0119camy sw\u00f3j czas pro publico bono i nie przyjmujemy nawet reklam, by unikn\u0105\u0107 oskar\u017ce\u0144 o stronniczo\u015b\u0107.<\/p>\n<p>Obron\u0119 Redaktora W\u0119glarczyka na wst\u0119pie kompromituje fakt, i\u017c nie przytoczy\u0142 on (nie)s\u0142awnego listu Marka Dekana, a wi\u0119c przedstawiciela w\u0142a\u015bciciela Onetu, zawieraj\u0105cego jasne instrukcje odno\u015bnie linii politycznej posiadanych tytu\u0142\u00f3w.<\/p>\n<p>Jak pisali\u015bmy, polityczne uwarunkowanie medi\u00f3w to \u017cadne odkrycie Ameryki. TV Trwam i TVN, Wyborcza i cho\u0107by Sieci itd., ka\u017cde realizuje swoj\u0105 wizj\u0119, czyli wizj\u0119 w\u0142a\u015bciciela lub stoj\u0105cego za nim sponsora.<\/p>\n<p>W zasadzie nie ma potrzeby m\u00f3wi\u0107 pracuj\u0105cym tam dziennikarzom jak maj\u0105 pisa\u0107. Po prostu zatrudnia si\u0119 dziennikarzy maj\u0105cych po\u017c\u0105dane pogl\u0105dy.<\/p>\n<p>Z tego powodu dziwi, \u017ce niekt\u00f3rzy jednak instrukcji udzielaj\u0105.<\/p>\n<p>Wyra\u017ana r\u00f3\u017cnica jaka si\u0119 dokona\u0142a w ostatnich trzech latach w mediach to fakt wzmocnienia prawej strony, co wi\u0105\u017ce si\u0119 oczywi\u015bcie z doj\u015bciem PiS do w\u0142adzy i przekierowaniem strumienia m.in. reklam w tym w\u0142a\u015bnie kierunku.<\/p>\n<p>Wcze\u015bniej p\u0142yn\u0105\u0142 w przeciwn\u0105, wi\u0119c nie ma si\u0119 co oburza\u0107 (przesadnie).<\/p>\n<p>\u017byjemy w Polsce dw\u00f3ch plemion, umiejscowionych po przeciwnych stronach sceny politycznej i cokolwiek by nie pisano o aferach jednej b\u0105d\u017a drugiej strony, nie b\u0119dzie to mia\u0142o wi\u0119kszego znaczenia dla przekona\u0144 owych plemion.<\/p>\n<p>Dla tych kt\u00f3rych nie za\u015blepia nienawi\u015b\u0107 do kt\u00f3rej\u015b z partii, \u015bciema zawarta we wpisie Redaktora W\u0119glarczyka jest oczywista, podobnie jak deklaracje tej samej tre\u015bci p\u0142yn\u0105ce z medi\u00f3w prawicowych. I jedni i drudzy w swej wi\u0119kszo\u015bci dowodzili b\u0119d\u0105 grzechu przeciwnika i w\u0142asnej cnoty.<\/p>\n<p>Gra toczy si\u0119 o tych po\u015brodku, kt\u00f3rzy mog\u0105 da\u0107 si\u0119 jeszcze przeci\u0105gn\u0105\u0107 na jedn\u0105 b\u0105d\u017a drug\u0105 stron\u0119. \u015arodki? Przekupstwo b\u0105d\u017a argumenty, cho\u0107 konieczno\u015b\u0107 wykarmienia rodziny cz\u0119sto zwi\u0119ksza wag\u0119 pierwszego elementu kosztem drugiego. Nie rozp\u0119dzajmy si\u0119 te\u017c z pochopnym pot\u0119pianiem takiej postawy ale tym w\u0105tkiem zajmiemy si\u0119 w innym miejscu.<\/p>\n<p>Co do obiektywno\u015bci Onetu.<\/p>\n<p>Przez dwa lata po przegranej PiS w 2007 r. na portalu nie by\u0142o praktycznie \u017cadnych (nie przesadzamy) informacji o poczynaniach \u00f3wczesnego rz\u0105du PO-PSL.<\/p>\n<p>Przez dwa lata co dzie\u0144 by\u0142y natomiast informacje o PiS i Kaczy\u0144skich w szczeg\u00f3lno\u015bci, w negatywnym oczywi\u015bcie nastawieniu.<\/p>\n<p>Dopiero po ok. dw\u00f3ch latach sytuacja si\u0119 zmieni\u0142a i mo\u017cna si\u0119 by\u0142o dowiedzie\u0107 co robi, czy tez raczej nie robi rz\u0105d Premiera Tuska.<\/p>\n<p>S\u0142ynny dowcip, &#8222;Dlaczego Tusk wstaje o 5 rano? \u017beby m\u00f3c d\u0142u\u017cej nic nie robi\u0107.&#8221; nie wzi\u0105\u0142 si\u0119 z niczego.<\/p>\n<p>Jest rzecz\u0105 normaln\u0105, i\u017c wi\u0119kszo\u015b\u0107 onetowych artyku\u0142\u00f3w i news\u00f3w ma w mniejszym b\u0105d\u017a wi\u0119kszym stopniu nastawienie antypisowskie. Nienormalne jest dowodzenie, \u017ce co\u015b takiego jest czym\u015b niezwyk\u0142ym.<\/p>\n<p>Z pewno\u015bci\u0105 list Marka Dekana i s\u0142owa Premiera Pawlaka spowoduj\u0105, i\u017c przez jaki\u015b czas proporcje politycznych tre\u015bci publikowanych na portalu nieco si\u0119 wyr\u00f3wnaj\u0105, nie w\u0105tpimy jednak, i\u017c przed eurowyborami sytuacja wr\u00f3ci do normy.<\/p>\n<p>Norma za\u015b jest taka, i\u017c wi\u0119kszo\u015b\u0107 onetowych wpis\u00f3w ma dyskredytowa\u0107 PiS.<\/p>\n<p>Nie chodzi tu przy tym o tytu\u0142y brzmi\u0105ce jednoznacznie, \u017ce PiS, Kaczy\u0144ski b\u0105d\u017a kt\u00f3ry\u015b z lider\u00f3w partii jest z\u0142y, be i fuj, cho\u0107 i podobne przypadki si\u0119 zdarza\u0142y.<\/p>\n<p>Antypisowo\u015b\u0107 wyra\u017ca si\u0119 w og\u00f3lnym nastawieniu pot\u0119piaj\u0105cym warto\u015bci uto\u017csamiane z prawicowym \u015brodowiskiem, jak konserwatywne pogl\u0105dy, tradycyjne warto\u015bci i nieograniczony temat jakim jest Ko\u015bci\u00f3\u0142 Katolicki.<\/p>\n<p>Oczywi\u015bcie pojawiaj\u0105 si\u0119 na Onecie i tre\u015bci pot\u0119piaj\u0105ce patologiczne postawy i polityczne gierki w \u015brodowiskach nieprzychylnych PiS. Jednak pojawiaj\u0105 si\u0119 one i znikaj\u0105 tego samego dnia, podczas gdy szczeg\u00f3lnie dotkliwe dla prawej strony sceny politycznej newsy potrafi\u0105 &#8222;wisie\u0107&#8221; i trzy dni.<\/p>\n<p>Fakt, i\u017c mo\u017cliwe jest na Onecie zapozna\u0107 si\u0119 z przewinieniami tzw. obozu liberalnego (kt\u00f3ry wcale nie jest liberalny) to jest jeden z atut\u00f3w portalu i \u017ar\u00f3de\u0142 jego sukcesu je\u015bli chodzi o szerok\u0105 baz\u0119 odbiorc\u00f3w.<\/p>\n<p>Najwa\u017cniejszym tego elementem by\u0142o jednak forum, ewenement na skal\u0119 Europy Zachodniej, gdy\u017c ci\u0119\u017cko za nasz\u0105 zachodni\u0105 granic\u0105 znale\u017a\u0107 tak szeroko oddzia\u0142uj\u0105cy portal, na kt\u00f3rym z por\u00f3wnywaln\u0105 swobod\u0105 mo\u017cna by\u0142o si\u0119 spiera\u0107 i komentowa\u0107 rzeczywisto\u015b\u0107.<\/p>\n<p>Oczywi\u015bcie by\u0142a cenzura, z prewencyjn\u0105 w\u0142\u0105cznie, ale i tak forum stanowi\u0142o wyj\u0105tkow\u0105 stref\u0119 wolno\u015bci.<\/p>\n<p>Z tego wzgl\u0119du nie dziwi\u0105 \u017cale internaut\u00f3w wylewane na r\u00f3\u017cnych forach, nierozumiej\u0105cych z jakiego powodu zmieniono dotychczasow\u0105 formu\u0142\u0119 komentowania.<\/p>\n<p>Zapewne prze\u0142o\u017cy si\u0119 to na spadek ods\u0142on, cho\u0107 nie na tyle by zmusi\u0107 szef\u00f3w Onetu do zmiany polityki.<\/p>\n<p class=\"bawpvc-ajax-counter\" data-id=\"589\">\n","protected":false},"excerpt":{"rendered":"<p>Niniejszy w\u0105tek by\u0142 cz\u0119\u015bci\u0105 poprzedniego wpisu, zdecydowali\u015bmy jednak, i\u017c Pan <a class=\"more-link\" href=\"https:\/\/oko.pres-24.pl\/?p=589\">Czytaj dalej \u2192<\/a><\/p>\n","protected":false},"author":1,"featured_media":0,"comment_status":"open","ping_status":"closed","sticky":false,"template":"","format":"standard","meta":{"footnotes":""},"categories":[1],"tags":[],"class_list":["post-589","post","type-post","status-publish","format-standard","hentry","category-uncategorized"],"aioseo_notices":[],"_links":{"self":[{"href":"https:\/\/oko.pres-24.pl\/index.php?rest_route=\/wp\/v2\/posts\/589","targetHints":{"allow":["GET"]}}],"collection":[{"href":"https:\/\/oko.pres-24.pl\/index.php?rest_route=\/wp\/v2\/posts"}],"about":[{"href":"https:\/\/oko.pres-24.pl\/index.php?rest_route=\/wp\/v2\/types\/post"}],"author":[{"embeddable":true,"href":"https:\/\/oko.pres-24.pl\/index.php?rest_route=\/wp\/v2\/users\/1"}],"replies":[{"embeddable":true,"href":"https:\/\/oko.pres-24.pl\/index.php?rest_route=%2Fwp%2Fv2%2Fcomments&post=589"}],"version-history":[{"count":3,"href":"https:\/\/oko.pres-24.pl\/index.php?rest_route=\/wp\/v2\/posts\/589\/revisions"}],"predecessor-version":[{"id":626,"href":"https:\/\/oko.pres-24.pl\/index.php?rest_route=\/wp\/v2\/posts\/589\/revisions\/626"}],"wp:attachment":[{"href":"https:\/\/oko.pres-24.pl\/index.php?rest_route=%2Fwp%2Fv2%2Fmedia&parent=589"}],"wp:term":[{"taxonomy":"category","embeddable":true,"href":"https:\/\/oko.pres-24.pl\/index.php?rest_route=%2Fwp%2Fv2%2Fcategories&post=589"},{"taxonomy":"post_tag","embeddable":true,"href":"https:\/\/oko.pres-24.pl\/index.php?rest_route=%2Fwp%2Fv2%2Ftags&post=589"}],"curies":[{"name":"wp","href":"https:\/\/api.w.org\/{rel}","templated":true}]}}