{"id":587,"date":"2018-12-02T13:59:39","date_gmt":"2018-12-02T13:59:39","guid":{"rendered":"http:\/\/oko.pres-24.pl\/?p=587"},"modified":"2019-01-22T09:02:08","modified_gmt":"2019-01-22T09:02:08","slug":"komu-wolno-a-komu-nie-wolno-urzadzac-prowokacje-czyli-kontrola-skarbowa-vs-impreza-urodzinowa-a-hitlera","status":"publish","type":"post","link":"https:\/\/oko.pres-24.pl\/?p=587","title":{"rendered":"Komu wolno, a komu nie wolno urz\u0105dza\u0107 prowokacje, czyli kontrola skarbowa vs impreza urodzinowa (A.Hitlera)."},"content":{"rendered":"<p>Ca\u0142a Polska zadr\u017ca\u0142a z oburzeniem na post\u0119powanie nadgorliwych urz\u0119dniczek skarbowych z Bartoszyc, kt\u00f3re w drodze prowokacji na\u0142o\u017cy\u0142y mandat na uczynnego pracownika warsztatu samochodowego, kt\u00f3ry nie wystawi\u0142 rachunku za wymian\u0119, po godzinach, \u017car\u00f3wki w poje\u017adzie pa\u0144.<\/p>\n<p>Cel\u00a0 by\u0142 szczytny. Wystawianie rachunk\u00f3w, a w konsekwencji p\u0142acenie podatk\u00f3w to obowi\u0105zek obywateli i jeden z fundament\u00f3w pa\u0144stwa, gdy\u017c bez podatk\u00f3w nie jest ono w stanie funkcjonowa\u0107.<\/p>\n<p>Razi jednak styl ca\u0142ej operacji, w konsekwencji czego &#8222;Dura lex sed lex&#8221; nie okaza\u0142o si\u0119 takie &#8222;dura&#8221; i w\u015br\u00f3d spo\u0142ecze\u0144stwa rozleg\u0142 si\u0119 chichot na wie\u015b\u0107, i\u017c to nadgorliwym urz\u0119dniczkom grozi mandat.<\/p>\n<p>W tym przypadku w starciu obywatel &#8211; pa\u0144stwo to obywatel\u00a0 zwyci\u0119\u017cy\u0142.<\/p>\n<p>Inn\u0105, potencjaln\u0105 prowokacj\u0105 o kt\u00f3rej g\u0142o\u015bno si\u0119 zrobi\u0142o w ostatnim czasie jest sprawa hailuj\u0105cego dziennikarza TVN, jednego z autor\u00f3w reporta\u017cu o urodzinach Hitlera.<\/p>\n<p>Pr\u00f3ba postawienia mu zarzut\u00f3w przez prokuratur\u0119 natychmiast spotka\u0142a si\u0119 z kontrakcj\u0105 ze strony jedynie s\u0142usznych medi\u00f3w, a spraw\u0119 przes\u0105dzi\u0142 list Pani ambasador USA.<\/p>\n<p><strong>Na marginesie dodajmy, \u017ce w USA mo\u017cna \u015bwi\u0119towa\u0107 co si\u0119 chce, jak chce i z u\u017cyciem jakichkolwiek symboli i organom pa\u0144stwa nic do tego, pod warunkiem, \u017ce przy okazji takich obchod\u00f3w nie sk\u0142ada si\u0119 np. ofiary z bli\u017aniego. <\/strong><\/p>\n<p>Potencjalna presja mi\u0119dzynarodowa okaza\u0142a si\u0119 zbyt silna i oskar\u017cenie wycofano.<\/p>\n<p>Poniewa\u017c podobno nie ma g\u0142upich pyta\u0144, wi\u0119c zastan\u00f3wmy si\u0119, czy obchody urodzin Hitlera mog\u0142y by\u0107 prowokacj\u0105?<\/p>\n<p>Zgodnie z t\u0105 hipotez\u0105, dziennikarze TVN zaprzyja\u017anili si\u0119 z cz\u0142onkami stowarzyszenia &#8222;Duma i Nowoczesno\u015b\u0107&#8221; (nazywanymi dalej idiotami) powo\u0142uj\u0105c si\u0119 na wsp\u00f3lnot\u0119 pogl\u0105d\u00f3w. Uwiarygodnili si\u0119 \u0142ami\u0105c ustaw\u0119 o propagowaniu symboli odwo\u0142uj\u0105cych si\u0119 do nazizmu, m.in. hailuj\u0105c, co zosta\u0142o utrwalone na zdj\u0119ciach.<\/p>\n<p>Dysponuj\u0105c \u015brodkami finansowymi na gad\u017cety zaproponowali zorganizowanie urodzin nazistowskiego przyw\u00f3dcy, na co idioci przystali.<\/p>\n<p><em>Ergo<\/em> &#8211; w \u015bwiat posz\u0142a rado\u015bnie przez uczynne media rozpropagowana informacja o nazistowskiej, rasistowskiej itp. Polsce.<\/p>\n<p><strong>Ma\u0142a dygresja. CNN opublikowa\u0142 przed kilkoma dniami efekty bada\u0144 opinii publicznej w krajach Europy Zachodniej i \u015arodkowej z kt\u00f3rych wynika, i\u017c w Polsce postawy antysemickie s\u0105 najs\u0142absze (w\u015br\u00f3d zbadanych kraj\u00f3w). <\/strong><\/p>\n<p>Wracaj\u0105c do TVN. Jakie poszlaki przemawia\u0142yby za prowokacj\u0105 Bertolda Kittla, Anny Sobolewskiej i\u00a0Piotra Wacowskiego?<\/p>\n<p>Po pierwsze s\u0105 to czynniki czysto ludzkie, jak ch\u0119\u0107 umocnienia pozycji w \u015brodowisku dziennikarskim, w nie\u0142atwych czasach dla bran\u017cy tradycyjnych medi\u00f3w. Mo\u017ce to sk\u0142ania\u0107 do ryzykownych posuni\u0119\u0107.<\/p>\n<p>To oczywi\u015bcie s\u0142aby argument. Kolejne przes\u0142anki s\u0105 ju\u017c powa\u017cniejszej natury.<\/p>\n<p><em>Is fecit cui prodest.<\/em> Kto skorzysta\u0142 na omawianym reporta\u017cu? Poza oczywi\u015bcie dziennikarzami &#8211; chwilowymi celebrytami.<\/p>\n<p>Zdj\u0119cia grupki idiot\u00f3w wreszcie dostarczy\u0142y jakie\u015b wizualne dowody na poparcie g\u0142oszonej wszem i wobec tezy o faszyzmie, rasizmie\u00a0 i ko\u0144cu demokracji w Polsce.<\/p>\n<p>Oczywi\u015bcie eksploatowane s\u0105 w dalszym ci\u0105gu nagrania z Marszu Niepodleg\u0142o\u015bci. W tym roku w dn. 11 listopada na portalu Onet pod r\u00f3\u017cnymi artyku\u0142ami puszczano nagrania z zamieszek podczas marsz\u00f3w z okresu rz\u0105d\u00f3w PO-PSL. I w TVN nie brakowa\u0142o wspomnie\u0144.<\/p>\n<p>Zabawne, nieprawda\u017c? Nie pokazywano marsz\u00f3w z ostatnich lat,\u00a0 po przej\u0119ciu w\u0142adzy przez PiS, gdy przebiega\u0142y one ca\u0142kowicie pokojowo. Fakt ten dowodzi tylko, i\u017c te tak eksploatowane medialnie zamieszki by\u0142y efektem prowokacji s\u0142u\u017cb poprzedniej ekipy.<\/p>\n<p>Tak wi\u0119c cho\u0107 w MSW nie ma obecnie kto inicjowa\u0107 antypisowskich wyst\u0105pie\u0144, to w mediach znajdzie si\u0119 niejeden &#8222;spiritus movens&#8221;.<\/p>\n<p>Ca\u0142kiem niedawno Mark Dekan, szef Ringier Axel Springer Media, wys\u0142a\u0142 pracownikom polskiego oddzia\u0142u firmy (obejmuj\u0105cego m.in. redakcje \u201eFakt\u201d, \u201eNewsweeka\u201d, \u201ePrzegl\u0105du Sportowego\u201d i Onet.pl) list z zaleceniami kt\u00f3r\u0105 stron\u0119 polskiej sceny politycznej nale\u017cy &#8222;drapa\u0107 po pleckach&#8221;.<\/p>\n<p>Przyzwolenie z g\u00f3ry jest. R\u00f3bcie, dzia\u0142ajcie, a mo\u017ce i troszk\u0119 podretuszujcie. \u015arodki si\u0119 znajd\u0105 i staniemy za wami murem.<\/p>\n<p>Wisienk\u0119 na torcie upieczonym przez Pana Dekana po\u0142o\u017cy\u0142 premier Waldemar Pawlak. Zacytujmy: &#8222;do\u00a0takiej firmy jak TVN op\u0142aci si\u0119 dop\u0142aci\u0107, \u017ceby mie\u0107 taki wp\u0142yw na\u00a0polityk\u0119 jak TVN. Niemcy sobie kupili &#8211; przez inwestycj\u0119 w\u00a0Axel Springer \u2013 \u201eFakt\u201d, \u201eNewsweek\u201d, Onet.&#8221;.<\/p>\n<p>I dalej: &#8222;Dzisiaj oddzia\u0142ywanie medi\u00f3w, kt\u00f3re s\u0105\u00a0pod kontrol\u0105 r\u00f3\u017cnych mi\u0119dzynarodowych koncern\u00f3w, jest du\u017co wi\u0119ksze na\u00a0polski rz\u0105d ni\u017c wszystkich przedsi\u0119biorc\u00f3w razem wzi\u0119tych.&#8221;.<\/p>\n<p>Ameryki Pan Pawlak nie odkry\u0142, ale s\u0142owa takie padaj\u0105ce z ust niepisowca maj\u0105 jednak dodatkowy smaczek.<\/p>\n<p>Czy na podstawie powy\u017cszych przes\u0142anek, ca\u0142kowicie bezzasadn\u0105 jest hipoteza o obchodach urodzin Hitlera jako inspiracji dziennikarzy TVN?<\/p>\n<p>Trzeba po prostu spraw\u0119 zbada\u0107 jako jeden z w\u0105tk\u00f3w. I tyle.<\/p>\n<p>Tym bardziej, \u017ce rozg\u0142aszanie o owym nieszcz\u0119snym party na ca\u0142y \u015bwiat stwarza, w \u015bwietle raportu CNN, nieprawdziwe wra\u017cenie o postawie spo\u0142ecze\u0144stwa w Polsce.<\/p>\n<p class=\"bawpvc-ajax-counter\" data-id=\"587\">\n","protected":false},"excerpt":{"rendered":"<p>Ca\u0142a Polska zadr\u017ca\u0142a z oburzeniem na post\u0119powanie nadgorliwych urz\u0119dniczek skarbowych <a class=\"more-link\" href=\"https:\/\/oko.pres-24.pl\/?p=587\">Czytaj dalej \u2192<\/a><\/p>\n","protected":false},"author":1,"featured_media":0,"comment_status":"open","ping_status":"closed","sticky":false,"template":"","format":"standard","meta":{"footnotes":""},"categories":[1],"tags":[],"class_list":["post-587","post","type-post","status-publish","format-standard","hentry","category-uncategorized"],"aioseo_notices":[],"_links":{"self":[{"href":"https:\/\/oko.pres-24.pl\/index.php?rest_route=\/wp\/v2\/posts\/587","targetHints":{"allow":["GET"]}}],"collection":[{"href":"https:\/\/oko.pres-24.pl\/index.php?rest_route=\/wp\/v2\/posts"}],"about":[{"href":"https:\/\/oko.pres-24.pl\/index.php?rest_route=\/wp\/v2\/types\/post"}],"author":[{"embeddable":true,"href":"https:\/\/oko.pres-24.pl\/index.php?rest_route=\/wp\/v2\/users\/1"}],"replies":[{"embeddable":true,"href":"https:\/\/oko.pres-24.pl\/index.php?rest_route=%2Fwp%2Fv2%2Fcomments&post=587"}],"version-history":[{"count":4,"href":"https:\/\/oko.pres-24.pl\/index.php?rest_route=\/wp\/v2\/posts\/587\/revisions"}],"predecessor-version":[{"id":627,"href":"https:\/\/oko.pres-24.pl\/index.php?rest_route=\/wp\/v2\/posts\/587\/revisions\/627"}],"wp:attachment":[{"href":"https:\/\/oko.pres-24.pl\/index.php?rest_route=%2Fwp%2Fv2%2Fmedia&parent=587"}],"wp:term":[{"taxonomy":"category","embeddable":true,"href":"https:\/\/oko.pres-24.pl\/index.php?rest_route=%2Fwp%2Fv2%2Fcategories&post=587"},{"taxonomy":"post_tag","embeddable":true,"href":"https:\/\/oko.pres-24.pl\/index.php?rest_route=%2Fwp%2Fv2%2Ftags&post=587"}],"curies":[{"name":"wp","href":"https:\/\/api.w.org\/{rel}","templated":true}]}}