{"id":577,"date":"2018-11-11T10:40:42","date_gmt":"2018-11-11T10:40:42","guid":{"rendered":"http:\/\/oko.pres-24.pl\/?p=577"},"modified":"2019-01-22T09:05:47","modified_gmt":"2019-01-22T09:05:47","slug":"prezydent-a-duda-wszystko-zepsul","status":"publish","type":"post","link":"https:\/\/oko.pres-24.pl\/?p=577","title":{"rendered":"Prezydent A.Duda wszystko zepsu\u0142."},"content":{"rendered":"<p>W Niemczech co roku (KA\u017bDEGO ROKU) maj\u0105 miejsce zadymy uliczne, kt\u00f3rych nieod\u0142\u0105czn\u0105 cz\u0119\u015bci\u0105 s\u0105 walki z policj\u0105 oraz demolowanie mienia publicznego i prywatnego.<\/p>\n<p>Sytuacja ta ma miejsce CO ROKU, pomimo i\u017c za ka\u017cdym razem sytuacja si\u0119 powtarza.<\/p>\n<p>Z jakiego powodu w\u0142adze nie zakazuj\u0105 organizacji tych protest\u00f3w? Poza g\u00f3rnolotnymi has\u0142ami o pluralizmie, wolno\u015bci i swobodzie wyra\u017cania pogl\u0105d\u00f3w chodzi o wa\u017cniejszy i bardziej prozaiczny pow\u00f3d, jakim jest utrzymanie radykalnych organizacji pod kontrol\u0105.<\/p>\n<p>Nie tak dawno temu wybuch\u0142a u naszego zachodniego s\u0105siada afera, gdy media ujawni\u0142y nadreprezentatywno\u015b\u0107 policyjnych agent\u00f3w w radykalnych organizacjach. Ba! Okazali si\u0119 oni niejednokrotnie bardziej radykalni ni\u017c wielu &#8222;normalnych&#8221; cz\u0142onk\u00f3w i to z ich inicjatywy podejmowano najbardziej widowiskowe (czyt. niszczycielskie) operacje.<\/p>\n<p>Ot, zyskiwali w ten. spos\u00f3b pos\u0142uch w\u015br\u00f3d towarzyszy.<\/p>\n<p>Nie pochwalamy oczywi\u015bcie a\u017c tak daleko id\u0105cej inicjatywy s\u0142u\u017cb, niemniej faktem jest, i\u017c dzia\u0142ania takie s\u0142u\u017c\u0105 utrzymaniu potencjalnie nieobliczalnych organizacji w ryzach. Pozwalaj\u0105c im si\u0119 wyszumie\u0107, w rzeczywisto\u015bci trzyma si\u0119 je pod kontrol\u0105, a dzi\u0119ki informacjom z wewn\u0105trz mo\u017cliwe staje si\u0119 zapobie\u017cenie prawdziwym tragediom.<\/p>\n<p>Manifestacje, nawet te radykalne s\u0142u\u017c\u0105 wi\u0119c w rzeczywisto\u015bci utrzymaniu \u0142adu spo\u0142ecznego, a nie jego destabilizacji i truizmem jest stwierdzenie, i\u017c Pani Prezydent Warszawy wie o tym doskonale.<\/p>\n<p>O c\u00f3\u017c wi\u0119c chodzi? To te\u017c bana\u0142 z kt\u00f3rego wszyscy zdajemy sobie spraw\u0119. Polityka.<\/p>\n<p>Plan wydawa\u0142 si\u0119 doskona\u0142y. Zakazuj\u0105c organizowanego przez narodowc\u00f3w marszu 11-go listopada Pani Gronkiewicz-Waltz nie mog\u0142a przegra\u0107.<\/p>\n<p>Oczywistym bowiem by\u0142o, i\u017c narodowcy i tak przyjad\u0105 pospacerowa\u0107 po ulicach Warszawy i decyzja Prezydenta o zorganizowaniu w\u0142asnego marszu, og\u0142oszona jeszcze przed uchyleniem przez s\u0105d decyzji HGW, nie ma na to \u017cadnego wp\u0142ywu.<\/p>\n<p>Dzi\u0119ki zakazowi b\u0119d\u0105 wkurzeni i podatni na prowokacje. Tak na marginesie to dysponujemy nagraniem stanowi\u0105cym mocn\u0105 poszlak\u0119, \u017ce burdy do kt\u00f3rych dochodzi\u0142o podczas minionych marsz\u00f3w z okazji \u015awi\u0119ta Odzyskania Niepodleg\u0142o\u015bci, by\u0142y efektem prowokacji polskiej policji.<\/p>\n<p>Poza tym chyba nikomu nie umkn\u0105\u0142 fakt, i\u017c odk\u0105d w\u0142adz\u0119 przej\u0105\u0142 PiS, marsze sta\u0142y si\u0119 spokojniejsze.<\/p>\n<p>Domy\u015blamy si\u0119 wi\u0119c, i\u017c intencj\u0105 kt\u00f3ra kierowa\u0142a zakazem Prezydentki Warszawy by\u0142o doprowadzenie do zamieszek z udzia\u0142em narodowc\u00f3w. Towarzyszy\u0142y by im oczywi\u015bcie akty wandalizmu na mieniu publicznym, a i niejeden postronny widz oberwa\u0142by jakim\u015b rykoszetem.<\/p>\n<p>Plusy powy\u017cszego scenariusza s\u0105 nast\u0119puj\u0105ce:<\/p>\n<ol>\n<li>Ci \u017ali narodowcy demoluj\u0105 miasto. Czy\u017c nie mia\u0142am racji zakazuj\u0105c marszu,<\/li>\n<li>To kolejny dow\u00f3d, \u017ce PiS jest z\u0142y i be. Policja nie by\u0142a sobie w stanie poradzi\u0107, gdy\u017c w rezultacie dzia\u0142a\u0144 z\u0142ego PiS funkcjonariusze siedz\u0105\/le\u017c\u0105 na L4,<\/li>\n<li>I tak w og\u00f3le rz\u0105dy PiS stworzy\u0142y w Polsce atmosfer\u0119 do tego i owego.<\/li>\n<\/ol>\n<p>Pod wp\u0142ywem powy\u017cszego obywatele z ca\u0142ej Polski popadaj\u0105 w oburzenie. Pani Prezydent ma w ten spos\u00f3b krztyn\u0119 osobistej zemsty na PiS (co nikogo nie powinno dziwi\u0107) i uzyskuje mocny fundament do startu w wyborach do&#8230; powiedzmy Parlamentu Europejskiego.<\/p>\n<p>Mamy wi\u0119c do czynienia z klasyczn\u0105 pr\u00f3b\u0105 eskalacji konfliktu, na kt\u00f3rym zreszt\u0105, niezale\u017cnie czy do niej dojdzie czy nie, zyskuj\u0105 zar\u00f3wno PiS jak i PO. Ot, polaryzacja w skutek kt\u00f3rej inne si\u0142y schodz\u0105 na dalszy plan.<\/p>\n<p>Niezale\u017cnie od faktu jak ostatecznie od strony prawnej b\u0119d\u0105 wygl\u0105da\u0142y warszawskie marsze, tj. czy b\u0119dzie jeden czy dwa i kto stanie na ich czele, ruch Prezydenta mo\u017ce znacznie os\u0142abi\u0107 si\u0142\u0119 argument\u00f3w przeciwnik\u00f3w marszu. Nie ma przy tym znaczenia fakt uchylenia przez s\u0105d decyzji HGW. Wszystko co si\u0119 stanie p\u00f3jdzie na konto Prezydenta i PiS (i tak by posz\u0142o &#8211; &#8222;korzystny klimat itp.&#8221;).<\/p>\n<p>Optymistycznie zak\u0142adamy, \u017ce argumenty maj\u0105 znaczenie dla kogokolwiek w Polsce opr\u00f3cz garstki utopijnych (nie, wcale nie inteligent\u00f3w, bo przynajmniej ci medialni dawno si\u0119 sprzedali) Polak\u00f3w.<\/p>\n<p>Wszystko zale\u017cy od tego, czy marsz narodowc\u00f3w przebiegnie spokojnie. Nie w\u0105tpimy, i\u017c b\u0119d\u0105 prowokacje. Z oczywistych wzgl\u0119d\u00f3w nie ze strony policji, jak to mia\u0142o miejsce przed &#8222;Dobr\u0105 Zmian\u0105&#8221;. Dla przeciwnik\u00f3w PiS to po prostu idealna okazja by uderzy\u0107 w ekip\u0119 rz\u0105dz\u0105c\u0105. Kluczowe jest wi\u0119c, czy s\u0142u\u017cby porz\u0105dkowe dadz\u0105 rad\u0119 w por\u0119 zneutralizowa\u0107 prowokator\u00f3w.<\/p>\n<p>Oczywiste jest, i\u017c w\u015br\u00f3d maszeruj\u0105cych jest ca\u0142kiem spora grupka idiot\u00f3w, kt\u00f3rzy w inicjatywie narodowc\u00f3w bior\u0105 udzia\u0142 wy\u0142\u0105czenie ze wzgl\u0119du na poczucie si\u0142y, jak\u0105 daje przynale\u017cno\u015b\u0107 do grupy.<\/p>\n<p>B\u0119d\u0105 i &#8222;kibole&#8221; i go\u015bcie \u015bwie\u017co po &#8222;si\u0142ce&#8221;, kt\u00f3rzy nie omieszkaj\u0105 skorzysta\u0107 z okazji by zaprezentowa\u0107 swoj\u0105 t\u0119\u017cyzn\u0119 fizyczn\u0105.<\/p>\n<p>Kluczowe jest wi\u0119c, by w por\u0119 powstrzyma\u0107 ich zapa\u0142.<\/p>\n<p>Je\u015bli pomimo stara\u0144 dojdzie do zadym. to&#8230; c\u00f3\u017c. Strona rz\u0105dowa b\u0119dzie argumentowa\u0107, i\u017c to HGW zaogni\u0142a sytuacj\u0119 i wkurzy\u0142a narodowc\u00f3w itp. pomimo stara\u0144 Premiera i Prezydenta by za\u0142agodzi\u0107 sytuacj\u0119.<\/p>\n<p>Opozycja oczywi\u015bcie b\u0119dzie g\u0142osi\u0107 wspomniane trzy punkty.<\/p>\n<p>Je\u015bli za\u015b nie dojdzie do zadym, PiS mo\u017ce dowodzi\u0107 i\u017c to dzi\u0119ki jego staraniom uratowano demokracj\u0119 w Warszawie, wolno\u015b\u0107 s\u0142owa zatriumfowa\u0142a itp., a HGW chcia\u0142a uniemo\u017cliwi\u0107 uczczenie \u015bwi\u0119ta pokojowym marszem.<\/p>\n<p>Co\u015b tak jednak czujemy, \u017ce je\u015bli marsz przebiegnie w pokojowej atmosferze, to po jego zako\u0144czeniu zamaskowane grupy by\u0142ych ju\u017c &#8222;uczestnik\u00f3w marszu&#8221; i tak co\u015b rozwal\u0105.<\/p>\n<p>Rozumiecie Pa\u0144stwo? 11 listopada to zbyt dobra okazja, by jedynie s\u0142uszne partie nie skorzysta\u0142y z okazji uderzenia w &#8222;Dobr\u0105 Zmian\u0119&#8221;.<\/p>\n<p>Mamy nadziej\u0119, \u017ce si\u0119 mylimy.<\/p>\n<p class=\"bawpvc-ajax-counter\" data-id=\"577\">\n","protected":false},"excerpt":{"rendered":"<p>W Niemczech co roku (KA\u017bDEGO ROKU) maj\u0105 miejsce zadymy uliczne, <a class=\"more-link\" href=\"https:\/\/oko.pres-24.pl\/?p=577\">Czytaj dalej \u2192<\/a><\/p>\n","protected":false},"author":1,"featured_media":0,"comment_status":"open","ping_status":"closed","sticky":false,"template":"","format":"standard","meta":{"footnotes":""},"categories":[1],"tags":[],"class_list":["post-577","post","type-post","status-publish","format-standard","hentry","category-uncategorized"],"aioseo_notices":[],"_links":{"self":[{"href":"https:\/\/oko.pres-24.pl\/index.php?rest_route=\/wp\/v2\/posts\/577","targetHints":{"allow":["GET"]}}],"collection":[{"href":"https:\/\/oko.pres-24.pl\/index.php?rest_route=\/wp\/v2\/posts"}],"about":[{"href":"https:\/\/oko.pres-24.pl\/index.php?rest_route=\/wp\/v2\/types\/post"}],"author":[{"embeddable":true,"href":"https:\/\/oko.pres-24.pl\/index.php?rest_route=\/wp\/v2\/users\/1"}],"replies":[{"embeddable":true,"href":"https:\/\/oko.pres-24.pl\/index.php?rest_route=%2Fwp%2Fv2%2Fcomments&post=577"}],"version-history":[{"count":6,"href":"https:\/\/oko.pres-24.pl\/index.php?rest_route=\/wp\/v2\/posts\/577\/revisions"}],"predecessor-version":[{"id":628,"href":"https:\/\/oko.pres-24.pl\/index.php?rest_route=\/wp\/v2\/posts\/577\/revisions\/628"}],"wp:attachment":[{"href":"https:\/\/oko.pres-24.pl\/index.php?rest_route=%2Fwp%2Fv2%2Fmedia&parent=577"}],"wp:term":[{"taxonomy":"category","embeddable":true,"href":"https:\/\/oko.pres-24.pl\/index.php?rest_route=%2Fwp%2Fv2%2Fcategories&post=577"},{"taxonomy":"post_tag","embeddable":true,"href":"https:\/\/oko.pres-24.pl\/index.php?rest_route=%2Fwp%2Fv2%2Ftags&post=577"}],"curies":[{"name":"wp","href":"https:\/\/api.w.org\/{rel}","templated":true}]}}