{"id":564,"date":"2018-09-28T07:11:58","date_gmt":"2018-09-28T07:11:58","guid":{"rendered":"http:\/\/oko.pres-24.pl\/?p=564"},"modified":"2020-02-28T08:55:20","modified_gmt":"2020-02-28T08:55:20","slug":"piotr-najsztub-i-afera-getback-czyli-o-tworczosci-pani-dominiki-wielowieyskiej","status":"publish","type":"post","link":"https:\/\/oko.pres-24.pl\/?p=564","title":{"rendered":"Piotr Najsztub i afera GetBack, czyli o tw\u00f3rczo\u015bci Pani Dominiki Wielowieyskiej."},"content":{"rendered":"<p>Szanowna Pani Dominiko Wielowieyska.<\/p>\n<p>Nie powiedzie\u0107 ca\u0142ej prawdy to tylko troszk\u0119 mniej ni\u017c sk\u0142ama\u0107.<\/p>\n<p>Pos\u0142uchajmy:<\/p>\n<audio class=\"wp-audio-shortcode\" id=\"audio-564-1\" preload=\"none\" style=\"width: 100%;\" controls=\"controls\"><source type=\"audio\/wav\" src=\"http:\/\/oko.pres-24.pl\/wp-content\/uploads\/2018\/09\/najsztub-20-sierpnia.wav?_=1\" \/><a href=\"http:\/\/oko.pres-24.pl\/wp-content\/uploads\/2018\/09\/najsztub-20-sierpnia.wav\">http:\/\/oko.pres-24.pl\/wp-content\/uploads\/2018\/09\/najsztub-20-sierpnia.wav<\/a><\/audio>\n<p>(nagranie troszk\u0119 poci\u0119te by zmniejszy\u0107 jego rozmiar, nie zmienia to jednak sensu wypowiedzi, Poranek TOK FM, 20.08.2018)<\/p>\n<p>Umkn\u0119\u0142o Pani, i\u017c Pan Najsztub spowodowa\u0142 wypadek nie tylko bez prawa jazdy ale i bez ubezpieczenia i PRZEGL\u0104DU!<\/p>\n<p>Prawa jazdy mo\u017cna zapomnie\u0107, zdarza si\u0119. Mo\u017cna r\u00f3wnie\u017c zapomnie\u0107 dowodu rejestracyjnego.<\/p>\n<p>Jednak pojazd kt\u00f3rym si\u0119 porusza\u0142 Pan Najsztub nie mia\u0142 wa\u017cnego PRZEGL\u0104DU.<\/p>\n<p>Jak\u0105 wi\u0119c kierowca mia\u0142 pewno\u015b\u0107, i\u017c samoch\u00f3d jest sprawny.<\/p>\n<p>Przecie\u017c mog\u0142y np. nie dzia\u0142a\u0107 prawid\u0142owo hamulce. Kieruj\u0105cy tego nie wiedzia\u0142, mo\u017cna wi\u0119c jazd\u0119 takim autem rozwa\u017ca\u0107 w kategoriach wprowadzenia \u015bwiadomie zagro\u017cenia w ruchu drogowym.<\/p>\n<p>Je\u015bli Pan Najsztub zdawa\u0142 sobie spraw\u0119, \u017ce mo\u017ce wyje\u017cd\u017ca\u0107 na ulic\u0119 niesprawnym autem, to\u00a0 chyba mia\u0142 \u015bwiadomo\u015b\u0107, \u017ce mo\u017ce doj\u015b\u0107 do wypadku. W najgorszym razie do nieumy\u015blnego spowodowania \u015bmierci, jednak z pe\u0142n\u0105 \u015bwiadomo\u015bci\u0105 wysokiego prawdopodobie\u0144stwa zaj\u015bcia takiego zdarzenia.<\/p>\n<p>Pani Dominiko, lubimy Pani\u0105 i pani emocjonalne zaanga\u017cowanie w s\u0142uszna spraw\u0119 ale prosimy o troszk\u0119 wi\u0119cej obiektywizmu.<\/p>\n<p>Niestety podczas audycji w dn. 30 lipca 2019 r. pope\u0142ni\u0142a Pani kolejny lapsus.<\/p>\n<p>Pos\u0142uchajmy:<\/p>\n<audio class=\"wp-audio-shortcode\" id=\"audio-564-2\" preload=\"none\" style=\"width: 100%;\" controls=\"controls\"><source type=\"audio\/wav\" src=\"http:\/\/oko.pres-24.pl\/wp-content\/uploads\/2018\/09\/30-lipca-GetBack.wav?_=2\" \/><a href=\"http:\/\/oko.pres-24.pl\/wp-content\/uploads\/2018\/09\/30-lipca-GetBack.wav\">http:\/\/oko.pres-24.pl\/wp-content\/uploads\/2018\/09\/30-lipca-GetBack.wav<\/a><\/audio>\n<p>(nagranie troszk\u0119 poci\u0119te by zmniejszy\u0107 jego rozmiar, nie zmienia to jednak sensu wypowiedzi, Poranek TOK FM, 30.07.2018)<\/p>\n<p>Zgodnie z prawd\u0105 komentuje Pani, i\u017c L.Balcerowicz po prostu wzi\u0105\u0142 udzia\u0142 w imprezie sponsorowanej przez GetBack za co pobra\u0142 wynagrodzenie. I tyle. Dalej jednak notuje Pani znaczny spadek formy.<\/p>\n<p>Pomagamy.<\/p>\n<p>Dawid Jackiewicz. Zarzut wobec Pana Jackiewicza brzmi \u201eMia\u0142 doprowadzi\u0107 do spotkania prezesa GetBacku, kt\u00f3ry szuka\u0142 rozwi\u0105zania dla problem\u00f3w z p\u0142ynno\u015bci\u0105, z szefem Polskiego Funduszu Rozwoju.\u201d Tylko co z niego wynika? Prawd\u0105 jest, i\u017c dosz\u0142o do spotkania, jednak nie zako\u0144czy\u0142o si\u0119 ono \u017cadnymi decyzjami.<\/p>\n<p>To niemal regu\u0142a, \u017ce politycy po odej\u015bciu ze swojej bran\u017cy zajmuj\u0105 si\u0119 lobbingiem, wykorzystuj\u0105c do tego zdobyte znajomo\u015bci. Jest to troszk\u0119 nie\u0142adne ale to fakt. Im wy\u017csze stanowisko, tym wy\u017csza pozycja w biznesie. Nawet tak niepowa\u017cny polityk, jakim by\u0142 Kazimierz Marcinkiewicz, po ust\u0105pieniu z urz\u0119du otrzyma\u0142 posadk\u0119 w Goldman Sachs.<\/p>\n<p>W przypadku pana Jackiewicza istotne jest to, i\u017c PFR nie da\u0142 si\u0119 wci\u0105gn\u0105\u0107 w ryzykowne operacje. Przecie\u017c to oczywiste i podobnie by\u0142o w przypadku interwencji ojca premiera.<\/p>\n<p>Kornel Morawiecki zosta\u0142 poproszony o interwencj\u0119 u syna. Otrzyma\u0142 odpowied\u017a by si\u0119 trzyma\u0142 od sprawy z daleka, co te\u017c uczyni\u0142. Czy to &#8222;stawanie w obronie&#8221;, jak si\u0119 Pani wyrazi\u0142a?<\/p>\n<p>Co to znaczy, \u017ce Pan Morawiecki &#8222;chodzi\u0142&#8221;? Co Pani ma na my\u015bli? Zdaje si\u0119 poszed\u0142 jeden raz.<\/p>\n<p>Co do firmy Pana Igora Jankego. Firma jak sama Pani stwierdzi\u0142a zajmuje si\u0119 PR-em. Zap\u0142acono jej to prowadzi ten PR. Badanie stanu finansowego zleceniodawcy nie wchodzi w zakres jej obowi\u0105zk\u00f3w. Nie wie Pani tego?<\/p>\n<p>Od badania kondycji finansowej firm s\u0105 agencje ratingowe, a te jak wiemy pisa\u0142y o GB w samych superlatywach.<\/p>\n<p>Ostatecznym za\u015b dowodem, i\u017c PiS nie mia\u0142 powi\u0105za\u0144 z GB jest fakt, i\u017c mimo pr\u00f3b wci\u0105gni\u0119cia przez by\u0142ego prezesa GB premiera w ratowanie firmy, jego listy nie spotka\u0142y si\u0119 z pozytywnym odzewem.<\/p>\n<p>Uprawnione jest wr\u0119cz twierdzenie, i\u017c zarz\u0105d GB celowo od d\u0142u\u017cszego czasu dobija\u0142 si\u0119 do drzwi obozu rz\u0105dz\u0105cego, by w\u0142a\u015bnie w sytuacji katastrofy zaszanta\u017cowa\u0107 ich.<\/p>\n<p>Tego jednoznacznie dowodz\u0105 listy Konrada K. ewidentnie nosz\u0105ce znamiona szanta\u017cu.<\/p>\n<p>Pani Dominiko. Ma\u0142o jest rzeczy kt\u00f3rymi mo\u017cna dowali\u0107 w PiS? Po co jeszcze kombinowa\u0107.<\/p>\n<p class=\"bawpvc-ajax-counter\" data-id=\"564\">\n","protected":false},"excerpt":{"rendered":"<p>Szanowna Pani Dominiko Wielowieyska. Nie powiedzie\u0107 ca\u0142ej prawdy to tylko <a class=\"more-link\" href=\"https:\/\/oko.pres-24.pl\/?p=564\">Czytaj dalej \u2192<\/a><\/p>\n","protected":false},"author":1,"featured_media":0,"comment_status":"open","ping_status":"closed","sticky":false,"template":"","format":"standard","meta":{"footnotes":""},"categories":[1],"tags":[],"class_list":["post-564","post","type-post","status-publish","format-standard","hentry","category-uncategorized"],"aioseo_notices":[],"_links":{"self":[{"href":"https:\/\/oko.pres-24.pl\/index.php?rest_route=\/wp\/v2\/posts\/564","targetHints":{"allow":["GET"]}}],"collection":[{"href":"https:\/\/oko.pres-24.pl\/index.php?rest_route=\/wp\/v2\/posts"}],"about":[{"href":"https:\/\/oko.pres-24.pl\/index.php?rest_route=\/wp\/v2\/types\/post"}],"author":[{"embeddable":true,"href":"https:\/\/oko.pres-24.pl\/index.php?rest_route=\/wp\/v2\/users\/1"}],"replies":[{"embeddable":true,"href":"https:\/\/oko.pres-24.pl\/index.php?rest_route=%2Fwp%2Fv2%2Fcomments&post=564"}],"version-history":[{"count":6,"href":"https:\/\/oko.pres-24.pl\/index.php?rest_route=\/wp\/v2\/posts\/564\/revisions"}],"predecessor-version":[{"id":1522,"href":"https:\/\/oko.pres-24.pl\/index.php?rest_route=\/wp\/v2\/posts\/564\/revisions\/1522"}],"wp:attachment":[{"href":"https:\/\/oko.pres-24.pl\/index.php?rest_route=%2Fwp%2Fv2%2Fmedia&parent=564"}],"wp:term":[{"taxonomy":"category","embeddable":true,"href":"https:\/\/oko.pres-24.pl\/index.php?rest_route=%2Fwp%2Fv2%2Fcategories&post=564"},{"taxonomy":"post_tag","embeddable":true,"href":"https:\/\/oko.pres-24.pl\/index.php?rest_route=%2Fwp%2Fv2%2Ftags&post=564"}],"curies":[{"name":"wp","href":"https:\/\/api.w.org\/{rel}","templated":true}]}}