{"id":559,"date":"2018-09-28T06:28:03","date_gmt":"2018-09-28T06:28:03","guid":{"rendered":"http:\/\/oko.pres-24.pl\/?p=559"},"modified":"2018-09-28T06:28:03","modified_gmt":"2018-09-28T06:28:03","slug":"adam-n-i-witek-m-apeluja-podaj-nazwisko","status":"publish","type":"post","link":"https:\/\/oko.pres-24.pl\/?p=559","title":{"rendered":"Adam N. i Witek M. apeluj\u0105: \u201ePodaj nazwisko!\u201d"},"content":{"rendered":"<p>Ostatnio sprawa przycich\u0142a ale my pragniemy j\u0105 niniejszym unie\u015bmiertelni\u0107, gdy\u017c nawet w dzisiejszych czasach takie cuda niecz\u0119sto si\u0119 zdarzaj\u0105. Chodzi o petycj\u0119 dw\u00f3ch anonimowych pan\u00f3w, Adama N. i Witka M. (Litery prawdopodobnych nazwisk nie \u015bwiadcz\u0105 o postawieniu ich w stan oskar\u017cenia, lecz o tym, i\u017c autorzy petycji pragn\u0105 pozosta\u0107 anonimowi).<\/p>\n<p>Petycja jest zatytu\u0142owana: &#8222;Apel o ukr\u00f3cenie politycznej dzia\u0142alno\u015bci Tadeusza Rydzyka&#8221;.<\/p>\n<p>Autorzy\u00a0 prosz\u0105 internaut\u00f3w o wsparcie, gdy\u017c chc\u0105 zebra\u0107 100 000 podpis\u00f3w poparcia, a nast\u0119pnie &#8222;Zapowiadaj\u0105 te\u017c, \u017ce je\u015bli jaka\u015b znana, dobrze kojarzona osobisto\u015b\u0107 b\u0119dzie chcia\u0142a zosta\u0107 ich ambasadorem, to ch\u0119tnie uczyni\u0105 j\u0105 swoim reprezentantem w kontakcie z G\u0142ow\u0105 Ko\u015bcio\u0142a.&#8221;<\/p>\n<p>Zbieranie tych 100\u00a0000 podpis\u00f3w idzie opornie, st\u0105d co jaki\u015b czas jedynie s\u0142uszna prasa i portale typu Onet przypominaj\u0105 o akcji anonimowych pan\u00f3w.<\/p>\n<p>ZREASUMUJMY.<\/p>\n<p>Dw\u00f3ch anonimowych &#8222;geniuszy&#8221; prosi 100 000 ludzi by swoim nazwiskiem podpisali si\u0119 pod ich petycj\u0105.<\/p>\n<p>Do 100 000 (do\u0142\u0105czy\u0107 ma celebryta(?)) kt\u00f3ry firmowa\u0107 b\u0119dzie spraw\u0119 swoim nazwiskiem.<\/p>\n<p>Jest to zaprawd\u0119 odwaga na miar\u0119 deklaracji redaktora Konstantego Geberta.<\/p>\n<p>Z jakich bowiem powod\u00f3w dwaj bohaterowie chc\u0105 pozosta\u0107 anonimowi?<\/p>\n<p>Boj\u0105 si\u0119 czego\u015b? Je\u015bli za zaanga\u017cowanie w ich spraw\u0119 grozi jakie\u015b niebezpiecze\u0144stwo to dlaczego chc\u0105 narazi\u0107 na nie 100 000 os\u00f3b + jedn\u0105.<\/p>\n<p>Czasem czyja\u015b g\u0142upota jest tak wielka, \u017ce boli sama \u015bwiadomo\u015b\u0107 jej istnienia.<\/p>\n<p class=\"bawpvc-ajax-counter\" data-id=\"559\">\n","protected":false},"excerpt":{"rendered":"<p>Ostatnio sprawa przycich\u0142a ale my pragniemy j\u0105 niniejszym unie\u015bmiertelni\u0107, gdy\u017c <a class=\"more-link\" href=\"https:\/\/oko.pres-24.pl\/?p=559\">Czytaj dalej \u2192<\/a><\/p>\n","protected":false},"author":1,"featured_media":0,"comment_status":"open","ping_status":"closed","sticky":false,"template":"","format":"standard","meta":{"footnotes":""},"categories":[1],"tags":[],"class_list":["post-559","post","type-post","status-publish","format-standard","hentry","category-uncategorized"],"aioseo_notices":[],"_links":{"self":[{"href":"https:\/\/oko.pres-24.pl\/index.php?rest_route=\/wp\/v2\/posts\/559","targetHints":{"allow":["GET"]}}],"collection":[{"href":"https:\/\/oko.pres-24.pl\/index.php?rest_route=\/wp\/v2\/posts"}],"about":[{"href":"https:\/\/oko.pres-24.pl\/index.php?rest_route=\/wp\/v2\/types\/post"}],"author":[{"embeddable":true,"href":"https:\/\/oko.pres-24.pl\/index.php?rest_route=\/wp\/v2\/users\/1"}],"replies":[{"embeddable":true,"href":"https:\/\/oko.pres-24.pl\/index.php?rest_route=%2Fwp%2Fv2%2Fcomments&post=559"}],"version-history":[{"count":1,"href":"https:\/\/oko.pres-24.pl\/index.php?rest_route=\/wp\/v2\/posts\/559\/revisions"}],"predecessor-version":[{"id":560,"href":"https:\/\/oko.pres-24.pl\/index.php?rest_route=\/wp\/v2\/posts\/559\/revisions\/560"}],"wp:attachment":[{"href":"https:\/\/oko.pres-24.pl\/index.php?rest_route=%2Fwp%2Fv2%2Fmedia&parent=559"}],"wp:term":[{"taxonomy":"category","embeddable":true,"href":"https:\/\/oko.pres-24.pl\/index.php?rest_route=%2Fwp%2Fv2%2Fcategories&post=559"},{"taxonomy":"post_tag","embeddable":true,"href":"https:\/\/oko.pres-24.pl\/index.php?rest_route=%2Fwp%2Fv2%2Ftags&post=559"}],"curies":[{"name":"wp","href":"https:\/\/api.w.org\/{rel}","templated":true}]}}