{"id":3566,"date":"2025-09-01T05:07:32","date_gmt":"2025-09-01T04:07:32","guid":{"rendered":"https:\/\/oko.pres-24.pl\/?p=3566"},"modified":"2025-09-01T05:44:34","modified_gmt":"2025-09-01T04:44:34","slug":"popieramy-tok-fm-tvn24-polityke-i-newsweek","status":"publish","type":"post","link":"https:\/\/oko.pres-24.pl\/?p=3566","title":{"rendered":"Popieramy TOK FM, TVN24, &#8222;Polityk\u0119&#8221; i &#8222;Newsweek&#8221;!"},"content":{"rendered":"\n<p>Mylili\u015bmy si\u0119. Tak! Czas to przyzna\u0107.<\/p>\n\n\n\n<p>Gor\u0105co wspierali\u015bmy starania Donalda Trumpa w celu zako\u0144czenia wojny na Ukrainie. <\/p>\n\n\n\n<p>Prezydent dwoi\u0142 si\u0119 i troi\u0142, pr\u00f3bowa\u0142 r\u00f3\u017cnych rzeczy, nie rezygnowa\u0142 i gdy jedna rzecz nie wychodzi\u0142a, natychmiast pr\u00f3bowa\u0142 innej. <\/p>\n\n\n\n<p>Stosuje metod\u0119 kija i marchewki, m\u0105drze maj\u0105c w pami\u0119ci, by nie przekroczy\u0107 czerwonej linii, zza kt\u00f3rej nie mo\u017cna si\u0119 wycofa\u0107. <\/p>\n\n\n\n<p>St\u0105d zastraszanie pa\u0144stw jak Indie, kt\u00f3re mimo swej pot\u0119gi nie stanowi\u0105 zagro\u017cenia dla istnienia cywilizacji globalnie. R\u00f3wnocze\u015bnie pr\u00f3by podbijania ego Putina, z czym mieli\u015bmy do czynienia podczas przywitania przyw\u00f3dcy Rosji na Alasce. <\/p>\n\n\n\n<p>Efekty, jak wiemy, s\u0105 r\u00f3\u017cne, jednak ten cz\u0142owiek pr\u00f3buje powstrzyma\u0107 rozlew krwi, \u015bmier\u0107 na linii frontu ale i zbrodnie na jego zapleczu, mordy i gwa\u0142ty na cywilach. <\/p>\n\n\n\n<p>Na antenach TOK FM, TVN 24 oraz \u0142amach &#8222;Polityki&#8221; i &#8222;Newsweeka&#8221; krytykuje si\u0119 dzia\u0142ania Prezydenta USA, niestety w typowy dla wi\u0119kszo\u015bci pracuj\u0105cych tam ludzi spos\u00f3b. Merytoryczn\u0105 konfrontacj\u0119 argument\u00f3w, z uwzgl\u0119dnieniem geopolitycznych reali\u00f3w, wypiera narracja w rodzaju: Trump to g\u0142upek. <\/p>\n\n\n\n<p>Cz\u0142owiek, kt\u00f3ry ca\u0142e \u017cycie jest &#8222;na fali&#8221;. Kto\u015b kto rozpracowa\u0142 system i kt\u00f3ry mimo globalnie atakuj\u0105cego go hejtu dwukrotnie zosta\u0142 Prezydentem najwi\u0119kszej pot\u0119go \u015bwiatowej ma by\u0107 idiot\u0105?<\/p>\n\n\n\n<p>Niemniej w \u015bwietle ostatnich wydarze\u0144 wypada wymienionym mediom przyzna\u0107 racj\u0119, i\u017c wojna na wschodzie ma trwa\u0107, a ludzie gin\u0105\u0107.<\/p>\n\n\n\n<p>Sk\u0105d nasza wolta?<\/p>\n\n\n\n<p>Czy potrafi kto\u015b z Pa\u0144stwa wskaza\u0107 kraj, kt\u00f3ry kiedykolwiek zrobi\u0142 co\u015b takiego dla swojego s\u0105siada, co Rzeczypospolita uczyni\u0142a dla Ukrainy?<\/p>\n\n\n\n<p>Przecie\u017c w obliczu konfliktu za granic\u0105 blokuje si\u0119 przej\u015bcia, pragn\u0105c unikn\u0105\u0107 niekontrolowanego zalewu wojennymi uchod\u017acami.<\/p>\n\n\n\n<p>Polska granic\u0119 otworzy\u0142a, a co wi\u0119cej, przyzna\u0142a przybyszom przywileje dost\u0119pne dotychczas tylko dla w\u0142asnych obywateli.<\/p>\n\n\n\n<p>Wydawa\u0142o si\u0119, i\u017c czego\u015b takiego nie da si\u0119 zignorowa\u0107 i poczucie wdzi\u0119czno\u015bci wzgl\u0119dem zachodniego s\u0105siada, stanie si\u0119 czym\u015b trwa\u0142ym w \u015bwiadomo\u015bci Ukrai\u0144c\u00f3w.<\/p>\n\n\n\n<p>\u0179le si\u0119 wydawa\u0142o.<\/p>\n\n\n\n<p>Nie uda\u0142o si\u0119 prze\u0142ama\u0107 pewnej fundamentalnej prawdy geopolitycznej. <\/p>\n\n\n\n<p>Nie mo\u017cna wzgl\u0119dem s\u0105siada mie\u0107 poczucia winy b\u0105d\u017a wdzi\u0119czno\u015bci. <\/p>\n\n\n\n<p>Z tego w\u0142a\u015bnie powodu w Niemczech nie ma powszechnej \u015bwiadomo\u015bci zbrodni dokonywanych na Polakach i z tego w\u0142a\u015bnie powodu, w mainstreamowych mediach na Ukrainie g\u0142oszone s\u0105 antypolskie has\u0142a.<\/p>\n\n\n\n<p>W\u0142adze Ukrainy wr\u0119cz ostentacyjnie marginalizuj\u0105 znaczenie Polski, wykluczaj\u0105c naszych przedstawicieli z grona decydent\u00f3w.<\/p>\n\n\n\n<p>Przyjmuje to wymiar zar\u00f3wno praktyczny, jak i symboliczny, w postaci ostentacyjnej gloryfikacji banderowc\u00f3w, czy s\u0142\u00f3w ukrai\u0144skiego historyka pod adresem S.Menzena, w kontek\u015bcie zamachu na B.Pierackiego.<\/p>\n\n\n\n<p>Oczywi\u015bcie rozumiemy, i\u017c ryzykuj\u0105cy co dzie\u0144 \u017cyciem na froncie \u017co\u0142nierze ukrai\u0144scy musz\u0105 mie\u0107 poczucie wy\u017cszego celu, jednak w\u0142adze Ukrainy nie czyni\u0105 \u017cadnych stara\u0144, by w komunikacji skierowanej na Zach\u00f3d tonowa\u0107 przekaz. <\/p>\n\n\n\n<p>W tym kontek\u015bcie jak zwykle zadziwiaj\u0105 nas ludzie pracuj\u0105cy we wspomnianych powy\u017cej mediach, kt\u00f3rzy s\u0105 w stanie zaakceptowa\u0107 ka\u017cdy nacjonalizm, byle nie polski.<\/p>\n\n\n\n<p>Wr\u00f3\u0107my do tematu. <\/p>\n\n\n\n<p>Chwil\u0119 po wybuchu wojny napisali\u015bmy text, w kt\u00f3rym dowodzimy, i\u017c niezale\u017cnie jak si\u0119 potocz\u0105 losy konfliktu, zwyci\u0119zca jest oczywisty. Wojn\u0119 wygraj\u0105 Chiny. <\/p>\n\n\n\n<p>W chwili obecnej jest ju\u017c wiadomo, kto wojn\u0119 przegra\u0142.<\/p>\n\n\n\n<p>Polska. <\/p>\n\n\n\n<p>Je\u015bli dojdzie do zako\u0144czenia walk za nasz\u0105 wschodni\u0105 granic\u0105, Polska b\u0119dzie ostatnim krajem, kt\u00f3ry otrzyma tam kontrakty. <\/p>\n\n\n\n<p>(Ewentualnie JSW skorzysta, je\u015bli cena ich w\u0119gla b\u0119dzie konkurencyjna dla odkrywek w innych cz\u0119\u015bciach \u015bwiata, sk\u0105d trzeba b\u0119dzie doliczy\u0107 transport). <\/p>\n\n\n\n<p>To si\u0119 geopolitycznie nie b\u0119dzie kalkulowa\u0142o. <\/p>\n\n\n\n<p>Z powod\u00f3w przytoczonych nieco wcze\u015bniej, idealnym inwestorem b\u0119d\u0105 Niemcy. <\/p>\n\n\n\n<p>Po prostu zawsze najlepiej robi\u0107 interesy z s\u0105siadem s\u0105siada. Poczucie wdzi\u0119czno\u015bci, tego faktu, i\u017c co\u015b jeste\u015bmy winni granicz\u0105cemu z nami krajowi os\u0142abia potencja\u0142 polityki zagranicznej, kt\u00f3ra z oczywistych wzgl\u0119d\u00f3w nastawiona jest na osi\u0105gni\u0119cie jak najsilniejszej pozycji wzgl\u0119dem innych pa\u0144stw.<\/p>\n\n\n\n<p>Przypuszczamy, i\u017c nieprzychylne dzia\u0142ania Ukrainy nie ogranicz\u0105 si\u0119 do sfery gospodarczej i r\u00f3wnie\u017c na arenie mi\u0119dzynarodowej dyplomacja Ukrainy b\u0119dzie dyskredytowa\u0142a pozycj\u0119 Rzeczypospolitej. <\/p>\n\n\n\n<p>To b\u0119dzie po prostu w ich interesie.<\/p>\n\n\n\n<p>W tej sytuacji jeszcze raz przypomnijmy, i\u017c niestety wypada wspiera\u0107 stanowisko TOK FM, TVN 24, &#8222;Polityki&#8221; i &#8222;Newsweeka&#8221; m\u00f3wi\u0105ce, i\u017c na Ukrainie maj\u0105 by\u0107 kontynuowane mordy i gwa\u0142ty. <\/p>\n\n\n\n<p>Trwaj\u0105cy konflikt zbrojny wymusza na w\u0142adzach skupienie si\u0119 na kwestii przetrwania, z oczywistych wzgl\u0119d\u00f3w. Rzeczy naprawd\u0119 dla nas niefajne zaczn\u0105 si\u0119, gdy walki zostan\u0105 przerwane. <\/p>\n\n\n\n<p>Jest jeszcze jeden aspekt, na drugim ko\u0144cu skali wzgl\u0119dem tego, co opisujemy powy\u017cej. <\/p>\n\n\n\n<p>W aspekcie czysto ludzkim. <\/p>\n\n\n\n<p>W odr\u00f3\u017cnieniu od &#8222;Merkelowej&#8221; migracji, wi\u0119kszo\u015b\u0107 przybysz\u00f3w z Ukrainy to kobiety i dzieci. <\/p>\n\n\n\n<p>Poczucie bezpiecze\u0144stwa jest jedn\u0105 z fundamentalnych potrzeb cz\u0142owieka i nie jest niczym dziwnym, i\u017c wiele spo\u015br\u00f3d ukrai\u0144skich kobiet zawar\u0142o zwi\u0105zki z polskimi, niemieckimi itp. m\u0119\u017cczyznami. <\/p>\n\n\n\n<p>To po prostu zabezpieczenie siebie i dzieci. Najnormalniejsza rzecz na \u015bwiecie. <\/p>\n\n\n\n<p>Chyba nie ma nikogo, kto nie zna\u0142by takich przypadk\u00f3w. <\/p>\n\n\n\n<p>Co jednak w sytuacji, gdy m\u0105\u017c takiej kobiety tkwi na linii frontu, broni\u0105c ojczyzny w imi\u0119 m.in. zapewnienia przysz\u0142o\u015bci swoim dzieciom. <\/p>\n\n\n\n<p>M\u0119\u017cczy\u017ani to niew\u0105tpliwie g\u0142upsza cz\u0119\u015b\u0107 spo\u0142ecze\u0144stwa i czym\u015b powszechnym jest wmawianie sobie, i\u017c &#8222;kocha i czeka&#8221;. <\/p>\n\n\n\n<p>Tak wi\u0119c za\u0142\u00f3\u017cmy, i\u017c wojna si\u0119 ko\u0144czy i w progu mieszkania, w kt\u00f3rym mieszka ukrai\u0144ska \u017cona z polskim partnerem, staje jej ukrai\u0144ski m\u0105\u017c. <\/p>\n\n\n\n<p>Cz\u0142owiek, kt\u00f3ry od kilku lat ogl\u0105da\u0142 poszarpane cia\u0142a, \u015bciera\u0142 z siebie krew przyjaci\u00f3\u0142 i znosi\u0142 frontowe \u017cycie wierz\u0105c, i\u017c po co\u015b to robi. <\/p>\n\n\n\n<p>W zasadzie powinien sobie poda\u0107 \u0142apk\u0119 z polskim koleg\u0105, kt\u00f3ry zaopiekowa\u0142 si\u0119 jego dzieckiem, jako\u015b nam si\u0119 jednak nie wydaje. <\/p>\n\n\n\n<p>C\u00f3\u017c wi\u0119c robi\u0107? <\/p>\n\n\n\n<p>W interesie Polski jest nadal bycie hubem po\u015brednicz\u0105cym w przekazywaniu broni na Ukrain\u0119. <\/p>\n\n\n\n<p>Nie swoj\u0105 oczywi\u015bcie. Dali\u015bmy ile mo\u017cna by\u0142o, czas zadba\u0107 o samych siebie. <\/p>\n\n\n\n<p>Ograniczenie finansowania r\u00f3\u017cnych &#8222;ukrai\u0144skich&#8221; potrzeb r\u00f3wnie\u017c jest uzasadnione w sytuacji, gdy za okazywan\u0105 pomoc, nasz s\u0105siad &#8222;pluje&#8221; w polsk\u0105 twarz.<\/p>\n\n\n\n<p>Czy naprawd\u0119 tych Starlink\u00f3w nie jest w stanie sfinansowa\u0107 kt\u00f3ry\u015b z tak przecie\u017c licznych ukrai\u0144skich miliarder\u00f3w?<\/p>\n\n\n\n<p>W sytuacji zagro\u017cenia istnienia pa\u0144stwa, w\u0142adza ma pe\u0142ne prawo wprowadzi\u0107 nadzwyczajn\u0105 danin\u0119 zw\u0142aszcza na tych, kt\u00f3rzy jej specjalnie nie odczuj\u0105.<\/p>\n\n\n\n<p>Na zako\u0144czenie pragniemy przypomnie\u0107, i\u017c do napisania tego textu sk\u0142oni\u0142a nas postawa &#8222;TOK FM&#8221;, &#8222;TVN 24&#8221;, &#8222;Polityki&#8221; i &#8222;Newsweeka&#8221;, kt\u00f3rzy konsekwentnie s\u0105 przeciwko zako\u0144czeniu wojny na Ukrainie i wspieraj\u0105 kontynuowanie tam rozlewu krwi, a jedynego cz\u0142owieka, kt\u00f3ry stara si\u0119 zapobiec przemocy nazywaj\u0105 w mniej lub bardziej jawnie zawoalowany spos\u00f3b &#8222;kretynem&#8221;.<\/p>\n\n\n\n<p><\/p>\n\n\n\n<p><\/p>\n<p class=\"bawpvc-ajax-counter\" data-id=\"3566\"><\/p>","protected":false},"excerpt":{"rendered":"<p>Mylili\u015bmy si\u0119. Tak! Czas to przyzna\u0107. Gor\u0105co wspierali\u015bmy starania Donalda <a class=\"more-link\" href=\"https:\/\/oko.pres-24.pl\/?p=3566\">Czytaj dalej \u2192<\/a><\/p>\n","protected":false},"author":1,"featured_media":0,"comment_status":"open","ping_status":"closed","sticky":false,"template":"","format":"standard","meta":{"footnotes":""},"categories":[1],"tags":[],"class_list":["post-3566","post","type-post","status-publish","format-standard","hentry","category-uncategorized"],"aioseo_notices":[],"_links":{"self":[{"href":"https:\/\/oko.pres-24.pl\/index.php?rest_route=\/wp\/v2\/posts\/3566","targetHints":{"allow":["GET"]}}],"collection":[{"href":"https:\/\/oko.pres-24.pl\/index.php?rest_route=\/wp\/v2\/posts"}],"about":[{"href":"https:\/\/oko.pres-24.pl\/index.php?rest_route=\/wp\/v2\/types\/post"}],"author":[{"embeddable":true,"href":"https:\/\/oko.pres-24.pl\/index.php?rest_route=\/wp\/v2\/users\/1"}],"replies":[{"embeddable":true,"href":"https:\/\/oko.pres-24.pl\/index.php?rest_route=%2Fwp%2Fv2%2Fcomments&post=3566"}],"version-history":[{"count":2,"href":"https:\/\/oko.pres-24.pl\/index.php?rest_route=\/wp\/v2\/posts\/3566\/revisions"}],"predecessor-version":[{"id":3568,"href":"https:\/\/oko.pres-24.pl\/index.php?rest_route=\/wp\/v2\/posts\/3566\/revisions\/3568"}],"wp:attachment":[{"href":"https:\/\/oko.pres-24.pl\/index.php?rest_route=%2Fwp%2Fv2%2Fmedia&parent=3566"}],"wp:term":[{"taxonomy":"category","embeddable":true,"href":"https:\/\/oko.pres-24.pl\/index.php?rest_route=%2Fwp%2Fv2%2Fcategories&post=3566"},{"taxonomy":"post_tag","embeddable":true,"href":"https:\/\/oko.pres-24.pl\/index.php?rest_route=%2Fwp%2Fv2%2Ftags&post=3566"}],"curies":[{"name":"wp","href":"https:\/\/api.w.org\/{rel}","templated":true}]}}