{"id":3512,"date":"2025-08-04T18:17:41","date_gmt":"2025-08-04T17:17:41","guid":{"rendered":"https:\/\/oko.pres-24.pl\/?p=3512"},"modified":"2025-08-12T09:15:46","modified_gmt":"2025-08-12T08:15:46","slug":"antypisiory-zegnaja-prezydenta-dude-i","status":"publish","type":"post","link":"https:\/\/oko.pres-24.pl\/?p=3512","title":{"rendered":"Odszed\u0142 Prezydent, niech \u017cyje Prezydent!"},"content":{"rendered":"\n<p>Prezydentura Andrzeja Dudy przejdzie do historii jako przej\u015bciowa. <\/p>\n\n\n\n<p>Brakowa\u0142o troszk\u0119 majestatu. <\/p>\n\n\n\n<p>Swego czasu, bodaj\u017ce w &#8222;Newsweeku&#8221; Pani Pawlicka przeprowadzi\u0142a wywiad z ojcem by\u0142ego Prezydenta. <\/p>\n\n\n\n<p>Pani redaktorka, jak to pani redaktorka&#8230; pr\u00f3bowa\u0142a tego i owego ale szyk i klasa Dudy seniora utrzyma\u0142y rozmow\u0119 na poziomie.<\/p>\n\n\n\n<p>Nasz\u0142a nas w\u00f3wczas refleksja, i\u017c to nie ten Duda zosta\u0142 prezydentem.<\/p>\n\n\n\n<p>Wiadomo jednak, \u017ce by wygra\u0107 elekcj\u0119 bycie m\u0105drym nie wystarczy i m\u0142odo\u015b\u0107 oraz luz podczas spotka\u0144 z wyborcami to by\u0142y niekwestionowane atuty.  <\/p>\n\n\n\n<p>Dlaczego prezydentura przej\u015bciowa?<\/p>\n\n\n\n<p>W minionym dziesi\u0119cioleciu nie mia\u0142a miejsca \u017cadna radykalna zmiana systemowa.<\/p>\n\n\n\n<p>Niew\u0105tpliwie na plus prezydenta zapisze si\u0119 postawa wobec Ukrainy i je\u015bli nasi wschodni s\u0105siedzi nie racz\u0105 o tym zapomnie\u0107, to jest tu ogromne pole dla dzia\u0142alno\u015bci Andrzeja Dudy podczas nowego etapu \u017cycia. <\/p>\n\n\n\n<p>Nieporozumieniem by\u0142y, naszym zdaniem, pytania referendalne zaproponowane przez G\u0142ow\u0119 Pa\u0144stwa. Wiadomo, i\u017c by\u0142 to element \u00f3wczesnej gry politycznej ale, mimo wszystko, mog\u0142y mie\u0107 one jaki\u015b praktyczny sens. Niestety nie mia\u0142y.<\/p>\n\n\n\n<p>Elekcja Pana Nawrockiego b\u0119dzie, jak si\u0119 wydaje, skondensowanym napojem energetycznym dla rodzimej sceny politycznej, w sytuacji w kt\u00f3rej elektorat bardzo si\u0119 wyedukowa\u0142 i ju\u017c nie pozwala sobie wciska\u0107 ka\u017cdej g\u0142upoty.<\/p>\n\n\n\n<p>Kierunek zmian wydaje si\u0119 oczywisty, gdy\u017c nie\u0142atwo jest wyobrazi\u0107 sobie co\u015b, co uniemo\u017cliwi wygranie kolejnych wybor\u00f3w parlamentarnych przez PiS i Konfederacj\u0119.<\/p>\n\n\n\n<p>To rz\u0105d rz\u0105dzi. Pomijaj\u0105c jakie\u015b extremalne przypadki, cokolwiek si\u0119 z\u0142ego stanie przez najbli\u017csze dwa lata, b\u0119dzie sz\u0142o na jego konto. <\/p>\n\n\n\n<p>Wi\u0119kszo\u015b\u0107 ludzi jest ju\u017c tak \u015bwiadomymi politycznie, i\u017c nie dadz\u0105 sobie wm\u00f3wi\u0107, si\u0119gnijmy po bie\u017c\u0105c\u0105 spraw\u0119, \u017ce Prezydent Nawrocki nie chce dalszego mro\u017cenia cen energii (veto z powodu wiatrak\u00f3w). <\/p>\n\n\n\n<p>Je\u017celi koalicja rz\u0105dz\u0105ca b\u0119dzie powtarza\u0107 manewr z celowym \u0142\u0105czeniem projekt\u00f3w, o kt\u00f3rych wiadomo, i\u017c G\u0142owa Pa\u0144stwa nie mo\u017ce ich w ca\u0142o\u015bci zaakceptowa\u0107, z czasem zwr\u00f3ci si\u0119 to przeciw niej.<\/p>\n\n\n\n<p>&#8230;<\/p>\n\n\n\n<p>Powszechn\u0105 jest opinia, i\u017c do Pa\u0142acu prezydenckiego trafi\u0142 twardziel. <\/p>\n\n\n\n<p>Z pewno\u015bci\u0105 nikt heheszk\u00f3w si\u0119 nie spodziewa. <\/p>\n\n\n\n<p>Konkrety i twarda postawa.<\/p>\n\n\n\n<p>Prawd\u0119 m\u00f3wi\u0105c chyba pierwszy raz w historii RP zdarzy\u0142o si\u0119, i\u017c kto\u015b przejmuj\u0105c w\u0142adz\u0119 w Polsce, niezale\u017cnie kt\u00f3r\u0105, ma faktycznie szuflad\u0119 pe\u0142n\u0105 ustaw. <\/p>\n\n\n\n<p>Nie min\u0119\u0142y jeszcze cztery dni od zaprzysi\u0119\u017cenia, a Pan Nawrocki ju\u017c zaproponowa\u0142 kilka. <\/p>\n\n\n\n<p>&#8230;<\/p>\n\n\n\n<p>Wszystkie komentarze dotycz\u0105ce wyst\u0105pie\u0144 nowego Prezydenta po obj\u0119ciu urz\u0119du podkre\u015blaj\u0105, jakich ogromnych post\u0119p\u00f3w dokona\u0142.<\/p>\n\n\n\n<p>Oczywi\u015bcie, im bardziej radykalni przeciwnicy prawicy, tym gorzej oceniaj\u0105 zawarto\u015b\u0107 merytoryczn\u0105 przem\u00f3wie\u0144, jednak styl wypowiedzi, w por\u00f3wnaniu do pocz\u0105tk\u00f3w kampanii, budzi podziw.<\/p>\n\n\n\n<p>Nam co\u015b ca\u0142y czas nie pasuje. <\/p>\n\n\n\n<p>Pan Prezydent ma po prostu specyficzn\u0105 wymow\u0119, co\u015b czego zapewne nie da si\u0119 skorygowa\u0107. <\/p>\n\n\n\n<p>Z drugiej strony my s\u0142uchamy, nie ogl\u0105damy, wi\u0119c mo\u017cliwe, i\u017c mowa cia\u0142a rozbraja niedoskona\u0142o\u015bci dykcji.<\/p>\n\n\n\n<p>Za to merytorycznie&#8230; \u015bwietnie. I z g\u0142owy, co zawsze dowodzi, jak powa\u017cnie cz\u0142owiek traktuje swoje stanowisko.<\/p>\n\n\n\n<p>S\u0142uchali\u015bmy sobie jak zwykle co\u015b d\u0142ubi\u0105c, a\u017c pojawi\u0142 si\u0119 w\u0105tek historycznych przyw\u00f3dc\u00f3w r\u00f3\u017cnych stronnictw politycznych. Ale\u017c to by\u0142o dobre.<\/p>\n\n\n\n<p>Najciekawsze, i\u017c w tym momencie nieco irytuj\u0105cy spos\u00f3b wymowy jakby znikn\u0105\u0142 i nie wiemy, czy to efekt subiektywny, czy obiektywny. <\/p>\n\n\n\n<p>Prezydent m\u00f3wi\u0142 bowiem o materii, na kt\u00f3rej bezdyskusyjnie si\u0119 zna jako historyk. Oczywi\u015bcie i to musia\u0142o zosta\u0107 prze\u0107wiczone ale pewnie nie wymaga\u0142o wi\u0119cej ni\u017c zapisanie punktu w rodzaju: &#8222;M\u00f3wi\u0119 o historycznych autorytetach poszczeg\u00f3lnych stronnictw, przytaczaj\u0105c ich jednocz\u0105ce wypowiedzi.&#8221;<\/p>\n\n\n\n<p>&#8230;<\/p>\n\n\n\n<p>Antypisowscy recenzenci prezydentury Dudy jak zwykle pogr\u0105\u017cyli si\u0119 w odm\u0119tach \u017cenady.<\/p>\n\n\n\n<p>Oczywistym jest, i\u017c ich opinie s\u0105 krytyczne. Nie spos\u00f3b by\u0142o si\u0119 czego\u015b innego spodziewa\u0107.  <\/p>\n\n\n\n<p>Problemem jest to, i\u017c u podstaw tych ocen znajduje si\u0119 twierdzenie: &#8222;PREZYDENT NIE ROBI\u0141 TEGO, CZEGO OD NIEGO OCZEKIWA\u0141EM\/AM&#8221;.<\/p>\n\n\n\n<p>A niby dlaczego mia\u0142 robi\u0107 co\u015b, czego oczekiwali ludzie, kt\u00f3rzy na niego nie g\u0142osowali?<\/p>\n\n\n\n<p>Najprostszy przyk\u0142ad: jak cz\u0142owiek o prawicowych fundamentach, praktykuj\u0105cy katolik, kt\u00f3ry zdoby\u0142 urz\u0105d odwo\u0142uj\u0105c si\u0119 do tzw. tradycyjnych warto\u015bci mia\u0142by nagle zacz\u0105\u0107 popiera\u0107 aborcj\u0119. <\/p>\n\n\n\n<p>Oczekiwanie czego\u015b takiego \u015bwiadczy o g\u0142upocie prezentuj\u0105cych tego typu oczekiwanie.<\/p>\n\n\n\n<p>Zdaje si\u0119 sam Prezydent Duda wyja\u015bni\u0142 to swego czasu podczas kt\u00f3rego\u015b z wyst\u0105pie\u0144. <\/p>\n\n\n\n<p>Nie ma czego\u015b takiego, jak &#8222;Prezydent wszystkich Polak\u00f3w&#8221;.<\/p>\n\n\n\n<p>Wybory powszechne, przy duopolu naszej obecnej sceny politycznej wymuszaj\u0105 wyra\u017an\u0105 polaryzacj\u0119, gdy\u017c sprzyja ona mobilizacji elektoratu. <\/p>\n\n\n\n<p>Stany Zjednoczone s\u0105 tu najlepszym przyk\u0142adem ale przecie\u017c u nas ma miejsce identyczny proces. <\/p>\n\n\n\n<p>Jest to odwr\u00f3cenie tendencji, kt\u00f3ra przed kilku laty wydawa\u0142a si\u0119 regu\u0142\u0105. <\/p>\n\n\n\n<p>W sytuacji duopolu partyjnego wydawa\u0142o si\u0119, i\u017c konkurencyjne ugrupowania b\u0119d\u0105 przesuwa\u0107 si\u0119 w stron\u0119 \u015brodka, by tam rywalizowa\u0107 o decyduj\u0105cych wyborc\u00f3w.<\/p>\n\n\n\n<p>Jako przyk\u0142ad podawano w\u0142a\u015bnie system w USA i Wielkiej Brytanii.<\/p>\n\n\n\n<p>To co si\u0119 obecnie dzieje, to odwr\u00f3cenie tego trendu. <\/p>\n\n\n\n<p>Wydaje si\u0119, i\u017c najbardziej przyczyni\u0142y si\u0119 do tego \u015brodowiska &#8222;post\u0119powe&#8221; propaguj\u0105c swoje dziwne ideologie, a ostatecznie przewa\u017cy\u0142a kwestia migracji. <\/p>\n\n\n\n<p>Wymaganie od Prezydenta, na kt\u00f3rego si\u0119 nie g\u0142osowa\u0142o z powodu jego pogl\u0105d\u00f3w, by wbrew nim post\u0119powa\u0142, jest g\u0142upot\u0105. Po prostu.<\/p>\n\n\n\n<p>Inna sprawa, i\u017c G\u0142owa Pa\u0144stwa jest &#8222;Prezydentem ca\u0142ej Polski&#8221;. To nie to samo, co &#8222;wszystkich Polak\u00f3w&#8221;.<\/p>\n\n\n\n<p>On reprezentuje nasz kraj i dlatego nale\u017cy si\u0119 mu szacunek, niezale\u017cnie co s\u0105dzimy o cz\u0142owieku \u00f3w urz\u0105d piastuj\u0105cym. <\/p>\n\n\n\n<p>Szacunek dla urz\u0119du. <\/p>\n\n\n\n<p>Jest to bardzo wa\u017cne. Za\u0142\u00f3\u017cmy, i\u017c na tereny Rzeczypospolitej wkraczaj\u0105 obce wojska, a nasi zachodni s\u0105siedzi czekaj\u0105, jak to maj\u0105 w zwyczaju, na rozw\u00f3j sytuacji. <\/p>\n\n\n\n<p>W obliczu post\u0119p\u00f3w wrogich armii, jeden z dwojga, Premier b\u0105d\u017a Prezydent, powinien znale\u017a\u0107 schronienie w kt\u00f3rym\u015b z sojuszniczych pa\u0144stw.<\/p>\n\n\n\n<p>W sytuacji upadku pa\u0144stwa, &#8222;emigrant&#8221; by\u0142by gwarancj\u0105 jego ci\u0105g\u0142o\u015bci zw\u0142aszcza w sytuacji zaj\u0119cia kraju, gdy okupant powo\u0142a przychylne sobie w\u0142adze.<\/p>\n\n\n\n<p>Prezydent lepiej nadaje si\u0119 do tej roli ni\u017c Premier, cho\u0107by z uwagi na szerszy mandat spo\u0142eczny. <\/p>\n\n\n\n<p><\/p>\n<p class=\"bawpvc-ajax-counter\" data-id=\"3512\"><\/p>","protected":false},"excerpt":{"rendered":"<p>Prezydentura Andrzeja Dudy przejdzie do historii jako przej\u015bciowa. Brakowa\u0142o troszk\u0119 <a class=\"more-link\" href=\"https:\/\/oko.pres-24.pl\/?p=3512\">Czytaj dalej \u2192<\/a><\/p>\n","protected":false},"author":1,"featured_media":0,"comment_status":"open","ping_status":"closed","sticky":false,"template":"","format":"standard","meta":{"footnotes":""},"categories":[1],"tags":[],"class_list":["post-3512","post","type-post","status-publish","format-standard","hentry","category-uncategorized"],"aioseo_notices":[],"_links":{"self":[{"href":"https:\/\/oko.pres-24.pl\/index.php?rest_route=\/wp\/v2\/posts\/3512","targetHints":{"allow":["GET"]}}],"collection":[{"href":"https:\/\/oko.pres-24.pl\/index.php?rest_route=\/wp\/v2\/posts"}],"about":[{"href":"https:\/\/oko.pres-24.pl\/index.php?rest_route=\/wp\/v2\/types\/post"}],"author":[{"embeddable":true,"href":"https:\/\/oko.pres-24.pl\/index.php?rest_route=\/wp\/v2\/users\/1"}],"replies":[{"embeddable":true,"href":"https:\/\/oko.pres-24.pl\/index.php?rest_route=%2Fwp%2Fv2%2Fcomments&post=3512"}],"version-history":[{"count":6,"href":"https:\/\/oko.pres-24.pl\/index.php?rest_route=\/wp\/v2\/posts\/3512\/revisions"}],"predecessor-version":[{"id":3537,"href":"https:\/\/oko.pres-24.pl\/index.php?rest_route=\/wp\/v2\/posts\/3512\/revisions\/3537"}],"wp:attachment":[{"href":"https:\/\/oko.pres-24.pl\/index.php?rest_route=%2Fwp%2Fv2%2Fmedia&parent=3512"}],"wp:term":[{"taxonomy":"category","embeddable":true,"href":"https:\/\/oko.pres-24.pl\/index.php?rest_route=%2Fwp%2Fv2%2Fcategories&post=3512"},{"taxonomy":"post_tag","embeddable":true,"href":"https:\/\/oko.pres-24.pl\/index.php?rest_route=%2Fwp%2Fv2%2Ftags&post=3512"}],"curies":[{"name":"wp","href":"https:\/\/api.w.org\/{rel}","templated":true}]}}