{"id":3506,"date":"2025-08-03T07:56:33","date_gmt":"2025-08-03T06:56:33","guid":{"rendered":"https:\/\/oko.pres-24.pl\/?p=3506"},"modified":"2025-08-03T07:56:33","modified_gmt":"2025-08-03T06:56:33","slug":"co-tam-w-polityce-nr-30-z-2025-r","status":"publish","type":"post","link":"https:\/\/oko.pres-24.pl\/?p=3506","title":{"rendered":"Co tam w &#8222;Polityce&#8221; nr 30 z 2025 r."},"content":{"rendered":"\n<p>Ze wszystkich &#8222;post\u0119powych&#8221; medi\u00f3w &#8222;Polityka&#8221; nadal prezentuje najwy\u017csz\u0105 jako\u015b\u0107. <\/p>\n\n\n\n<p>Niestety i ten tygodnik idzie z duchem czasu i pikuje w kierunku dna pod ka\u017cdym wzgl\u0119dem. <\/p>\n\n\n\n<p>Szczeg\u00f3lnie przera\u017ca nas umiej\u0119tno\u015b\u0107 operowania s\u0142owem pisanym, czego Onet jest najbardziej chyba drastycznym przyk\u0142adem. <\/p>\n\n\n\n<p>Korekta chyba w dzisiejszych mediach pisanych przesta\u0142a funkcjonowa\u0107. Ewentualnie dokonuj\u0105 jej zatrudnione po tanio\u015bci nieuki, o umiej\u0119tno\u015bciach podobnych autorom weryfikowanych przez nich artyku\u0142\u00f3w. <\/p>\n\n\n\n<p>B\u0142\u0119dy ortograficzne rzadko wyst\u0119puj\u0105, gdy\u017c automat podkre\u015bli co trzeba, za wyj\u0105tkiem sytuacji, gdy dane s\u0142owo ma wi\u0119cej znacze\u0144, a odr\u00f3\u017cnia je jedynie zapis np. przez &#8222;\u017c&#8221; b\u0105d\u017a &#8222;rz&#8221;.<\/p>\n\n\n\n<p>Brak\u00f3w stylistycznych, p\u00f3ki co, programowa korekta nie eliminuje i czasem lektura jakiego\u015b artyku\u0142u to po prostu tortura. <\/p>\n\n\n\n<p>Cierpie\u0144 tego rodzaju dostarczy\u0142 nam text&#8230; <\/p>\n\n\n\n<figure class=\"wp-block-image size-full\"><img loading=\"lazy\" decoding=\"async\" width=\"727\" height=\"482\" src=\"https:\/\/oko.pres-24.pl\/wp-content\/uploads\/2025\/08\/obraz.png\" alt=\"\" class=\"wp-image-3507\" srcset=\"https:\/\/oko.pres-24.pl\/wp-content\/uploads\/2025\/08\/obraz.png 727w, https:\/\/oko.pres-24.pl\/wp-content\/uploads\/2025\/08\/obraz-300x199.png 300w, https:\/\/oko.pres-24.pl\/wp-content\/uploads\/2025\/08\/obraz-360x240.png 360w\" sizes=\"auto, (max-width: 727px) 100vw, 727px\" \/><\/figure>\n\n\n\n<p><\/p>\n\n\n\n<p>&#8230;ju\u017c na pierwszej stronie. <\/p>\n\n\n\n<figure class=\"wp-block-image size-large\"><img loading=\"lazy\" decoding=\"async\" width=\"1024\" height=\"702\" src=\"https:\/\/oko.pres-24.pl\/wp-content\/uploads\/2025\/08\/Polit_Bak-1024x702.png\" alt=\"\" class=\"wp-image-3508\" srcset=\"https:\/\/oko.pres-24.pl\/wp-content\/uploads\/2025\/08\/Polit_Bak-1024x702.png 1024w, https:\/\/oko.pres-24.pl\/wp-content\/uploads\/2025\/08\/Polit_Bak-300x206.png 300w, https:\/\/oko.pres-24.pl\/wp-content\/uploads\/2025\/08\/Polit_Bak-768x527.png 768w, https:\/\/oko.pres-24.pl\/wp-content\/uploads\/2025\/08\/Polit_Bak-1536x1053.png 1536w, https:\/\/oko.pres-24.pl\/wp-content\/uploads\/2025\/08\/Polit_Bak.png 1569w\" sizes=\"auto, (max-width: 1024px) 100vw, 1024px\" \/><\/figure>\n\n\n\n<p><\/p>\n\n\n\n<p>Tak, wiemy, i\u017c &#8222;m\u0142odzi&#8221;, je\u015bli takowi czytaj\u0105 &#8222;Polityk\u0119&#8221;, nie zrozumiej\u0105 czego si\u0119 czepiamy. <\/p>\n\n\n\n<p>Dziaders\u00f3w, takich jak my, boli jednak zbytnia wielokrotno\u015b\u0107 z\u0142o\u017cenia zdania zaczynaj\u0105cego si\u0119 od &#8222;Jednak Duda&#8230;&#8221;. <\/p>\n\n\n\n<p>Zdania wielokrotnie z\u0142o\u017cone nie s\u0105 z\u0142e, jednak fajnie, gdy da si\u0119 je zrozumie\u0107 bez maksymalizacji stanu skupienia m\u00f3zgowego.<\/p>\n\n\n\n<p>Za u\u017cycie w trzech kolejnych zdaniach &#8222;bo&#8221;, autorom nale\u017cy si\u0119 solidny klaps.<\/p>\n\n\n\n<p>Skoro jest ich dwoje, to mog\u0105 to za\u0142atwi\u0107 mi\u0119dzy sob\u0105. <\/p>\n\n\n\n<p>Rany&#8230; a co powiedzie\u0107 o tym zdaniu (rozbitym na dwie kolumny):<\/p>\n\n\n\n<figure class=\"wp-block-image size-full\"><img loading=\"lazy\" decoding=\"async\" width=\"370\" height=\"57\" src=\"https:\/\/oko.pres-24.pl\/wp-content\/uploads\/2025\/08\/obraz-1.png\" alt=\"\" class=\"wp-image-3509\" srcset=\"https:\/\/oko.pres-24.pl\/wp-content\/uploads\/2025\/08\/obraz-1.png 370w, https:\/\/oko.pres-24.pl\/wp-content\/uploads\/2025\/08\/obraz-1-300x46.png 300w\" sizes=\"auto, (max-width: 370px) 100vw, 370px\" \/><\/figure>\n\n\n\n<figure class=\"wp-block-image size-full\"><img loading=\"lazy\" decoding=\"async\" width=\"355\" height=\"57\" src=\"https:\/\/oko.pres-24.pl\/wp-content\/uploads\/2025\/08\/obraz-2.png\" alt=\"\" class=\"wp-image-3510\" srcset=\"https:\/\/oko.pres-24.pl\/wp-content\/uploads\/2025\/08\/obraz-2.png 355w, https:\/\/oko.pres-24.pl\/wp-content\/uploads\/2025\/08\/obraz-2-300x48.png 300w\" sizes=\"auto, (max-width: 355px) 100vw, 355px\" \/><\/figure>\n\n\n\n<p>Jaki\u015b zwi\u0105zek logiczny?<\/p>\n<p class=\"bawpvc-ajax-counter\" data-id=\"3506\"><\/p>","protected":false},"excerpt":{"rendered":"<p>Ze wszystkich &#8222;post\u0119powych&#8221; medi\u00f3w &#8222;Polityka&#8221; nadal prezentuje najwy\u017csz\u0105 jako\u015b\u0107. Niestety <a class=\"more-link\" href=\"https:\/\/oko.pres-24.pl\/?p=3506\">Czytaj dalej \u2192<\/a><\/p>\n","protected":false},"author":1,"featured_media":0,"comment_status":"open","ping_status":"closed","sticky":false,"template":"","format":"standard","meta":{"footnotes":""},"categories":[1],"tags":[],"class_list":["post-3506","post","type-post","status-publish","format-standard","hentry","category-uncategorized"],"aioseo_notices":[],"_links":{"self":[{"href":"https:\/\/oko.pres-24.pl\/index.php?rest_route=\/wp\/v2\/posts\/3506","targetHints":{"allow":["GET"]}}],"collection":[{"href":"https:\/\/oko.pres-24.pl\/index.php?rest_route=\/wp\/v2\/posts"}],"about":[{"href":"https:\/\/oko.pres-24.pl\/index.php?rest_route=\/wp\/v2\/types\/post"}],"author":[{"embeddable":true,"href":"https:\/\/oko.pres-24.pl\/index.php?rest_route=\/wp\/v2\/users\/1"}],"replies":[{"embeddable":true,"href":"https:\/\/oko.pres-24.pl\/index.php?rest_route=%2Fwp%2Fv2%2Fcomments&post=3506"}],"version-history":[{"count":1,"href":"https:\/\/oko.pres-24.pl\/index.php?rest_route=\/wp\/v2\/posts\/3506\/revisions"}],"predecessor-version":[{"id":3511,"href":"https:\/\/oko.pres-24.pl\/index.php?rest_route=\/wp\/v2\/posts\/3506\/revisions\/3511"}],"wp:attachment":[{"href":"https:\/\/oko.pres-24.pl\/index.php?rest_route=%2Fwp%2Fv2%2Fmedia&parent=3506"}],"wp:term":[{"taxonomy":"category","embeddable":true,"href":"https:\/\/oko.pres-24.pl\/index.php?rest_route=%2Fwp%2Fv2%2Fcategories&post=3506"},{"taxonomy":"post_tag","embeddable":true,"href":"https:\/\/oko.pres-24.pl\/index.php?rest_route=%2Fwp%2Fv2%2Ftags&post=3506"}],"curies":[{"name":"wp","href":"https:\/\/api.w.org\/{rel}","templated":true}]}}