{"id":3498,"date":"2025-07-31T09:27:34","date_gmt":"2025-07-31T08:27:34","guid":{"rendered":"https:\/\/oko.pres-24.pl\/?p=3498"},"modified":"2025-08-02T18:32:44","modified_gmt":"2025-08-02T17:32:44","slug":"ojojoj-negacjonisci-klimatyczni-w-tok-fm","status":"publish","type":"post","link":"https:\/\/oko.pres-24.pl\/?p=3498","title":{"rendered":"Ojojoj. Negacjoni\u015bci klimatyczni w TOK FM."},"content":{"rendered":"\n<p>Ale\u017c mieli\u015bmy ubaw. <\/p>\n\n\n\n<p>Raz na jaki\u015b czas si\u0119 zdarza, i\u017c prowadz\u0105cy zaprosz\u0105 do studia kogo\u015b, kto raczy mie\u0107 inne zdanie ni\u017c polityczna poprawno\u015b\u0107 wymaga. <\/p>\n\n\n\n<p>Zdarzy\u0142o si\u0119 kiedy\u015b Panu Zakrockiemu rozmawia\u0107 o panu Walusiu, jeszcze zanim sta\u0142 si\u0119 on powszechnie znany dzi\u0119ki informacji o zwolnieniu z wi\u0119zienia i powrocie do ojczyzny.<\/p>\n\n\n\n<p>W pewnym momencie go\u015b\u0107 zacz\u0105\u0142 poddawa\u0107 w w\u0105tpliwo\u015b\u0107 oficjaln\u0105 wersj\u0119 o zab\u00f3jstwie Chrisa Haniego, a co wi\u0119cej, z pewn\u0105 sympati\u0105 wypowiada\u0142 si\u0119 o panu Januszu.<\/p>\n\n\n\n<p>Wpadka zdarzy\u0142a si\u0119 r\u00f3wnie\u017c, co chyba nikogo nie dziwi, panu Ma\u015blakowi, gdy zaproszony do rozmowy le\u015bnik pr\u00f3bowa\u0142 mu wyt\u0142umaczy\u0107, i\u017c nic tak jak ro\u015bliny, nie cieszy si\u0119 ze zwi\u0119kszonej ilo\u015bci co2. <\/p>\n\n\n\n<p>Z kolei w ostatni poniedzia\u0142ek, 29 listopada 2025 r. wpadk\u0119 zaliczy\u0142 pan \u0141asiczka. <\/p>\n\n\n\n<p>Zaproszony do rozmowy profesor in\u017c. Piotr Kowalczak z grubsza m\u00f3wi\u0142 to, co opisali\u015bmy pi\u0119\u0107 lat temu, a co mo\u017cecie Pa\u0144stwo przeczyta\u0107 tutaj: <\/p>\n\n\n\n<figure class=\"wp-block-embed is-type-wp-embed is-provider-oko-pres-24 wp-block-embed-oko-pres-24\"><div class=\"wp-block-embed__wrapper\">\n<blockquote class=\"wp-embedded-content\" data-secret=\"jboJwOjpFf\"><a href=\"https:\/\/oko.pres-24.pl\/?p=1720\">Klimat si\u0119 zmienia\u0142, zmienia i zmienia\u0142 si\u0119 b\u0119dzie. Tak jest i by\u0142o zawsze i wsz\u0119dzie.<\/a><\/blockquote><iframe loading=\"lazy\" class=\"wp-embedded-content\" sandbox=\"allow-scripts\" security=\"restricted\" style=\"position: absolute; visibility: hidden;\" title=\"&#8222;Klimat si\u0119 zmienia\u0142, zmienia i zmienia\u0142 si\u0119 b\u0119dzie. Tak jest i by\u0142o zawsze i wsz\u0119dzie.&#8221; &#8212; OKO.pres-24\" src=\"https:\/\/oko.pres-24.pl\/?p=1720&#038;embed=true#?secret=QtW5oXjzYX#?secret=jboJwOjpFf\" data-secret=\"jboJwOjpFf\" width=\"600\" height=\"338\" frameborder=\"0\" marginwidth=\"0\" marginheight=\"0\" scrolling=\"no\"><\/iframe>\n<\/div><\/figure>\n\n\n\n<p><\/p>\n\n\n\n<p>Szczeg\u00f3lnie spodoba\u0142y nam si\u0119 s\u0142owa o &#8222;prostytuowaniu si\u0119 naukowc\u00f3w&#8221;, co wypada rozci\u0105gn\u0105\u0107 na pracownik\u00f3w medialnych. Nieprawda\u017c panie Cezary?<\/p>\n\n\n\n<p>By\u0142o dla nas jasne, i\u017c rzeczowy i spokojny wyw\u00f3d pana profesora b\u0119dzie musia\u0142 zosta\u0107 &#8222;wyprostowany&#8221; i nie zawiedli\u015bmy si\u0119. <\/p>\n\n\n\n<p>Jeden dzie\u0144 zaj\u0119\u0142o Panu \u0141asiczce znalezienie kogo\u015b, kto wprowadzi narracj\u0119 na poprawne tory. <\/p>\n\n\n\n<p>W \u015brod\u0119 w studio pojawi\u0142 si\u0119 kolejny profesor, tylko&#8230; co\u015b nie wysz\u0142o. <\/p>\n\n\n\n<p>Zauwa\u017cy\u0142 pan, Panie Cezary, \u017ce gdy pr\u00f3bowa\u0142 Pan wtr\u0105ci\u0107 w\u0105tek wp\u0142ywu cz\u0142owieka na klimat w kontek\u015bcie ni\u017cu genue\u0144skiego, pan profesor podj\u0105\u0142 manewry werbalne pozwalaj\u0105ce mu unikn\u0105\u0107 sprostytuowania si\u0119. <\/p>\n\n\n\n<p>W dodatku, jego opinia odno\u015bnie przyczyn podtopie\u0144 i powodzi na terenach zurbanizowanych by\u0142a identyczna jak poniedzia\u0142kowego go\u015bcia, czyli nieuwzgl\u0119dnianie podczas inwestycji zagro\u017ce\u0144 zwi\u0105zanych z wod\u0105. <\/p>\n\n\n\n<p>Poniedzia\u0142kowy go\u015b\u0107 poruszy\u0142 jeszcze jeden w\u0105tek. <\/p>\n\n\n\n<p>To co\u015b, co nas przera\u017ca, gdy\u017c sami sobie, wr\u0119cz z u\u015bmiechem na ustach wi\u0105\u017cemy p\u0119tl\u0119 na szyi. <\/p>\n\n\n\n<p>Polityka energetyczna Unii Europejskiej niszczy gospodark\u0119 naszego kontynentu i nic si\u0119 z tym nie robi. <\/p>\n\n\n\n<p>Zamykane s\u0105 du\u017ce zak\u0142ady, kt\u00f3rych produkty nie s\u0105 w stanie konkurowa\u0107 na mi\u0119dzynarodowych rynkach. <\/p>\n\n\n\n<p>Reakcja \u0142a\u0144cuchowa, poci\u0105gaj\u0105ca ze sob\u0105 reszt\u0119 gospodarki, jest kwesti\u0105 czasu. <\/p>\n\n\n\n<p>Europa ju\u017c teraz \u017cyje na kredyt i bardzo, bardzo chcieliby\u015bmy, gdy ju\u017c to wszytko r\u0105bnie, by poci\u0105gni\u0119to do odpowiedzialno\u015bci ludzi, kt\u00f3rzy od lat gotuj\u0105 nam ten los. <\/p>\n\n\n\n<p>Przecie\u017c Unia si\u0119 od lat zad\u0142u\u017ca, a efekt\u00f3w nie wida\u0107. <\/p>\n\n\n\n<p>Pami\u0119ta kto\u015b jeszcze o Strategii lizbo\u0144skiej?<\/p>\n\n\n\n<p>&#8222;Celem planu, przyj\u0119tego na okres 10 lat, by\u0142o uczynienie Europy najbardziej dynamicznym i konkurencyjnym regionem gospodarczym na \u015bwiecie, rozwijaj\u0105cym si\u0119 szybciej ni\u017c Stany Zjednoczone.&#8221;<\/p>\n\n\n\n<p>To by\u0142 rok 2000. <\/p>\n\n\n\n<p>Mamy 2025.<\/p>\n\n\n\n<p>Cieszymy si\u0119 z KPO. <\/p>\n\n\n\n<p>Kolejna otrzymana kasa za darmo, kt\u00f3ra zostanie wydana tak, by papiery si\u0119 zgadza\u0142y. <\/p>\n\n\n\n<p>Jaka by\u0142a konkluzja z Raportu Draghiego? <\/p>\n\n\n\n<p>Konieczne s\u0105 \u015brodki na inwestycje. <\/p>\n\n\n\n<p>Sk\u0105d b\u0119d\u0105 te \u015brodki? Z po\u017cyczek oczywi\u015bcie zaci\u0105gni\u0119tych przez Uni\u0119 jako ca\u0142o\u015b\u0107. <\/p>\n\n\n\n<p>Chwila&#8230; przecie\u017c jeszcze KPO nie zosta\u0142o wydane. <\/p>\n\n\n\n<p>Kolejne po\u017cyczki pozwalaj\u0105 op\u00f3\u017ania\u0107 upadek ale to jest przera\u017caj\u0105ce co si\u0119 odp..dala.<\/p>\n<p class=\"bawpvc-ajax-counter\" data-id=\"3498\"><\/p>","protected":false},"excerpt":{"rendered":"<p>Ale\u017c mieli\u015bmy ubaw. Raz na jaki\u015b czas si\u0119 zdarza, i\u017c <a class=\"more-link\" href=\"https:\/\/oko.pres-24.pl\/?p=3498\">Czytaj dalej \u2192<\/a><\/p>\n","protected":false},"author":1,"featured_media":0,"comment_status":"open","ping_status":"closed","sticky":false,"template":"","format":"standard","meta":{"footnotes":""},"categories":[1],"tags":[],"class_list":["post-3498","post","type-post","status-publish","format-standard","hentry","category-uncategorized"],"aioseo_notices":[],"_links":{"self":[{"href":"https:\/\/oko.pres-24.pl\/index.php?rest_route=\/wp\/v2\/posts\/3498","targetHints":{"allow":["GET"]}}],"collection":[{"href":"https:\/\/oko.pres-24.pl\/index.php?rest_route=\/wp\/v2\/posts"}],"about":[{"href":"https:\/\/oko.pres-24.pl\/index.php?rest_route=\/wp\/v2\/types\/post"}],"author":[{"embeddable":true,"href":"https:\/\/oko.pres-24.pl\/index.php?rest_route=\/wp\/v2\/users\/1"}],"replies":[{"embeddable":true,"href":"https:\/\/oko.pres-24.pl\/index.php?rest_route=%2Fwp%2Fv2%2Fcomments&post=3498"}],"version-history":[{"count":3,"href":"https:\/\/oko.pres-24.pl\/index.php?rest_route=\/wp\/v2\/posts\/3498\/revisions"}],"predecessor-version":[{"id":3502,"href":"https:\/\/oko.pres-24.pl\/index.php?rest_route=\/wp\/v2\/posts\/3498\/revisions\/3502"}],"wp:attachment":[{"href":"https:\/\/oko.pres-24.pl\/index.php?rest_route=%2Fwp%2Fv2%2Fmedia&parent=3498"}],"wp:term":[{"taxonomy":"category","embeddable":true,"href":"https:\/\/oko.pres-24.pl\/index.php?rest_route=%2Fwp%2Fv2%2Fcategories&post=3498"},{"taxonomy":"post_tag","embeddable":true,"href":"https:\/\/oko.pres-24.pl\/index.php?rest_route=%2Fwp%2Fv2%2Ftags&post=3498"}],"curies":[{"name":"wp","href":"https:\/\/api.w.org\/{rel}","templated":true}]}}