{"id":3487,"date":"2025-07-24T06:52:11","date_gmt":"2025-07-24T05:52:11","guid":{"rendered":"https:\/\/oko.pres-24.pl\/?p=3487"},"modified":"2025-08-02T18:35:58","modified_gmt":"2025-08-02T17:35:58","slug":"adama-bodnara-przypadek-smutny","status":"publish","type":"post","link":"https:\/\/oko.pres-24.pl\/?p=3487","title":{"rendered":"Adama Bodnara przypadek smutny."},"content":{"rendered":"\n<p>Pan Adam przypomina nam Pana Trzaskowskiego. Du\u017co gadania by\u0142o o ich wspania\u0142o\u015bci itd. ale \u017cadnych konkret\u00f3w. Pr\u00f3bowano kreowa\u0107 tych pan\u00f3w na postacie wybitne, jednak ponownie pokaza\u0142a ta jedynie s\u0142uszna strona ideologiczno-medialna, \u017ce przecenia swoj\u0105 inteligencj\u0119 i umiej\u0119tno\u015b\u0107 wp\u0142ywania na spo\u0142ecze\u0144stwo (istnym superdupkiem w tym zakresie zosta\u0142 dla nas po ostatnich wyborach Pan Stankiewicz).<\/p>\n\n\n\n<p>Praktycznie od obj\u0119cia przez Pana Bodnara stanowiska RPO, sprzyjaj\u0105ce rzecznikowi media zacz\u0119\u0142y mu szkodzi\u0107.<\/p>\n\n\n\n<p>To by\u0142o zadziwiaj\u0105ce.<\/p>\n\n\n\n<p>Rzecznik Praw Obywatelskich &#8211; przecie\u017c ta nazwa wyra\u017anie wskazuje, i\u017c dzia\u0142alno\u015bci\u0105 obejmuje wszystkich obywateli, tymczasem przekaz p\u0142yn\u0105cy z medi\u00f3w by\u0142 taki, i\u017c RPO dba wy\u0142\u0105cznie o interesy mniejszo\u015bci sexualnych.<\/p>\n\n\n\n<p>Nie by\u0142o po prostu innych komunikat\u00f3w odno\u015bnie dzia\u0142alno\u015bci Pana Bodnara.<\/p>\n\n\n\n<p>To by\u0142o tak g\u0142upie&#8230; tak niesamowicie g\u0142upie, je\u015bli chciano wykreowa\u0107 Pana Adama na powszechny autorytet.<\/p>\n\n\n\n<p>Zapewne, je\u015bli wej\u015b\u0107 na stron\u0119 urz\u0119du, s\u0105 tam jakie\u015b informacje o podj\u0119tych interwencjach nie zwi\u0105zanych z LGBT + inne literki, jednak jak 99% obywateli nie tracili\u015bmy czasu na to, bo niby dlaczego mieliby\u015bmy.<\/p>\n\n\n\n<p>Przecie\u017c zadaniem medi\u00f3w jest rzetelnie opisywa\u0107 rzeczywisto\u015b\u0107. UPS!<\/p>\n\n\n\n<p>W tej sytuacji dos\u0142ownie z nieba &#8222;spad\u0142&#8221; Panu Bodnarowi strajk kobiet. <\/p>\n\n\n\n<p>Adresatem protestu by\u0142 rz\u0105d PiS, wi\u0119c &#8222;&#8221;mONdre&#8221; media exploatowa\u0142y Pana Rzecznika i w tej sprawie.<\/p>\n\n\n\n<p>Jaka\u015b apolityczno\u015b\u0107? Obiektywno\u015b\u0107?<\/p>\n\n\n\n<p>Powt\u00f3rzmy. Nie wiemy, czy RPO zajmowa\u0142 si\u0119 czym\u015b innym opr\u00f3cz wspomnianych dw\u00f3ch obszar\u00f3w. W mediach nic o tym nie by\u0142o.<\/p>\n\n\n\n<p>Pozdrawiamy nieustaj\u0105co \u017cenuj\u0105cych pracownik\u00f3w &#8222;Newsweeka&#8221;, TOK FM, TVN 24 i nawet cz\u0119\u015bci &#8222;Polityki&#8221;. Wy nawet wiarygodnej propagandy nie potraficie robi\u0107. <\/p>\n\n\n\n<p>W kontek\u015bcie Pana Bodnara nale\u017cy si\u0119 te\u017c kilka s\u0142\u00f3w o kwestii jego pochodzenia. <\/p>\n\n\n\n<p>Wyleczyli\u015bmy si\u0119 jaki\u015b czas temu z pogl\u0105du, i\u017c pochodzenie itp. nie ma znaczenia, c\u00f3\u017c&#8230; to by\u0142 efekt indoktrynacji, jakiej przez lata sami si\u0119 poddawali\u015bmy, traktuj\u0105c Gazet\u0119 Wyborcz\u0105 jako wyroczni\u0119 od wszystkiego.<\/p>\n\n\n\n<p>Mo\u017cna za\u0142o\u017cy\u0107, i\u017c prawd\u0105 s\u0105 s\u0142owa Pana Rzecznika, i\u017c ukrai\u0144skie korzenie przesiedlonego z ziem wschodnich ojca, nie mia\u0142o wp\u0142ywu na jego wychowanie w kontek\u015bcie przekazania tradycji i warto\u015bci kulturowych naszego wschodniego s\u0105siada.<\/p>\n\n\n\n<p>Zasadne jest jednak pytanie, jakie w takim razie tradycje i warto\u015bci mu przekazano.<\/p>\n\n\n\n<p>Je\u015bli, jak dowodz\u0105 wspomniane media, przesiedlani mieszka\u0144cy Polski po\u0142udniowo-wschodniej mieli \u017cal do Polski za wyrwanie z ojcowizny, to czy Pan Adam nie by\u0142 wychowywany w atmosferze \u015bwiadomo\u015bci wyrz\u0105dzonej krzywdy?<\/p>\n\n\n\n<p>Oczywi\u015bcie akcj\u0119 przeprowadzili komuni\u015bci, jednak jej pod\u0142o\u017ce by\u0142o jak najbardziej nacjonalistyczne, gdy\u017c chodzi\u0142o o rozmycie niepewnego czynnika ludzkiego, potencjalnie proukrai\u0144skiego, w dominuj\u0105cym czynniku polskim.<\/p>\n\n\n\n<p>Czy pretensje przesiedlonych formu\u0142owane by\u0142y w duchu &#8222;komuni\u015bci s\u0105 be&#8221;, czy te\u017c &#8222;Polska jest be&#8221;.<\/p>\n\n\n\n<p>To temat dla jakiego\u015b biografa, by dokopa\u0107 si\u0119 do informacji o rodzinie Pana Rzecznika, o ich postawach, wyra\u017canych opiniach. Nie maj\u0105c danych, kre\u015blimy prawdopodobne scenariusze wynikaj\u0105ce z og\u00f3lnych przes\u0142anek.<\/p>\n\n\n\n<p>\u017baden to pow\u00f3d do dumy czy pot\u0119pienia, jednak kto chce, mo\u017ce podnosi\u0107 t\u0119 kwesti\u0119 w kontek\u015bcie Pana Rzecznika, jako argumentu za, b\u0105d\u017a przeciw jego rzecznikowaniu, czy pe\u0142nieniu innych funkcji publicznych. <\/p>\n\n\n\n<p>Dla jednych to zaleta, dla innych wada. Mo\u017cna si\u0119 nie zgodzi\u0107 i przej\u015b\u0107 do kolejnego tematu, albowiem zawsze jest szansa, i\u017c da si\u0119 jak\u0105\u015b ni\u0107 porozumienia i wsp\u00f3lny cel odnale\u017a\u0107.<\/p>\n\n\n\n<p>Po prostu. <\/p>\n\n\n\n<p>Nie chcecie tego, nieprawda\u017c? Lepiej umacnia\u0107 pogard\u0119 dla drugiej strony. <\/p>\n\n\n\n<p>Trzeba prowadzi\u0107 uczciw\u0105 rozmow\u0119, a tego, jak si\u0119 sami wielokrotnie przyznawali, nie chc\u0105 ludzie pracuj\u0105cy w tych dziwnych, wspomnianych przez nas mediach. I to jest tak niesamowicie smutno-przera\u017caj\u0105ce, \u017ce nadal nie dostrzegacie, i\u017c zmiany, kt\u00f3re maj\u0105 obecnie miejsce, a kt\u00f3re tak pot\u0119piacie, s\u0105 w najwi\u0119kszej mierze konsekwencj\u0105 waszych dzia\u0142a\u0144.  <\/p>\n\n\n\n<p>Ach, nale\u017cy jeszcze wspomnie\u0107 o ministrowaniu Pana Adama. <\/p>\n\n\n\n<p>Nieporadno\u015b\u0107. To s\u0142owo najlepiej oddaje ministrowanie by\u0142ego RPO. <\/p>\n\n\n\n<p>Przes\u0142uchanie przed S\u0105dem Najwy\u017cszym chluby mu nie przynosi.<\/p>\n\n\n\n<p>W jego trakcie samoistnie narzuca\u0142 si\u0119 wniosek, i\u017c Pan Bodnar mia\u0142 by\u0107 po prostu kolejnym narz\u0119dziem w r\u0119kach tych s\u0142abn\u0105cych obecnie ideologii, tak chamsko pr\u00f3buj\u0105cych zmienia\u0107 rzeczywisto\u015b\u0107 kulturowo-spo\u0142eczn\u0105.<\/p>\n\n\n\n<p>Przeliczono si\u0119.<\/p>\n\n\n\n<p>Narz\u0119dzie nie okaza\u0142o si\u0119 zbyt ostre.<\/p>\n<p class=\"bawpvc-ajax-counter\" data-id=\"3487\"><\/p>","protected":false},"excerpt":{"rendered":"<p>Pan Adam przypomina nam Pana Trzaskowskiego. Du\u017co gadania by\u0142o o <a class=\"more-link\" href=\"https:\/\/oko.pres-24.pl\/?p=3487\">Czytaj dalej \u2192<\/a><\/p>\n","protected":false},"author":1,"featured_media":0,"comment_status":"open","ping_status":"closed","sticky":false,"template":"","format":"standard","meta":{"footnotes":""},"categories":[1],"tags":[],"class_list":["post-3487","post","type-post","status-publish","format-standard","hentry","category-uncategorized"],"aioseo_notices":[],"_links":{"self":[{"href":"https:\/\/oko.pres-24.pl\/index.php?rest_route=\/wp\/v2\/posts\/3487","targetHints":{"allow":["GET"]}}],"collection":[{"href":"https:\/\/oko.pres-24.pl\/index.php?rest_route=\/wp\/v2\/posts"}],"about":[{"href":"https:\/\/oko.pres-24.pl\/index.php?rest_route=\/wp\/v2\/types\/post"}],"author":[{"embeddable":true,"href":"https:\/\/oko.pres-24.pl\/index.php?rest_route=\/wp\/v2\/users\/1"}],"replies":[{"embeddable":true,"href":"https:\/\/oko.pres-24.pl\/index.php?rest_route=%2Fwp%2Fv2%2Fcomments&post=3487"}],"version-history":[{"count":6,"href":"https:\/\/oko.pres-24.pl\/index.php?rest_route=\/wp\/v2\/posts\/3487\/revisions"}],"predecessor-version":[{"id":3505,"href":"https:\/\/oko.pres-24.pl\/index.php?rest_route=\/wp\/v2\/posts\/3487\/revisions\/3505"}],"wp:attachment":[{"href":"https:\/\/oko.pres-24.pl\/index.php?rest_route=%2Fwp%2Fv2%2Fmedia&parent=3487"}],"wp:term":[{"taxonomy":"category","embeddable":true,"href":"https:\/\/oko.pres-24.pl\/index.php?rest_route=%2Fwp%2Fv2%2Fcategories&post=3487"},{"taxonomy":"post_tag","embeddable":true,"href":"https:\/\/oko.pres-24.pl\/index.php?rest_route=%2Fwp%2Fv2%2Ftags&post=3487"}],"curies":[{"name":"wp","href":"https:\/\/api.w.org\/{rel}","templated":true}]}}