{"id":3467,"date":"2025-07-11T09:24:05","date_gmt":"2025-07-11T08:24:05","guid":{"rendered":"https:\/\/oko.pres-24.pl\/?p=3467"},"modified":"2025-08-02T18:38:39","modified_gmt":"2025-08-02T17:38:39","slug":"w-jaki-sposob-pan-donald-tusk-szybko-i-zgrabnie-trafic-moze-tam-gdzie-spora-czesc-narodu-pragnie-go-widziec","status":"publish","type":"post","link":"https:\/\/oko.pres-24.pl\/?p=3467","title":{"rendered":"W jaki spos\u00f3b Pan Donald Tusk, szybko i zgrabnie, trafi\u0107 mo\u017ce tam, gdzie spora cz\u0119\u015b\u0107 narodu pragnie go widzie\u0107."},"content":{"rendered":"\n<p>Przejd\u017amy od razu do meritum.<\/p>\n\n\n\n<p>Dlaczego &#8222;rozliczanie&#8221; rz\u0105d\u00f3w PiSowskich przebiega tak \u015blamazarnie? <\/p>\n\n\n\n<p>Odpowied\u017a: Poniewa\u017c si\u0119 nie przyznali, co oznacza, i\u017c trzeba im win\u0119 udowodni\u0107.<\/p>\n\n\n\n<p>Pan Tusk tymczasem wprost przyzna\u0142 si\u0119 do \u0142amania polskiego prawa. <\/p>\n\n\n\n<p>I tyle. <\/p>\n\n\n\n<p>Je\u015bli PiS wr\u00f3ci do rz\u0105dzenia, b\u0105d\u017a wsp\u00f3\u0142rz\u0105dzenia, nie trzeba b\u0119dzie kombinowa\u0107. <\/p>\n\n\n\n<p>Skoro oskar\u017cony si\u0119 przyzna\u0142, a istnieje du\u017ce prawdopodobie\u0144stwo opuszczenia kraju, natychmiastowy areszt b\u0119dzie jak najbardziej uzasadniony.<\/p>\n\n\n\n<p>Gdy to nast\u0105pi b\u0119dzie mo\u017cna si\u0119 zaj\u0105\u0107 kompletowaniem aktu oskar\u017cenia.<\/p>\n\n\n\n<p>Faktem bowiem niezaprzeczalnym jest to, i\u017c Premier formu\u0142uj\u0105c wypowied\u017a o &#8222;demokracji walcz\u0105cej&#8221; przyzna\u0142 si\u0119 do zamiaru \u015bwiadomego \u0142amania porz\u0105dku prawnego w Rzeczypospolitej.<\/p>\n\n\n\n<p>Wyra\u017anie m\u00f3wi o intencjonalnym \u0142amaniu prawa.<\/p>\n\n\n\n<p>Tu nie ma \u017cadnych niedopowiedze\u0144.<\/p>\n\n\n\n<p>Wska\u017cmy wi\u0119c konkretne zapisy w oparciu o kt\u00f3re mo\u017cna Pana Premiera, wraz z przydupasami powtarzaj\u0105cymi jego s\u0142owa, wys\u0142a\u0107 na sponsorowany przez pa\u0144stwo odpoczynek.<\/p>\n\n\n\n<p>Konstytucja RP, Rozdzia\u0142 I<\/p>\n\n\n\n<p>Art. 13.<\/p>\n\n\n\n<p>Zakazane jest istnienie partii politycznych i innych organizacji [&#8230;] kt\u00f3rych program lub dzia\u0142alno\u015b\u0107 zak\u0142ada lub dopuszcza [&#8230;] stosowanie przemocy w celu zdobycia w\u0142adzy lub wp\u0142ywu na polityk\u0119 pa\u0144stwa&#8230;<\/p>\n\n\n\n<p>Wypowied\u017a premiera wype\u0142nia przes\u0142ank\u0119 o &#8222;&#8230;stosowaniu przemocy w celu zdobycia&#8230;&#8221; je\u015bli nie w\u0142adzy, skoro opozycja wygra\u0142a wybory, to na pewno &#8222;&#8230;wp\u0142ywu na polityk\u0119 pa\u0144stwa&#8221;.<\/p>\n\n\n\n<p>Wyj\u0119li\u015bmy z artyku\u0142u trzynastego fragmenty odnosz\u0105ce si\u0119 do s\u0142\u00f3w Premiera. Je\u015bli kto\u015b podejrzewa manipulacje z naszej strony, prosz\u0119 sprawdzi\u0107 ca\u0142o\u015b\u0107 zapisu.<\/p>\n\n\n\n<p>Zejd\u017amy schodek ni\u017cej, do zapis\u00f3w kodeksu karnego.<\/p>\n\n\n\n<p>Art. 128. [Zamach na organ konstytucyjny RP]<\/p>\n\n\n\n<p>\u00a7 1. Kto, w celu usuni\u0119cia przemoc\u0105 konstytucyjnego organu Rzeczypospolitej Polskiej, podejmuje dzia\u0142alno\u015b\u0107 zmierzaj\u0105c\u0105 bezpo\u015brednio do urzeczywistnienia tego celu, podlega karze pozbawienia wolno\u015bci od lat 3 do 20.<br>\u00a7 2. Kto czyni przygotowania do pope\u0142nienia przest\u0119pstwa okre\u015blonego w \u00a7 1, podlega karze pozbawienia wolno\u015bci od 3 miesi\u0119cy do lat 5.<br>\u00a7 3. Kto przemoc\u0105 lub gro\u017ab\u0105 bezprawn\u0105 wywiera wp\u0142yw na czynno\u015bci urz\u0119dowe konstytucyjnego organu Rzeczypospolitej Polskiej, podlega karze pozbawienia wolno\u015bci od roku do lat 10.<\/p>\n\n\n\n<p>Art. 255. [Publiczne nawo\u0142ywanie do pope\u0142nienia wyst\u0119pku lub przest\u0119pstwa skarbowego]<br>\u00a7 3.<br>Kto publicznie pochwala pope\u0142nienie przest\u0119pstwa, podlega grzywnie do 180 stawek dziennych, karze ograniczenia wolno\u015bci albo pozbawienia wolno\u015bci do roku.<\/p>\n\n\n\n<p>Przede wszystkim, ze wzgl\u0119du na sw\u0105 &#8222;medialno\u015b\u0107&#8221;, narzuca si\u0119 sprawa przej\u0119cia medi\u00f3w publicznych ale generalnie z przytoczeniem przyk\u0142ad\u00f3w nie b\u0119dzie problemu.<\/p>\n\n\n\n<p>Cyrk, kt\u00f3ry toczy si\u0119 nadal wok\u00f3\u0142 uznania wynik wybor\u00f3w prezydenckich, to gotowy akt oskar\u017cenia. <\/p>\n\n\n\n<p>Wybi\u00f3rcze uznawanie decyzji S\u0105du Najwy\u017cszego to, nie da si\u0119 tego inaczej okre\u015bli, KRETY\u0143SKI gwa\u0142t na logice. Nie chcieli\u015bmy wierzy\u0107, i\u017c tuskowa ekipa to robi. Przecie\u017c tego si\u0119 nie da logicznie uzasadni\u0107. <\/p>\n\n\n\n<p>Wybory parlamentarne uznajemy, prezydenckich nie. <\/p>\n\n\n\n<p>&#8230;<\/p>\n\n\n\n<p>Co\u015b niedobrego dzieje si\u0119 z Panem Tuskiem od pewnego czasu. <\/p>\n\n\n\n<p>Wygl\u0105da na to, i\u017c przegra\u0142 po prostu z Internetem. <\/p>\n\n\n\n<p>Maj\u0105c tradycyjne media po swojej stronie, przekaz &#8222;My m\u0105drzy, oni g\u0142upi&#8221; kszta\u0142towa\u0142 wi\u0119kszo\u015b\u0107 spo\u0142ecze\u0144stwa. <\/p>\n\n\n\n<p>Przekaz mainstreamowych &#8222;dziennikarzy&#8221; nie wytrzyma\u0142 jednak, u inteligentnych odbiorc\u00f3w, zderzenia z nieskr\u0119powanymi powi\u0105zaniami internetowymi komentatorami. <\/p>\n\n\n\n<p>Pan Donald nie doceni\u0142 tego i powoli staje si\u0119 memem r\u00f3wnie\u017c w tradycyjnych mediach. <\/p>\n\n\n\n<p>Prawd\u0119 m\u00f3wi\u0105c skala b\u0142\u0119d\u00f3w, kt\u00f3re pope\u0142nia troszk\u0119 nas szokuje. <\/p>\n\n\n\n<p>Czy jest to po prostu przeliczenie si\u0119 z w\u0142asnymi si\u0142ami i zabrni\u0119cie w rejony, w kt\u00f3rych nie mo\u017cna ju\u017c inaczej, czy bezkrytyczna mi\u0142o\u015b\u0107 do historii staro\u017cytnej i zapatrzenie w triumwiraty,  z kt\u00f3rych osta\u0107 si\u0119 mo\u017ce tylko jeden&#8230; tylko co dalej. <\/p>\n\n\n\n<p>Jest te\u017c mo\u017cliwo\u015b\u0107, kt\u00f3rej absolutnie Panu Premierowi nie \u017cyczymy, i\u017c cho\u0107 fizycznie jest w \u015bwietnej formie, to mo\u017ce wiek odbija si\u0119 ju\u017c na kondycji umys\u0142owej. <\/p>\n\n\n\n<p>Najbardziej prawdopodobne wydaje nam si\u0119 jednak, jako dominuj\u0105cy czynnik, ego Pana Donalda. <\/p>\n\n\n\n<p>O ile bowiem po ostatnich wyborach parlamentarnych jego historyczny sukces nad rywalem wydawa\u0142 si\u0119 mo\u017cliwy, to obecnie wszystko, absolutnie wszystko i na ka\u017cdej p\u0142aszczy\u017anie zdaje si\u0119 sugerowa\u0107, i\u017c zmierza on do ostatecznej pora\u017cki w starciu z Jaros\u0142awem Kaczy\u0144skim. <\/p>\n\n\n\n<p>Bior\u0105c pod uwag\u0119 kondycj\u0119 fizyczn\u0105 rywali, by\u0142by to ciekawy przyk\u0142ad triumfu umys\u0142u nad cia\u0142em, gdy\u017c ju\u017c nawet medialni wy\u015bmiewacze Kaczy\u0144skiego potrafi\u0105 na wizji przyzna\u0107, i\u017c facet jest &#8222;kingmakerem&#8221;. <\/p>\n\n\n\n<p><\/p>\n\n\n\n<p><\/p>\n<p class=\"bawpvc-ajax-counter\" data-id=\"3467\"><\/p>","protected":false},"excerpt":{"rendered":"<p>Przejd\u017amy od razu do meritum. Dlaczego &#8222;rozliczanie&#8221; rz\u0105d\u00f3w PiSowskich przebiega <a class=\"more-link\" href=\"https:\/\/oko.pres-24.pl\/?p=3467\">Czytaj dalej \u2192<\/a><\/p>\n","protected":false},"author":1,"featured_media":0,"comment_status":"open","ping_status":"closed","sticky":false,"template":"","format":"standard","meta":{"footnotes":""},"categories":[1],"tags":[],"class_list":["post-3467","post","type-post","status-publish","format-standard","hentry","category-uncategorized"],"aioseo_notices":[],"_links":{"self":[{"href":"https:\/\/oko.pres-24.pl\/index.php?rest_route=\/wp\/v2\/posts\/3467","targetHints":{"allow":["GET"]}}],"collection":[{"href":"https:\/\/oko.pres-24.pl\/index.php?rest_route=\/wp\/v2\/posts"}],"about":[{"href":"https:\/\/oko.pres-24.pl\/index.php?rest_route=\/wp\/v2\/types\/post"}],"author":[{"embeddable":true,"href":"https:\/\/oko.pres-24.pl\/index.php?rest_route=\/wp\/v2\/users\/1"}],"replies":[{"embeddable":true,"href":"https:\/\/oko.pres-24.pl\/index.php?rest_route=%2Fwp%2Fv2%2Fcomments&post=3467"}],"version-history":[{"count":7,"href":"https:\/\/oko.pres-24.pl\/index.php?rest_route=\/wp\/v2\/posts\/3467\/revisions"}],"predecessor-version":[{"id":3481,"href":"https:\/\/oko.pres-24.pl\/index.php?rest_route=\/wp\/v2\/posts\/3467\/revisions\/3481"}],"wp:attachment":[{"href":"https:\/\/oko.pres-24.pl\/index.php?rest_route=%2Fwp%2Fv2%2Fmedia&parent=3467"}],"wp:term":[{"taxonomy":"category","embeddable":true,"href":"https:\/\/oko.pres-24.pl\/index.php?rest_route=%2Fwp%2Fv2%2Fcategories&post=3467"},{"taxonomy":"post_tag","embeddable":true,"href":"https:\/\/oko.pres-24.pl\/index.php?rest_route=%2Fwp%2Fv2%2Ftags&post=3467"}],"curies":[{"name":"wp","href":"https:\/\/api.w.org\/{rel}","templated":true}]}}