{"id":3440,"date":"2025-05-28T07:23:24","date_gmt":"2025-05-28T06:23:24","guid":{"rendered":"https:\/\/oko.pres-24.pl\/?p=3440"},"modified":"2025-05-28T07:23:24","modified_gmt":"2025-05-28T06:23:24","slug":"pan-glogowski-brzydko-sie-chwyta-chyba","status":"publish","type":"post","link":"https:\/\/oko.pres-24.pl\/?p=3440","title":{"rendered":"Pan G\u0142ogowski brzydko si\u0119 chwyta. Chyba."},"content":{"rendered":"\n<p>Kto\u015b tu kr\u0119ci.<\/p>\n\n\n\n<p>Przed chwil\u0105 us\u0142yszeli\u015bmy na antenie TOK FM, z ust obydwu dyskutant\u00f3w, tj. Pan\u00f3w G\u0142ogowskiego oraz Waldemara Pawlaka, i\u017c Krzysztof Wac\u0142awek, by\u0142y szef ABW nie zaprzeczy\u0142, i\u017c Pan Nawrocki w 2021 r. otrzyma\u0142 negatywn\u0105 opini\u0119 odno\u015bnie przyznania po\u015bwiadczenia bezpiecze\u0144stwa. <\/p>\n\n\n\n<p>Wydawa\u0142o nam si\u0119, i\u017c przed godzin\u0105 czytali\u015bmy co\u015b przeciwnego na Onecie. <\/p>\n\n\n\n<p>Poniewa\u017c obecnie na tym portalu nie widzimy tej wiadomo\u015bci, poni\u017cej robimy przeklejk\u0119 z WP. <\/p>\n\n\n\n<p>cytat:<\/p>\n\n\n\n<figure class=\"wp-block-image size-full\"><img loading=\"lazy\" decoding=\"async\" width=\"742\" height=\"247\" src=\"https:\/\/oko.pres-24.pl\/wp-content\/uploads\/2025\/05\/obraz-2.png\" alt=\"\" class=\"wp-image-3441\" srcset=\"https:\/\/oko.pres-24.pl\/wp-content\/uploads\/2025\/05\/obraz-2.png 742w, https:\/\/oko.pres-24.pl\/wp-content\/uploads\/2025\/05\/obraz-2-300x100.png 300w\" sizes=\"auto, (max-width: 742px) 100vw, 742px\" \/><\/figure>\n\n\n\n<p>\u017ar\u00f3d\u0142o:<\/p>\n\n\n\n<p><a href=\"https:\/\/wiadomosci.wp.pl\/poswiadczenie-dla-nawrockiego-byly-szef-abw-odpiera-zarzuty-7161337014975424a\">https:\/\/wiadomosci.wp.pl\/poswiadczenie-dla-nawrockiego-byly-szef-abw-odpiera-zarzuty-7161337014975424a<\/a><\/p>\n\n\n\n<p>Jak &#8222;byk&#8221; pisze. i\u017c otrzyma\u0142 rekomendacj\u0119. <\/p>\n\n\n\n<p>S\u0142abo Panu idzie to dziennikarzowanie Panie G\u0142ogowski.<\/p>\n\n\n\n<p><\/p>\n<p class=\"bawpvc-ajax-counter\" data-id=\"3440\"><\/p>","protected":false},"excerpt":{"rendered":"<p>Kto\u015b tu kr\u0119ci. Przed chwil\u0105 us\u0142yszeli\u015bmy na antenie TOK FM, <a class=\"more-link\" href=\"https:\/\/oko.pres-24.pl\/?p=3440\">Czytaj dalej \u2192<\/a><\/p>\n","protected":false},"author":1,"featured_media":0,"comment_status":"open","ping_status":"closed","sticky":false,"template":"","format":"standard","meta":{"footnotes":""},"categories":[1],"tags":[],"class_list":["post-3440","post","type-post","status-publish","format-standard","hentry","category-uncategorized"],"aioseo_notices":[],"_links":{"self":[{"href":"https:\/\/oko.pres-24.pl\/index.php?rest_route=\/wp\/v2\/posts\/3440","targetHints":{"allow":["GET"]}}],"collection":[{"href":"https:\/\/oko.pres-24.pl\/index.php?rest_route=\/wp\/v2\/posts"}],"about":[{"href":"https:\/\/oko.pres-24.pl\/index.php?rest_route=\/wp\/v2\/types\/post"}],"author":[{"embeddable":true,"href":"https:\/\/oko.pres-24.pl\/index.php?rest_route=\/wp\/v2\/users\/1"}],"replies":[{"embeddable":true,"href":"https:\/\/oko.pres-24.pl\/index.php?rest_route=%2Fwp%2Fv2%2Fcomments&post=3440"}],"version-history":[{"count":1,"href":"https:\/\/oko.pres-24.pl\/index.php?rest_route=\/wp\/v2\/posts\/3440\/revisions"}],"predecessor-version":[{"id":3442,"href":"https:\/\/oko.pres-24.pl\/index.php?rest_route=\/wp\/v2\/posts\/3440\/revisions\/3442"}],"wp:attachment":[{"href":"https:\/\/oko.pres-24.pl\/index.php?rest_route=%2Fwp%2Fv2%2Fmedia&parent=3440"}],"wp:term":[{"taxonomy":"category","embeddable":true,"href":"https:\/\/oko.pres-24.pl\/index.php?rest_route=%2Fwp%2Fv2%2Fcategories&post=3440"},{"taxonomy":"post_tag","embeddable":true,"href":"https:\/\/oko.pres-24.pl\/index.php?rest_route=%2Fwp%2Fv2%2Ftags&post=3440"}],"curies":[{"name":"wp","href":"https:\/\/api.w.org\/{rel}","templated":true}]}}