{"id":3436,"date":"2025-05-28T03:27:34","date_gmt":"2025-05-28T02:27:34","guid":{"rendered":"https:\/\/oko.pres-24.pl\/?p=3436"},"modified":"2025-06-23T05:23:39","modified_gmt":"2025-06-23T04:23:39","slug":"wydaje-sie-ze-mamy-syndrom-oblezonej-twierdzy","status":"publish","type":"post","link":"https:\/\/oko.pres-24.pl\/?p=3436","title":{"rendered":"Czy to ju\u017c &#8222;syndrom obl\u0119\u017conej twierdzy&#8221;?"},"content":{"rendered":"\n<p>Mobilizacja przeciwko kandydatowi &#8222;obywatelskiemu&#8221; osi\u0105gn\u0119\u0142a apogeum. <\/p>\n\n\n\n<p>Przedwyborczy tydzie\u0144, obok mniej istotnych drobnostek, przyni\u00f3s\u0142 nam raport NIK ale przede wszystkim materia\u0142 Onetu o kurierskich us\u0142ugach Pana Kandydata wzgl\u0119dem pa\u0144 swobodnych obyczaj\u00f3w. <\/p>\n\n\n\n<p>Pierwsze nasze odczucia by\u0142y jak najbardziej zgodne z intencjami Pan\u00f3w Stankiewicza, Har\u0142ukowicza i sp\u00f3\u0142ki, jednak jak nakazuje przyzwoito\u015b\u0107 (ciekawe s\u0142owo w poruszanym kontek\u015bcie) zapoznali\u015bmy si\u0119 z opiniami drugiej strony oraz trzeciej, za jak\u0105 uwa\u017camy \u015brodowisko Pana Bosaka. <\/p>\n\n\n\n<p>I c\u00f3\u017c. <\/p>\n\n\n\n<p>Je\u015bli dotychczasowi zwolennicy Pana Nawrockiego nabrali jakich\u015b w\u0105tpliwo\u015bci po onetowym materiale, to wys\u0142uchawszy wypowiedzi wspomnianych przez nas \u015brodowisk, prawdopodobnie wr\u00f3cili na wcze\u015bniejsze tory, pomimo ci\u0119\u017ckiego kalibru zarzutu, i\u017c nie sk\u0142adaj\u0105c pozwu w trybie wyborczym, pisowski kandydat boi si\u0119 og\u0142oszenia niekorzystnego wyroku przed drug\u0105 tur\u0105 wybor\u00f3w.<\/p>\n\n\n\n<p>Kontrargument brzmi jednak tak, i\u017c pozew w trybie wyborczym zosta\u0142by odrzucony, co pozwoli\u0142oby dowodzi\u0107 &#8222;trzaskowskiej&#8221; stronie, i\u017c s\u0105d w ten spos\u00f3b popar\u0142 autentyczno\u015b\u0107 zarzut\u00f3w. <\/p>\n\n\n\n<p>Z tej perspektywy ca\u0142a akcja jest majstersztykiem, zar\u00f3wno bowiem niez\u0142o\u017cenie pozwu, jak i jego odrzucenie, stawia w z\u0142ym \u015bwietle prawicowego kandydata.<\/p>\n\n\n\n<p>Z punktu widzenia walki politycznej, gdzie syf wszelaki jest niestety oczywisto\u015bci\u0105, &#8222;szacuneczek&#8221; autorom prowokacji si\u0119 nale\u017cy.<\/p>\n\n\n\n<p>Wiarygodno\u015bci decyzji Pana Nawrockiego dodaje jednak fakt istnienia precedensu (tak, pami\u0119tamy, i\u017c mamy inny system prawa ale czy to co\u015b zmienia?) w postaci wcze\u015bniejszej opinii(?) s\u0105du, i\u017c artyku\u0142 prasowy nie podlega pod tryb wyborczy.<\/p>\n\n\n\n<p>To mocny i zasadny argument za porzuceniem tej drogi dochodzenia prawdy, wszak fakt odrzucenia pozwu z automatu sk\u0142ania nas do wydania niekorzystnego dla powoda wyroku. <\/p>\n\n\n\n<p>Si\u0142a tego ataku jest jednak pot\u0119\u017cna i szum nim wywo\u0142any, w po\u0142\u0105czeniu z innymi skierowanymi przeciw prawicowemu kandydatowi akcjami powoduje pewien przesyt, wra\u017cenie, i\u017c co\u015b jest nie tak. <\/p>\n\n\n\n<p>Tak zasian\u0105 w\u0105tpliwo\u015b\u0107 umacnia wys\u0142uchanie prawicowych i, jakby to uj\u0105\u0107, zbli\u017conych do neutralno\u015bci komentator\u00f3w, kt\u00f3rzy na potrzeby wypowiedzi starali si\u0119 zg\u0142\u0119bi\u0107 r\u00f3\u017cne aspekty sprawy i skonstruowa\u0107 logiczn\u0105 wypowied\u017a.<\/p>\n\n\n\n<p>To wszystko powoduje, i\u017c wykszta\u0142ca si\u0119 postawa tzw. obl\u0119\u017conej twierdzy. <\/p>\n\n\n\n<p>Polega to na tym, i\u017c skala ataku, zamiast zasia\u0107 zw\u0105tpienie, konsoliduje szeregi. <\/p>\n\n\n\n<p>Tym samym, w jakikolwiek jeszcze spos\u00f3b Pan Nawrocki zostanie zaatakowany, nie b\u0119dzie to mia\u0142o dla jego zwolennik\u00f3w \u017cadnego znaczenia, gdy\u017c zak\u0142adaj\u0105 oni, i\u017c wszystko to jest fa\u0142szem. <\/p>\n\n\n\n<p>Czy jednak o to wyprowadzaj\u0105cym ataki chodzi?<\/p>\n\n\n\n<p>Pierwsza tura pokaza\u0142a, i\u017c wielu wyborc\u00f3w, kt\u00f3rzy w wyborach parlamentarnych poparli rz\u0105dz\u0105c\u0105 obecnie koalicj\u0119, zosta\u0142o w domach.<\/p>\n\n\n\n<p>Je\u015bli wi\u0119c jaki\u015b efekt atak paniami lekkich obyczaj\u00f3w ma osi\u0105gn\u0105\u0107, to b\u0119dzie to mobilizacja &#8222;leniuch\u00f3w&#8221;, kt\u00f3rzy mog\u0105 stwierdzi\u0107, i\u017c cho\u0107 s\u0105 rozczarowani rz\u0105dami Pana Tuska, to jednak taki cz\u0142owiek, jak Pan Nawrocki, nie powinien zosta\u0107 prezydentem Polski.<\/p>\n\n\n\n<p>I to mo\u017ce si\u0119 uda\u0107, gdy\u017c &#8222;sutenerska&#8221; afera raczej nie prze\u0142o\u017cy si\u0119 na mobilizacj\u0119 jakiego\u015b nowego elektoratu na rzecz kandydata PiS.<\/p>\n\n\n\n<p>A tak og\u00f3lnie&#8230;<\/p>\n\n\n\n<p>&#8230;Pan Nawrocki przeszed\u0142 d\u0142ug\u0105 drog\u0119. Lata 90-te i pocz\u0105tek nowego tysi\u0105clecia to nie by\u0142y czasy z bajki. Praca na bramce to nie zaj\u0119cie dla grzecznych dzieciak\u00f3w i jest oczywiste, i\u017c mia\u0142 Pan Nawrocki do czynienia z r\u00f3\u017cnymi \u015brodowiskami. <\/p>\n\n\n\n<p>Wida\u0107 pewn\u0105 nieporadno\u015b\u0107 j\u0119zykow\u0105. Nie ma bajeru, b\u0142yskotliwo\u015bci i umiej\u0119tno\u015bci riposty, cho\u0107 z drugiej strony w stu procentach inteligencki Pan Trzaskowski, cho\u0107 wymow\u0119 ma lepsz\u0105, to merytorycznie r\u00f3wnie\u017c nie porywa. <\/p>\n\n\n\n<p>Jak ju\u017c pisali\u015bmy, nie wiemy po co mu te wszystkie j\u0119zyki, skoro formu\u0142owane nimi tre\u015bci s\u0105 albo odtw\u00f3rcze albo po prostu g\u0142upie. Oskar\u017canie Pana Glapi\u0144skiego o ceny mas\u0142a&#8230; Panie Prezydencie miasta sto\u0142ecznego&#8230; nie wierzyli\u015bmy, gdy to us\u0142yszeli\u015bmy tak beznadziejnie to g\u0142upie ale jak rozumiemy wzoruje si\u0119 Pan na Premierze Tusku, kt\u00f3rego werbalnych gwa\u0142t\u00f3w na tematach gospodarczych jest bez liku.<\/p>\n\n\n\n<p>Jednak te wybory nie s\u0105 przecie\u017c pomi\u0119dzy dwoma Panami. <\/p>\n\n\n\n<p>To wybory o wizj\u0119 Polski, przez tych Pan\u00f3w reprezentowanej i c\u00f3\u017c&#8230; kto\u015b, kto stwierdzi\u0142, i\u017c po co w Polsce du\u017ce lotnisko, skoro jest takie w Berlinie, po prostu nie mo\u017ce by\u0107 pierwszym obywatelem kraju. W sumie zale\u017cy kt\u00f3rego kraju, bo Niemiec jak najbardziej.<\/p>\n\n\n\n<p><\/p>\n<p class=\"bawpvc-ajax-counter\" data-id=\"3436\"><\/p>","protected":false},"excerpt":{"rendered":"<p>Mobilizacja przeciwko kandydatowi &#8222;obywatelskiemu&#8221; osi\u0105gn\u0119\u0142a apogeum. Przedwyborczy tydzie\u0144, obok mniej <a class=\"more-link\" href=\"https:\/\/oko.pres-24.pl\/?p=3436\">Czytaj dalej \u2192<\/a><\/p>\n","protected":false},"author":1,"featured_media":0,"comment_status":"open","ping_status":"closed","sticky":false,"template":"","format":"standard","meta":{"footnotes":""},"categories":[1],"tags":[],"class_list":["post-3436","post","type-post","status-publish","format-standard","hentry","category-uncategorized"],"aioseo_notices":[],"_links":{"self":[{"href":"https:\/\/oko.pres-24.pl\/index.php?rest_route=\/wp\/v2\/posts\/3436","targetHints":{"allow":["GET"]}}],"collection":[{"href":"https:\/\/oko.pres-24.pl\/index.php?rest_route=\/wp\/v2\/posts"}],"about":[{"href":"https:\/\/oko.pres-24.pl\/index.php?rest_route=\/wp\/v2\/types\/post"}],"author":[{"embeddable":true,"href":"https:\/\/oko.pres-24.pl\/index.php?rest_route=\/wp\/v2\/users\/1"}],"replies":[{"embeddable":true,"href":"https:\/\/oko.pres-24.pl\/index.php?rest_route=%2Fwp%2Fv2%2Fcomments&post=3436"}],"version-history":[{"count":5,"href":"https:\/\/oko.pres-24.pl\/index.php?rest_route=\/wp\/v2\/posts\/3436\/revisions"}],"predecessor-version":[{"id":3456,"href":"https:\/\/oko.pres-24.pl\/index.php?rest_route=\/wp\/v2\/posts\/3436\/revisions\/3456"}],"wp:attachment":[{"href":"https:\/\/oko.pres-24.pl\/index.php?rest_route=%2Fwp%2Fv2%2Fmedia&parent=3436"}],"wp:term":[{"taxonomy":"category","embeddable":true,"href":"https:\/\/oko.pres-24.pl\/index.php?rest_route=%2Fwp%2Fv2%2Fcategories&post=3436"},{"taxonomy":"post_tag","embeddable":true,"href":"https:\/\/oko.pres-24.pl\/index.php?rest_route=%2Fwp%2Fv2%2Ftags&post=3436"}],"curies":[{"name":"wp","href":"https:\/\/api.w.org\/{rel}","templated":true}]}}