{"id":3432,"date":"2025-05-27T00:31:20","date_gmt":"2025-05-26T23:31:20","guid":{"rendered":"https:\/\/oko.pres-24.pl\/?p=3432"},"modified":"2025-06-23T05:28:54","modified_gmt":"2025-06-23T04:28:54","slug":"tok-fm-zmiany-zmiany-w-tym-np-upadek-ktory-juz-raz-pani-k-lewickiej","status":"publish","type":"post","link":"https:\/\/oko.pres-24.pl\/?p=3432","title":{"rendered":"TOK FM, zmiany, zmiany, w tym np. upadek (kt\u00f3ry ju\u017c raz?) Pani K.Lewickiej."},"content":{"rendered":"\n<p>Poniedzia\u0142ek, 27 maj 2025 r. <\/p>\n\n\n\n<p>Jako\u015b po 15 audycja Pani Piekutowskiej. <\/p>\n\n\n\n<p>Trzy 'y&#8217;nteligentne Panie, jakie\u015b tytu\u0142y naukowe, co najmniej dwie z tr\u00f3jcy to autorki ksi\u0105\u017cek, kt\u00f3rym po\u015bwi\u0119cona jest audycja.<\/p>\n\n\n\n<p>Jedna z autorek stwierdza (cyt. z pami\u0119ci) &#8222;Fakt, i\u017c Polki nie rodz\u0105, to oczywi\u015bcie efekt o\u015bmiu lat rz\u0105d\u00f3w PiS&#8221;. <\/p>\n\n\n\n<p>Oczywi\u015bcie, przy za\u0142o\u017ceniu, i\u017c PiS rz\u0105dzi\u0142 w ca\u0142ym zachodnim \u015bwiecie, gdzie, o zgrozo, przyczyni\u0142 si\u0119 do wzrostu dobrobytu. <\/p>\n\n\n\n<p>Spadek dzietno\u015bci ma bowiem miejsce we wszystkich krajach, w kt\u00f3rych podnosi\u0142a si\u0119 stopa \u017cyciowa i jest dost\u0119p do konsumpcyjnych d\u00f3br wszelakich. Proces ten zachodzi w ca\u0142ym \u015bwiecie zachodnim z wahni\u0119ciami, spowodowanymi funkcjonowaniem znacznych mniejszo\u015bci pochodz\u0105cych z kraj\u00f3w odmiennych kulturowo (Francja). <\/p>\n\n\n\n<p>Jak wiadomo, tamtejsza mniejszo\u015b\u0107 wywodz\u0105ca si\u0119 p\u00f3\u0142nocnej Afryki, nie zasymilowa\u0142a si\u0119 w znacznym stopniu. Powsta\u0142y swoiste getta w kt\u00f3rych poziom \u017cycia odbiega od standardu bia\u0142ej wi\u0119kszo\u015bci, co z kolei sprzyja podtrzymywaniu kulturowej odr\u0119bno\u015bci. <\/p>\n\n\n\n<p>We wszystkich krajach tzw. trzeciego \u015bwiata dzietno\u015b\u0107 jest wysoka. Dzieci to pomoc w pracy i zabezpieczenie emerytalne. <\/p>\n\n\n\n<p>Tymczasem konsumpcjonizm nie sprzyja macierzy\u0144stwu i tacierzy\u0144stwu. <\/p>\n\n\n\n<p>Dwa plus jeden, w sytuacji gdy t\u0105 jedynk\u0119 mo\u017cna podrzuci\u0107 do dziadk\u00f3w, to optymalny model. <\/p>\n\n\n\n<p>Mo\u017cna jecha\u0107 bez &#8222;bachora&#8221; na wakacje, mo\u017cna si\u0119 wyspa\u0107. Tak w og\u00f3le to drugie, albo nawet pierwsze &#8222;dziecko&#8221; w postaci pieska to wygodniejsza opcja. <\/p>\n\n\n\n<p>I mo\u017cna oddawa\u0107 si\u0119 konsumpcjonizmowi. <\/p>\n\n\n\n<p>Je\u015bli jaki\u015b proces zachodzi wsz\u0119dzie, gdzie maj\u0105 miejsce identyczne okoliczno\u015bci, to konkluzja jest oczywista.<\/p>\n\n\n\n<p>I ta nieskomplikowana my\u015bl wynikaj\u0105ca z banalnej, acz uniwersalnej obserwacji umkn\u0119\u0142a 'y&#8217;ntelektualnie wybitnym Paniom w studio u Pani Piekutowskiej. <\/p>\n\n\n\n<p>Co do Pani Lewickiej. <\/p>\n\n\n\n<p>Poziom poczucia w\u0142asnej &#8222;zajefajno\u015bci&#8221; u tej Pani to ju\u017c kosmos. <\/p>\n\n\n\n<p>Przestali\u015bmy ju\u017c weryfikowa\u0107 &#8222;nagrody&#8221;, kt\u00f3re otrzymuj\u0105 osoby podobne Pani Karolinie, gdy\u017c wielokrotnie wspominane poczucie \u017cenady, przy braku tej\u017ce u nagradzanych, jednak nas przyt\u0142acza. <\/p>\n\n\n\n<p>Swego czasu bowiem, s\u0142ysz\u0105c po raz 10, \u017ce kto\u015b z gromadki TVN24, TOK FM, &#8222;Wyborczej&#8221; i okolic otrzyma\u0142 jak\u0105\u015b nagrod\u0119, zerkali\u015bmy kto zasiada\u0142 w jury.<\/p>\n\n\n\n<p>Zawsze, absolutnie zawsze, to koledzy nagradzanych. <\/p>\n\n\n\n<p>\u017benada, ach \u017cenada. <\/p>\n\n\n\n<p>Pani Lewicka ostatnio &#8222;pop\u0142yn\u0119\u0142a&#8221; w ciekaw\u0105 stron\u0119, co nieco nas zaskoczy\u0142o, gdy\u017c Pani ta wydawa\u0142a si\u0119 jednak wyposa\u017cona w jaki\u015b zas\u00f3b inteligencji. <\/p>\n\n\n\n<p>Niedawno opisywali\u015bmy przypadek Pana Stankiewicza, cytuj\u0105c go &#8222;inteligenta w pierwszym pokoleniu&#8221; kt\u00f3ra to okoliczno\u015b\u0107 da si\u0119 zauwa\u017cy\u0107 w postaci &#8222;nie\u0142apania&#8221; przez Pana Redaktora tego i owego. <\/p>\n\n\n\n<p>\u017beby jednak Pani Lewicka&#8230;<\/p>\n\n\n\n<p>Chodzi nam o wypowied\u017a, zapewne z czwartku  22.05.2025 r., odnosz\u0105c\u0105 si\u0119 do s\u0142\u00f3w S.Mentzena w Kanale Zero. <\/p>\n\n\n\n<p>Na pytanie Pana Stanowskiego, dlaczego Pan S\u0142awomir kandydowa\u0142 na prezydenta, a nie chce bardziej sprawczego stanowiska, go\u015b\u0107 odpowiedzia\u0142, i\u017c nie przypomina sobie, by w ostatnim czasie mia\u0142y miejsce wybory na premiera b\u0105d\u017a ministra finans\u00f3w.<\/p>\n\n\n\n<p>I w\u0142a\u015bnie to Pani Lewicka, z tym charakterystycznym, acz kompletnie nieuzasadnionym poczuciem w\u0142asnej wybitno\u015bci, raczy\u0142a skomentowa\u0107. <\/p>\n\n\n\n<p>Z zajefajno\u015bci\u0105 paruj\u0105c\u0105 zapewne w tym momencie z ka\u017cdego pora na ciele Pani Redaktorki, pouczy\u0142a Pani Karolina polityka Konfederacji, i\u017c na stanowisko premiera i ministra finans\u00f3w nie odbywaj\u0105 si\u0119 wybory.<\/p>\n\n\n\n<p>Ale\u017c Pani jest &#8222;nieostra&#8221;.<\/p>\n\n\n\n<p>Je\u015bli nie zrozumia\u0142a Pani, i\u017c to ironia, a umiej\u0119tno\u015b\u0107 operowania ni\u0105 to jeden z podstawowych wyznacznik\u00f3w inteligencji, to powinna Pani w trybie natychmiastowym cofn\u0105\u0107 si\u0119 na sta\u017c do najwy\u017cej jakiego\u015b lokalnego wydania Gazety zapewne Wyborczej.<\/p>\n\n\n\n<p>Sama to sobie Pani robi. Naprawd\u0119&#8230; sk\u0105d to przekonanie ludzi z waszego \u015brodowiska o w\u0142asnej wybitno\u015bci? <\/p>\n\n\n\n<p>Wypowiedzi takiej spodziewaliby\u015bmy si\u0119 po Pani Wielowiejskiej ale jednak co do Pani Lewickiej mieli\u015bmy nieco wi\u0119ksze oczekiwania. <\/p>\n\n\n\n<p>W straszn\u0105 \u017cenad\u0119 Pani posz\u0142a. <\/p>\n\n\n\n<p>C\u00f3\u017c tam jeszcze w TOK FM? <\/p>\n\n\n\n<p>Szefem zosta\u0142 Pan G\u0142ogowski i to nie jest dobra wiadomo\u015b\u0107. <\/p>\n\n\n\n<p>Klapki na oczy i do przodu to definicja tego Pana. <\/p>\n\n\n\n<p>Znikn\u0105\u0142 z anteny Redaktor Wr\u00f3bel, jedyny zdroworozs\u0105dkowy g\u0142os na antenie, a przy tym, jeden z dw\u00f3ch, obok Pana Zakrockiego, przyk\u0142ad szyku, klasy i kultury najwy\u017cszych lot\u00f3w, kt\u00f3ra swoj\u0105 drog\u0105, w przypadku drugiego ze wspomnianych Pan\u00f3w, potrafi\u0142a przybra\u0107 niezamierzenie zabawn\u0105 form\u0119.<\/p>\n\n\n\n<p>Czy Pan Zakrocki pozosta\u0142 w stacji? Jego audycja o 23 zdaje si\u0119 znikn\u0119\u0142a.<\/p>\n\n\n\n<p>Swego czasu odno\u015bnie tego programu nasz\u0142a nas pewna refleksja. <\/p>\n\n\n\n<p>Pan Zakrocki, powt\u00f3rzmy, cz\u0142owiek o wysokiej kulturze, z kindersztub\u0105 wywodz\u0105c\u0105 si\u0119 dawnych czas\u00f3w, prowadzi\u0142 swoj\u0105 nocn\u0105 audycj\u0119 w otoczce, ujmijmy to, pewnej elitarno\u015bci intelektualnej.<\/p>\n\n\n\n<p>S\u0142uchaj\u0105c mieli\u015bmy wizj\u0119 siedz\u0105cego przy kominku, ze szklaneczk\u0105 whiskey w \u0142apce, przedstawiciela co najmniej solidnie sytuowanej klasy \u015bredniej.<\/p>\n\n\n\n<p>Kr\u00f3tko m\u00f3wi\u0105c, elita spo\u0142eczne i intelektualna. <\/p>\n\n\n\n<p>Do pracy nie za wcze\u015bnie trzeba, wi\u0119c mo\u017cna si\u0119 wieczorem odda\u0107 refleksjom nad istot\u0105 \u015bwiata.<\/p>\n\n\n\n<p>I w powy\u017cszym kontek\u015bcie uderza\u0142a nas poranna audycja prowadzona przez, dla nas legendarnego, Pana Ma\u015blaka. <\/p>\n\n\n\n<p>Zacz\u0119li\u015bmy podejrzewa\u0107, i\u017c kierownictwo TOK FM, z tym charakterystycznym dla o\u015bwieconej lewicy i libera\u0142\u00f3w poczuciem pogardy dla klas ni\u017cszych, uwa\u017caj\u0105 wstaj\u0105c\u0105 o 5 rano na pierwsz\u0105 zmian\u0119 klas\u0119 robotnicz\u0105 za idiot\u00f3w, st\u0105d zatrudniono do porannej audycji prezentuj\u0105c\u0105 adekwatny poziom osob\u0119.<\/p>\n\n\n\n<p>Ot, taka nasza ma\u0142a teoria spiskowa.<\/p>\n\n\n\n<p>[Aktualizacja: 27.05.2025 r. godz. ok. 2 rano] <\/p>\n\n\n\n<p>Przed chwil\u0105 wys\u0142uchali\u015bmy powt\u00f3rki porannej audycji TOK FM z Pani\u0105 D.Wielowieysk\u0105 jako prowadz\u0105c\u0105. <\/p>\n\n\n\n<p>S\u0142uchali\u015bmy rano jednym uchem, wi\u0119c obecnie nie \u015bpi\u0105c, zaserwowali\u015bmy sobie powt\u00f3rk\u0119. <\/p>\n\n\n\n<p>Tak na 100% pewno\u015bci nie mamy, gdy\u017c ponownie s\u0142uchamy, tym razem drugim uchem, ale zdaje si\u0119 mamy tu przyk\u0142ad swoistej autocenzury. <\/p>\n\n\n\n<p>Wyra\u017anie o poranku s\u0142yszeli\u015bmy, jak po uwagach skierowanych przez Pana Czuchnowskiego w stron\u0119 obecnego w studio przedstawiciela Klubu Jagiello\u0144skiego, ten ostatni wtr\u0105ci\u0142 co\u015b o obra\u017caniu. <\/p>\n\n\n\n<p>Zrobi\u0142o si\u0119 niemi\u0142o, jednak ju\u017c nie podczas powt\u00f3rki, gdy\u017c najwyra\u017aniej, cho\u0107 zachowano krytyk\u0119 Pana Czuchnowskiego, to odpowied\u017a na ni\u0105 drugiego z go\u015bci usuni\u0119to. <\/p>\n\n\n\n<p>Tak nam si\u0119 przynajmniej wydaje, cho\u0107 mo\u017cliwe, i\u017c nie dos\u0142yszeli\u015bmy jej nocnym, drugim uchem.<\/p>\n<p class=\"bawpvc-ajax-counter\" data-id=\"3432\"><\/p>","protected":false},"excerpt":{"rendered":"<p>Poniedzia\u0142ek, 27 maj 2025 r. Jako\u015b po 15 audycja Pani <a class=\"more-link\" href=\"https:\/\/oko.pres-24.pl\/?p=3432\">Czytaj dalej \u2192<\/a><\/p>\n","protected":false},"author":1,"featured_media":0,"comment_status":"open","ping_status":"closed","sticky":false,"template":"","format":"standard","meta":{"footnotes":""},"categories":[1],"tags":[],"class_list":["post-3432","post","type-post","status-publish","format-standard","hentry","category-uncategorized"],"aioseo_notices":[],"_links":{"self":[{"href":"https:\/\/oko.pres-24.pl\/index.php?rest_route=\/wp\/v2\/posts\/3432","targetHints":{"allow":["GET"]}}],"collection":[{"href":"https:\/\/oko.pres-24.pl\/index.php?rest_route=\/wp\/v2\/posts"}],"about":[{"href":"https:\/\/oko.pres-24.pl\/index.php?rest_route=\/wp\/v2\/types\/post"}],"author":[{"embeddable":true,"href":"https:\/\/oko.pres-24.pl\/index.php?rest_route=\/wp\/v2\/users\/1"}],"replies":[{"embeddable":true,"href":"https:\/\/oko.pres-24.pl\/index.php?rest_route=%2Fwp%2Fv2%2Fcomments&post=3432"}],"version-history":[{"count":3,"href":"https:\/\/oko.pres-24.pl\/index.php?rest_route=\/wp\/v2\/posts\/3432\/revisions"}],"predecessor-version":[{"id":3458,"href":"https:\/\/oko.pres-24.pl\/index.php?rest_route=\/wp\/v2\/posts\/3432\/revisions\/3458"}],"wp:attachment":[{"href":"https:\/\/oko.pres-24.pl\/index.php?rest_route=%2Fwp%2Fv2%2Fmedia&parent=3432"}],"wp:term":[{"taxonomy":"category","embeddable":true,"href":"https:\/\/oko.pres-24.pl\/index.php?rest_route=%2Fwp%2Fv2%2Fcategories&post=3432"},{"taxonomy":"post_tag","embeddable":true,"href":"https:\/\/oko.pres-24.pl\/index.php?rest_route=%2Fwp%2Fv2%2Ftags&post=3432"}],"curies":[{"name":"wp","href":"https:\/\/api.w.org\/{rel}","templated":true}]}}