{"id":3400,"date":"2025-05-12T21:43:19","date_gmt":"2025-05-12T20:43:19","guid":{"rendered":"https:\/\/oko.pres-24.pl\/?p=3400"},"modified":"2025-05-14T09:30:59","modified_gmt":"2025-05-14T08:30:59","slug":"po-debacie-zalamka-po-p-biejat-i-swietny-p-menzen","status":"publish","type":"post","link":"https:\/\/oko.pres-24.pl\/?p=3400","title":{"rendered":"Debata trwa&#8230; za\u0142amka po p.Biejat i \u015bwietny p.Menzen."},"content":{"rendered":"\n<p>[S\u0142uchali\u015bmy, nie ogl\u0105dali\u015bmy, st\u0105d nie zwracali\u015bmy uwagi na to, co podkre\u015blaj\u0105 komentatorzy, tj. wyra\u017anie widoczne zm\u0119czenie debatuj\u0105cych.]<\/p>\n\n\n\n<p>Pani Biejat nas za\u0142ama\u0142a. <\/p>\n\n\n\n<p>Zawsze darzyli\u015bmy sympati\u0105 lewicowe dziewczyny. Co prawda krzywa tego lubienia od lat si\u0119 obni\u017ca, wraz z post\u0119puj\u0105cym u wi\u0119kszo\u015bci tych pa\u0144 ust\u0119powaniem rozumu przed r\u00f3\u017cnymi ideologicznymi g\u0142upotami, kt\u00f3rych konsekwencje ju\u017c odczuwamy, zw\u0142aszcza w m\u0142odszej cz\u0119\u015bci naszego spo\u0142ecze\u0144stwa.<\/p>\n\n\n\n<p>Nie mogli\u015bmy jednak uwierzy\u0107, \u017ce Pani Magdalena s\u0105dzi, i\u017c tacy ludzie jak Pan Menzen s\u0105 przeciwko p\u0142aceniu aliment\u00f3w. (Jak zwykle zaj\u0119ci byli\u015bmy czym\u015b innym, zak\u0142adamy jednak, i\u017c dobrze us\u0142yszeli\u015bmy wymian\u0119 zda\u0144).<\/p>\n\n\n\n<p>Gdyby wszyscy faceci, Pani Biejat, byli tacy jak S.Menzen, K.Bosak, M.Jakubiak ale i np. R.Giertych, du\u017co mniej pokrzywdzonych dzieci by\u0142oby wok\u00f3\u0142 nas.<\/p>\n\n\n\n<p>To s\u0105 bowiem faceci, kt\u00f3rzy rozumiej\u0105 co to znaczy by\u0107 m\u0119\u017cczyzn\u0105 i wzi\u0105\u0107 odpowiedzialno\u015b\u0107 za swoje czyny, a w zasadzie po prostu \u015bwiadomie je podejmowa\u0107. <\/p>\n\n\n\n<p>To jest w\u0142a\u015bnie to, co Pani \u015brodowisko tak usilnie rozwala i m.in. przez co tak wiele dzieci, jak i rodzic\u00f3w, si\u0119 pogubi\u0142o. <\/p>\n\n\n\n<p>W \u017cyciu nie pomy\u015bleliby\u015bmy, \u017ce Pani Biejat nie rozumie, \u017ce w \u015bwiecie ludzi takich jak Pan Menzen, sprzeciw wobec aborcji wynika z szacunku dla dziecka, a nie pogardy dla kobiety. <\/p>\n\n\n\n<p>Oczywi\u015bcie z powod\u00f3w czysto koniunkturalnych musz\u0105 ludzie, jak omawiana tu Pani, publicznie g\u0142osi\u0107 wersj\u0119 o mizoginizmie, jednak umo\u017cliwienie ustosunkowania si\u0119 do zarzutu, poprzez pytanie otwarte, to polityczny b\u0142\u0105d, nie najlepiej \u015bwiadcz\u0105cy o umiej\u0119tno\u015bci obiektywnej oceny fakt\u00f3w.<\/p>\n\n\n\n<p>Tymczasem dla ludzi o \u015bwiatopogl\u0105dzie to\u017csamym z tym, kt\u00f3ry wyznaje kandydat Konfederacji, alimenty, skoro ju\u017c facet nie wzi\u0105\u0142 odpowiedzialno\u015bci, s\u0105 obowi\u0105zkiem ojca i to jest oczywiste w \u015bwiecie prawdziwych konserwatyst\u00f3w. Podkre\u015blmy, prawdziwych konserwatyst\u00f3w, nie prawicowych (deklaratywnie), czy jakichkolwiek innych oszo\u0142om\u00f3w.<\/p>\n\n\n\n<p>To, \u017ce to nie jest puste gadanie, \u015bwiadczy ich w\u0142asne \u017cycie i dba\u0142o\u015b\u0107 o rodzin\u0119. <\/p>\n\n\n\n<p>Nie ogarniamy, \u017ce Pani Biejat nie rozumie tego.<\/p>\n\n\n\n<p>&#8222;M\u0142oda&#8221; lewica pozwoli\u0142a sobie w tym wzgl\u0119dzie zrobi\u0107 pranie m\u00f3zgu, jednak stare kadry, w osobach np. Pan\u00f3w Kwa\u015bniewskiego czy Millera, to te same, zdrowe fundamenty moralne, wyrastaj\u0105ce z odpowiedzialno\u015bci. <\/p>\n\n\n\n<p>Zdaje si\u0119 Pana Kwa\u015bniewskiego kilkukrotnie s\u0142yszeli\u015bmy przytaczaj\u0105cego dykteryjk\u0119, jak to on z jedn\u0105 \u017con\u0105, L.Miller z jedn\u0105, a ca\u0142e stadko prawicowych polityk\u00f3w nawet ju\u017c z trzeci\u0105.<\/p>\n\n\n\n<p>Dla uczciwo\u015bci dodajmy, i\u017c chodzi\u0142o o pisowsk\u0105 prawic\u0119, Konfederacja to jednak co innego, w dodatku historycznie bli\u017cszego definicji prawicy.<\/p>\n\n\n\n<p>Powt\u00f3rzmy wi\u0119c. <\/p>\n\n\n\n<p>Sprzeciw wobec aborcji wynika z szacunku dla \u017cycia dziecka, a w konsekwencji obowi\u0105zkiem obydwojga rodzic\u00f3w jest wzi\u0105\u0107 odpowiedzialno\u015b\u0107 za nie.<\/p>\n\n\n\n<p>&#8230;<\/p>\n\n\n\n<p>Za najm\u0105drzejsze zdanie debaty uwa\u017camy wypowied\u017a Pana Menzena na temat dzietno\u015bci. <\/p>\n\n\n\n<p>W punkt. <\/p>\n\n\n\n<p>Nie jest to pe\u0142na diagnoza, a nawet uwa\u017camy, i\u017c ci\u0119\u017car zagadnienia le\u017cy gdzie indziej, niemniej ka\u017cde wypowiedziane przez niego s\u0142owo, odno\u015bnie prania m\u00f3zg\u00f3w przeprowadzanego na spo\u0142ecze\u0144stwie, jest prawd\u0105. M\u0105drze wypowiedzian\u0105 prawd\u0105.<\/p>\n\n\n\n<p>&#8230;<\/p>\n\n\n\n<p>Pan Stanowski skrad\u0142 sporo z schow. <\/p>\n\n\n\n<p>Patrz\u0105c na ca\u0142o\u015b\u0107 kampanii, to otrzymali\u015bmy dok\u0142adnie to, czego oczekiwali\u015bmy po zapoznaniu si\u0119 z potencja\u0142em intelektualnym szefa Kana\u0142u Zero. <\/p>\n\n\n\n<p>Zazdro\u015bcimy ale i cieszymy si\u0119, gdy\u017c nie wierzyli\u015bmy wcze\u015bniej, i\u017c kto\u015b taki zaistnieje na polskiej medialno-politycznej scenie.<\/p>\n\n\n\n<p>&#8230;<\/p>\n\n\n\n<p>Pan Trzaskowski, c\u00f3\u017c&#8230; dla nas to ca\u0142y czas M.Korybut Wi\u015bniowiecki. <\/p>\n\n\n\n<p>Mo\u017ce si\u0119 mylimy i b\u0119dzie ca\u0142kiem inaczej w przypadku jego prezydentury ale w tej chwili byliby\u015bmy si\u0119 w stanie za\u0142o\u017cy\u0107 o grub\u0105 stawk\u0119, i\u017c jako prezydent b\u0119dzie najwi\u0119kszym &#8222;d\u0142ugopisem&#8221; spo\u015br\u00f3d wszystkich poprzednik\u00f3w. <\/p>\n\n\n\n<p>&#8230;<\/p>\n\n\n\n<p>Obywatelski kandydat PiS \ud83d\ude00 jest dla nas dowodem na prawdziwo\u015b\u0107 twierdzenia o dominacji formy nad tre\u015bci\u0105 przekazu. <\/p>\n\n\n\n<p>O ile w przypadku Pana Trzaskowskiego obydwa aspekty s\u0105 dla nas mama\u0142yg\u0105, to nie potrafimy si\u0119 skupi\u0107 na przekazie Pana Nawrockiego. <\/p>\n\n\n\n<p>Ton g\u0142osu, spos\u00f3b wypowiedzi&#8230; no wali nas to drewno po uszach nieustannie, pomimo i\u017c podkre\u015bla si\u0119 post\u0119py pretendenta w dziedzinie autoprezentacji. <\/p>\n\n\n\n<p>&#8230;<\/p>\n\n\n\n<p>Co jeszcze&#8230; Pan Maciak si\u0119 pilnuje, podobnie jak Pan Braun. <\/p>\n\n\n\n<p>Jest 22.40. Debata trwa. Zobaczymy. Mo\u017ce jeszcze co\u015b ciekawego si\u0119 wydarzy,<\/p>\n\n\n\n<p><strong>[Aktualizacja godz. 23.33]<\/strong><\/p>\n\n\n\n<p>Ale\u017c Pani Wysocka-Schnepf polecia\u0142a. <\/p>\n\n\n\n<p>Bo\u017ce, jakie to nieinteligentne. <\/p>\n\n\n\n<p>O ile pierwsz\u0105 reakcj\u0119 na wypowied\u017a Pana Stanowskiego jako\u015b da\u0142oby si\u0119 obroni\u0107, cho\u0107 odwo\u0142anie do wymiocin nie sprawdza si\u0119 najlepiej w przypadku ludzi o plastycznej wyobra\u017ani (to my), to drugie wyst\u0105pienie, najwyra\u017aniej w poczucie obowi\u0105zku wobec szefa, to \u017cenada.<\/p>\n\n\n\n<p>W tym w\u0142a\u015bnie momencie ta biedna Pani potwierdzi\u0142a ka\u017cdy zarzut, kt\u00f3ry pod jej adresem kierowano.<\/p>\n\n\n\n<p><\/p>\n<p class=\"bawpvc-ajax-counter\" data-id=\"3400\"><\/p>","protected":false},"excerpt":{"rendered":"<p>[S\u0142uchali\u015bmy, nie ogl\u0105dali\u015bmy, st\u0105d nie zwracali\u015bmy uwagi na to, co <a class=\"more-link\" href=\"https:\/\/oko.pres-24.pl\/?p=3400\">Czytaj dalej \u2192<\/a><\/p>\n","protected":false},"author":1,"featured_media":0,"comment_status":"open","ping_status":"closed","sticky":false,"template":"","format":"standard","meta":{"footnotes":""},"categories":[1],"tags":[],"class_list":["post-3400","post","type-post","status-publish","format-standard","hentry","category-uncategorized"],"aioseo_notices":[],"_links":{"self":[{"href":"https:\/\/oko.pres-24.pl\/index.php?rest_route=\/wp\/v2\/posts\/3400","targetHints":{"allow":["GET"]}}],"collection":[{"href":"https:\/\/oko.pres-24.pl\/index.php?rest_route=\/wp\/v2\/posts"}],"about":[{"href":"https:\/\/oko.pres-24.pl\/index.php?rest_route=\/wp\/v2\/types\/post"}],"author":[{"embeddable":true,"href":"https:\/\/oko.pres-24.pl\/index.php?rest_route=\/wp\/v2\/users\/1"}],"replies":[{"embeddable":true,"href":"https:\/\/oko.pres-24.pl\/index.php?rest_route=%2Fwp%2Fv2%2Fcomments&post=3400"}],"version-history":[{"count":7,"href":"https:\/\/oko.pres-24.pl\/index.php?rest_route=\/wp\/v2\/posts\/3400\/revisions"}],"predecessor-version":[{"id":3413,"href":"https:\/\/oko.pres-24.pl\/index.php?rest_route=\/wp\/v2\/posts\/3400\/revisions\/3413"}],"wp:attachment":[{"href":"https:\/\/oko.pres-24.pl\/index.php?rest_route=%2Fwp%2Fv2%2Fmedia&parent=3400"}],"wp:term":[{"taxonomy":"category","embeddable":true,"href":"https:\/\/oko.pres-24.pl\/index.php?rest_route=%2Fwp%2Fv2%2Fcategories&post=3400"},{"taxonomy":"post_tag","embeddable":true,"href":"https:\/\/oko.pres-24.pl\/index.php?rest_route=%2Fwp%2Fv2%2Ftags&post=3400"}],"curies":[{"name":"wp","href":"https:\/\/api.w.org\/{rel}","templated":true}]}}