{"id":3398,"date":"2025-05-05T21:57:59","date_gmt":"2025-05-05T20:57:59","guid":{"rendered":"https:\/\/oko.pres-24.pl\/?p=3398"},"modified":"2025-05-12T21:51:31","modified_gmt":"2025-05-12T20:51:31","slug":"no-cos-takiego-przy-tym-dnie-po-ktorym-szoruje-tok-fm-wypada-pana-adama-balcera-pochwalic","status":"publish","type":"post","link":"https:\/\/oko.pres-24.pl\/?p=3398","title":{"rendered":"No co\u015b takiego. Przy tym dnie, po kt\u00f3rym szoruje TOK FM, wypada Pana Adama Balcera pochwali\u0107."},"content":{"rendered":"\n<p>Niewielka to co prawda zas\u0142uga ale przy tym nat\u0119\u017ceniu g\u0142upot, kt\u00f3re we wspomnianym radiu ostatnimi czasy s\u0142uchamy, ociupinka uczciwo\u015bci zadzia\u0142a\u0142a od\u015bwie\u017caj\u0105co. <\/p>\n\n\n\n<p>Chodzi o wywiad z Pani\u0105 K.Lewick\u0105 w dn. 5.05.2025 r. przed godz. 18 na temat wybor\u00f3w w Rumunii. <\/p>\n\n\n\n<p>Niezmiernie nam mi\u0142o, i\u017c Pan Balcer wspomnia\u0142, tak troszk\u0119 co prawda mimochodem, ale jednak wspomnia\u0142, i\u017c co najmniej cz\u0119\u015b\u0107 tiktokowej akcji wspieraj\u0105cej niepopranego politycznie kandydata na prezydenta, by\u0142a autorstwa liberalnej, mainstremowej i takiej super duper europejskiej partii. <\/p>\n\n\n\n<p>Na antenie TOK FM nie s\u0142yszeli\u015bmy tego z innych ust, a co wi\u0119cej, podawane w wiadomo\u015bciach informacje o manipulacji w kontek\u015bcie wybor\u00f3w w Rumunii, to czyste \u015bciereczkowanie si\u0119 i naprawd\u0119, cz\u0142owieku, kt\u00f3ry za to odpowiadasz, jeste\u015b bardzo brudn\u0105 \u015bciereczk\u0105. <\/p>\n\n\n\n<p>Nie s\u0142uchamy ju\u017c tak cz\u0119sto, jak kiedy\u015b, TOK FM.<\/p>\n\n\n\n<p>Sie\u0107 zaroi\u0142a si\u0119 od fajnych audycji, o poziomie uczciwo\u015bci nieosi\u0105galnej dla &#8222;omawianego radia&#8221;. <\/p>\n\n\n\n<p>Zdaje si\u0119 jednak, nie omawiano zbyt szeroko (wcale?) ksi\u0105\u017cek Pani A.Merkel i Pana R.Trzaskowskiego, co jest wyj\u0105tkowo zabawne w kontek\u015bcie inteligenckiego medium, s\u0142uchanego przez tytu\u0142y naukowe z uniwersytet\u00f3w wszelakich.<\/p>\n\n\n\n<p>Wydaje si\u0119 bowiem, i\u017c co jak co, ale zach\u0119canie do czytania powinno tu by\u0107 jednym z priorytet\u00f3w. <\/p>\n\n\n\n<p>Zw\u0142aszcza takich autor\u00f3w. <\/p>\n\n\n\n<p>C\u00f3\u017c&#8230; lektura tych dzie\u0142 uderza w fundamenty og\u0142upiaj\u0105cej spo\u0142ecze\u0144stwo ideologii propagowanej przez TOK FM.<\/p>\n\n\n\n<p>Mo\u017ce uda si\u0119 tu dopisa\u0107 jeszcze kilka my\u015bli, kt\u00f3re nam po g\u0142owie w omawianym kontek\u015bcie lataj\u0105, cho\u0107 niecz\u0119sto nam si\u0119 to udaje. Czasu niestety brak. <\/p>\n<p class=\"bawpvc-ajax-counter\" data-id=\"3398\"><\/p>","protected":false},"excerpt":{"rendered":"<p>Niewielka to co prawda zas\u0142uga ale przy tym nat\u0119\u017ceniu g\u0142upot, <a class=\"more-link\" href=\"https:\/\/oko.pres-24.pl\/?p=3398\">Czytaj dalej \u2192<\/a><\/p>\n","protected":false},"author":1,"featured_media":0,"comment_status":"open","ping_status":"closed","sticky":false,"template":"","format":"standard","meta":{"footnotes":""},"categories":[1],"tags":[],"class_list":["post-3398","post","type-post","status-publish","format-standard","hentry","category-uncategorized"],"aioseo_notices":[],"_links":{"self":[{"href":"https:\/\/oko.pres-24.pl\/index.php?rest_route=\/wp\/v2\/posts\/3398","targetHints":{"allow":["GET"]}}],"collection":[{"href":"https:\/\/oko.pres-24.pl\/index.php?rest_route=\/wp\/v2\/posts"}],"about":[{"href":"https:\/\/oko.pres-24.pl\/index.php?rest_route=\/wp\/v2\/types\/post"}],"author":[{"embeddable":true,"href":"https:\/\/oko.pres-24.pl\/index.php?rest_route=\/wp\/v2\/users\/1"}],"replies":[{"embeddable":true,"href":"https:\/\/oko.pres-24.pl\/index.php?rest_route=%2Fwp%2Fv2%2Fcomments&post=3398"}],"version-history":[{"count":2,"href":"https:\/\/oko.pres-24.pl\/index.php?rest_route=\/wp\/v2\/posts\/3398\/revisions"}],"predecessor-version":[{"id":3405,"href":"https:\/\/oko.pres-24.pl\/index.php?rest_route=\/wp\/v2\/posts\/3398\/revisions\/3405"}],"wp:attachment":[{"href":"https:\/\/oko.pres-24.pl\/index.php?rest_route=%2Fwp%2Fv2%2Fmedia&parent=3398"}],"wp:term":[{"taxonomy":"category","embeddable":true,"href":"https:\/\/oko.pres-24.pl\/index.php?rest_route=%2Fwp%2Fv2%2Fcategories&post=3398"},{"taxonomy":"post_tag","embeddable":true,"href":"https:\/\/oko.pres-24.pl\/index.php?rest_route=%2Fwp%2Fv2%2Ftags&post=3398"}],"curies":[{"name":"wp","href":"https:\/\/api.w.org\/{rel}","templated":true}]}}