{"id":3385,"date":"2025-05-04T03:43:34","date_gmt":"2025-05-04T02:43:34","guid":{"rendered":"https:\/\/oko.pres-24.pl\/?p=3385"},"modified":"2025-05-12T21:53:54","modified_gmt":"2025-05-12T20:53:54","slug":"pan-stankiewicz-wpada-w-panike","status":"publish","type":"post","link":"https:\/\/oko.pres-24.pl\/?p=3385","title":{"rendered":"Pan Stankiewicz wpada w panik\u0119.[Aktualizacja 5.05.2025 godz. 5.50]"},"content":{"rendered":"\n<p>Powoli robi si\u0119 powt\u00f3rka z kampanii Pana B.Komorowskiego z 2015 r. <\/p>\n\n\n\n<p>Ci dobrzy, wykszta\u0142ceni i w og\u00f3le pe\u0142ni mi\u0142o\u015bci ponownie traktuj\u0105 ludzi jak idiot\u00f3w. <\/p>\n\n\n\n<p>Oczywi\u015bcie nie myl\u0105 si\u0119 w odniesieniu do wi\u0119kszo\u015bci &#8222;post\u0119powego&#8221; elektoratu, jednak by wygra\u0107 wybory, przekaz musi by\u0107 skierowany r\u00f3wnie\u017c do my\u015bl\u0105cych.<\/p>\n\n\n\n<p>Bohaterska &#8222;autobiografia&#8221; Pana Trzaskowskiego to dobitny dow\u00f3d tego stanu rzeczy, wyra\u017caj\u0105cy si\u0119 w stwierdzeniu, i\u017c kandydat PiS mo\u017ce wygra\u0107 drug\u0105 tur\u0119.<\/p>\n\n\n\n<p>My\u015bl ta najwyra\u017aniej przebi\u0142a si\u0119 do umys\u0142\u00f3w, a mo\u017ce i serc dziennikarzy jedynie s\u0142usznej strony. Pisz\u0105c &#8222;dziennikarze&#8221; mamy tu na my\u015bli ludzi jak Pan Stankiewicz, Pani D\u0142ugosz itp. Zaburzenia medialnego matrixa w rodzaju Pa\u0144 Pawlickiej czy Grochal i innych tego typu osobliwo\u015bci, to oddzielna kategoria&#8230; hmmm&#8230; czasoprzestrzeni.<\/p>\n\n\n\n<p>Ot\u00f3\u017c team &#8222;Stanu Wyj\u0105tkowego&#8221; najwyra\u017aniej wpada w panik\u0119, co niestety przek\u0142ada si\u0119 na jako\u015b\u0107 programu. <\/p>\n\n\n\n<p>Nawalanka przesun\u0119\u0142a si\u0119 mocno w wiadom\u0105 stron\u0119, co jest oczywistym objawem desperacji. <\/p>\n\n\n\n<p>Uderzy\u0142o nas to podczas poprzedniego programu z udzia\u0142em Pana Stankiewicza, w kolejnym komentowali Pani D\u0142ugosz i Pan Dziubka. <\/p>\n\n\n\n<p>Trzeciego maja 2025 r. podbito pi\u0142eczk\u0119.<\/p>\n\n\n\n<p>Niemal DWADZIE\u015aCIA minut! Dos\u0142ownie bez kilkunastu sekund (od minuty 14 do 34) zaj\u0119\u0142o prowadz\u0105cym program omawianie kwestii kawalerki Pana Nawrockiego. <\/p>\n\n\n\n<p>DWADZIE\u015aCIA minut, a my nie bardzo \u0142apiemy o co ta &#8222;chryja&#8221;. <\/p>\n\n\n\n<p>Jedyny zarzut, jaki wy\u0142ania si\u0119 z tych DWUDZIESTU minut to to, i\u017c podczas debaty, na pytanie Pani Biejat o podatek katastralny, kandydat &#8222;obywatelski&#8221; wspomnia\u0142, i\u017c ma jedno mieszkanie. <\/p>\n\n\n\n<p>(W sumie, jakby tak podzieli\u0107 na 2, z racji na wsp\u00f3\u0142udzia\u0142 ma\u0142\u017conki&#8230; zostawmy to).<\/p>\n\n\n\n<p>Umowy zobowi\u0105zuj\u0105, rozumiemy, zarabia\u0107 na chleb trzeba. <\/p>\n\n\n\n<p>Cieszy nas w tym wszystkim, i\u017c Pan Stankiewicz przesta\u0142 sili\u0107 si\u0119 na dowcip. <\/p>\n\n\n\n<p>Prosimy, niech Pan tak trzyma, gdy\u017c po prostu Panu to nie wychodzi. <\/p>\n\n\n\n<p>Suche dziennikarstwo, nawet to nieobiektywne, w Pana wykonaniu jest ok. Niech Pan tylko nie pr\u00f3buje \u017cartowa\u0107. <\/p>\n\n\n\n<p>Na koniec jeszcze s\u0142\u00f3wko o Pani D\u0142ugosz. <\/p>\n\n\n\n<p>O Pani Redaktor wiadomo z pewno\u015bci\u0105 jedno, to mianowicie, i\u017c raczej godnie si\u0119 nie zestarzeje, z racji na rozrywkowy tryb \u017cycia. <\/p>\n\n\n\n<p>W odr\u00f3\u017cnieniu od wsp\u00f3\u0142prowadz\u0105cego, dowcipkowanie przychodzi Pani dziennikarce \u0142atwiej, jednak r\u00f3wnie\u017c prosimy nie przesadza\u0107. <\/p>\n\n\n\n<p>Przez grzeczno\u015b\u0107, prawd\u0119 m\u00f3wi\u0105c z lenistwa, nie umie\u015bcimy tu zap\u0119tlonego wybuchu weso\u0142o\u015bci Pani Dominiki, kt\u00f3rej da\u0142a upust kilka program\u00f3w temu. Chachaszki by\u0142y tak d\u0142ugie, \u017ce w sumie nie trzeba by by\u0142o ich zap\u0119tla\u0107, by podkre\u015bli\u0107 wra\u017cenie sztuczno\u015bci. Prosimy nie i\u015b\u0107 t\u0105 drog\u0105. <\/p>\n\n\n\n<p>Je\u015bli macie materia\u0142 do krytyki tej z\u0142ej strony to krytykujcie, nie popadajcie jednak w \u017cenad\u0119 bo to Wam nie wychodzi. <\/p>\n\n\n\n<p>I ostatnia rada dla Pani Redaktor. <\/p>\n\n\n\n<p>Skoro ju\u017c w reklamach w &#8222;Newsweekach&#8221; czy &#8222;Polityce&#8221; nak\u0142adaj\u0105 Pani filtr +100, to niech i w &#8222;Stanie Wyj\u0105tkowym&#8221; wrzuc\u0105 jaki\u015b generowany w czasie rzeczywistym bo si\u0119 Pani na zarzuty o narcyzm nara\u017ca, o co Pani nie podejrzewamy (taki \u017carcik).. <\/p>\n\n\n\n<p><strong>[Aktualizacja]<\/strong><\/p>\n\n\n\n<p>Czytamy o poranku na Onecie o sprawie mieszkania. <\/p>\n\n\n\n<p>Oburzamy si\u0119, gdy\u017c portal donosi, i\u017c starszy Pan jest w DPS-ie, podobno schorowany i porzucony przez kandydata na prezydenta, kt\u00f3ry wszak w zamian za kawalerk\u0119, mia\u0142 si\u0119 nim opiekowa\u0107. <\/p>\n\n\n\n<p>To powa\u017cna sprawa tylko&#8230;<\/p>\n\n\n\n<p>Wklejamy ko\u0144c\u00f3wk\u0119 artyku\u0142u:<\/p>\n\n\n\n<figure class=\"wp-block-image size-full\"><img loading=\"lazy\" decoding=\"async\" width=\"820\" height=\"137\" src=\"https:\/\/oko.pres-24.pl\/wp-content\/uploads\/2025\/05\/obraz-1.png\" alt=\"\" class=\"wp-image-3393\" srcset=\"https:\/\/oko.pres-24.pl\/wp-content\/uploads\/2025\/05\/obraz-1.png 820w, https:\/\/oko.pres-24.pl\/wp-content\/uploads\/2025\/05\/obraz-1-300x50.png 300w, https:\/\/oko.pres-24.pl\/wp-content\/uploads\/2025\/05\/obraz-1-768x128.png 768w\" sizes=\"auto, (max-width: 820px) 100vw, 820px\" \/><\/figure>\n\n\n\n<p>I co?<\/p>\n\n\n\n<p>Czy mamy nadal si\u0119 oburza\u0107, w oparciu o wcze\u015bniejsz\u0105 cz\u0119\u015b\u0107 wpisu, czy mamy zamy\u015bli\u0107 si\u0119 nad ograniczono\u015bci\u0105 umys\u0142\u00f3w autor\u00f3w, Pan\u00f3w Har\u0142ukowicza i Stankiewicza za pr\u00f3b\u0119 nie\u0142adnej manipulacji. <\/p>\n\n\n\n<p>Pani Wierzbicka &#8222;p\u00f3\u017anym wieczorem&#8221; opublikowa\u0142a o\u015bwiadczenie.<\/p>\n\n\n\n<p>Na wypadek, gdyby Panowie autorzy nie zauwa\u017cyli, piszecie w portalu internetowym, nie drukujecie go na papierze, wi\u0119c nie jest problemem przeklei\u0107 i skomentowa\u0107 \u00f3w wpis. <\/p>\n\n\n\n<p>Z tego powodu wstrzymujemy nasze oburzenie na Pana Nawrockiego, gdy\u017c kto\u015b, kto uwa\u017ca si\u0119 za dziennikarza, powinien odnie\u015b\u0107 si\u0119 do wpisu Pani rzeczniczki i owych nie\u015bcis\u0142o\u015bci. <\/p>\n\n\n\n<p>Niewykluczone, i\u017c zmienimy nasze nastawienie po zapoznaniu si\u0119 z nowymi faktami, niemniej p\u00f3ki co, nie odni\u00f3s\u0142szy si\u0119 do &#8222;nie\u015bcis\u0142o\u015bci, a jedynie napomkn\u0105wszy o nich, s\u0142abo wypadaj\u0105 autorzy wpisu.<\/p>\n\n\n\n<p>Wy naprawd\u0119 obawiacie si\u0119 wyniku wybor\u00f3w.<\/p>\n<p class=\"bawpvc-ajax-counter\" data-id=\"3385\"><\/p>","protected":false},"excerpt":{"rendered":"<p>Powoli robi si\u0119 powt\u00f3rka z kampanii Pana B.Komorowskiego z 2015 <a class=\"more-link\" href=\"https:\/\/oko.pres-24.pl\/?p=3385\">Czytaj dalej \u2192<\/a><\/p>\n","protected":false},"author":1,"featured_media":0,"comment_status":"open","ping_status":"closed","sticky":false,"template":"","format":"standard","meta":{"footnotes":""},"categories":[1],"tags":[],"class_list":["post-3385","post","type-post","status-publish","format-standard","hentry","category-uncategorized"],"aioseo_notices":[],"_links":{"self":[{"href":"https:\/\/oko.pres-24.pl\/index.php?rest_route=\/wp\/v2\/posts\/3385","targetHints":{"allow":["GET"]}}],"collection":[{"href":"https:\/\/oko.pres-24.pl\/index.php?rest_route=\/wp\/v2\/posts"}],"about":[{"href":"https:\/\/oko.pres-24.pl\/index.php?rest_route=\/wp\/v2\/types\/post"}],"author":[{"embeddable":true,"href":"https:\/\/oko.pres-24.pl\/index.php?rest_route=\/wp\/v2\/users\/1"}],"replies":[{"embeddable":true,"href":"https:\/\/oko.pres-24.pl\/index.php?rest_route=%2Fwp%2Fv2%2Fcomments&post=3385"}],"version-history":[{"count":3,"href":"https:\/\/oko.pres-24.pl\/index.php?rest_route=\/wp\/v2\/posts\/3385\/revisions"}],"predecessor-version":[{"id":3394,"href":"https:\/\/oko.pres-24.pl\/index.php?rest_route=\/wp\/v2\/posts\/3385\/revisions\/3394"}],"wp:attachment":[{"href":"https:\/\/oko.pres-24.pl\/index.php?rest_route=%2Fwp%2Fv2%2Fmedia&parent=3385"}],"wp:term":[{"taxonomy":"category","embeddable":true,"href":"https:\/\/oko.pres-24.pl\/index.php?rest_route=%2Fwp%2Fv2%2Fcategories&post=3385"},{"taxonomy":"post_tag","embeddable":true,"href":"https:\/\/oko.pres-24.pl\/index.php?rest_route=%2Fwp%2Fv2%2Ftags&post=3385"}],"curies":[{"name":"wp","href":"https:\/\/api.w.org\/{rel}","templated":true}]}}