{"id":3381,"date":"2025-04-28T05:22:28","date_gmt":"2025-04-28T04:22:28","guid":{"rendered":"https:\/\/oko.pres-24.pl\/?p=3381"},"modified":"2025-04-28T05:22:28","modified_gmt":"2025-04-28T04:22:28","slug":"lekarzy-bedzie-za-duzo-coraz-bardziej-tesknimy-za-rzadami-pis","status":"publish","type":"post","link":"https:\/\/oko.pres-24.pl\/?p=3381","title":{"rendered":"Lekarzy b\u0119dzie za du\u017co? Coraz bardziej t\u0119sknimy za rz\u0105dami PiS."},"content":{"rendered":"\n<p>Naczelna Izba Lekarska stwierdzi\u0142a, i\u017c za du\u017co lekarzy b\u0119dzie w Polsce. Ludziom, kt\u00f3rzy sformu\u0142owali t\u0105 opini\u0119 trzeba powiedzie\u0107: lekarzu&#8230; lecz si\u0119 sam (psychiatrycznie).<\/p>\n\n\n\n<p>Oczywi\u015bcie chodzi o to, i\u017c zwi\u0119kszenie liczby lekarzy os\u0142abi nieco znaczenie klan\u00f3w lekarskich, w zawodzie znajd\u0105 si\u0119 bowiem tacy, kt\u00f3rzy bez koneksji nigdy nie by si\u0119 w nim nie znale\u017ali.<\/p>\n\n\n\n<p>Kto wie. Jest szansa, i\u017c dla ludzi spoza lekarskich rodzin b\u0119dzie wa\u017cne leczenie ludzi, b\u0119d\u0105 si\u0119 oni uto\u017csamiali z misj\u0105 i wyj\u0105tkowo\u015bci\u0105 tego zawodu. <\/p>\n\n\n\n<p>Czy potrzeba komu\u015b innego dowodu na to, i\u017c PiS faktycznie zmienia\u0142 Polsk\u0119 na lepszy kraj dla zwyk\u0142ych ludzi?<\/p>\n\n\n\n<p>To by\u0142a jedyna w\u0142adza, kt\u00f3ra podejmowa\u0142a faktyczne dzia\u0142ania, by ludziom \u017cy\u0142o si\u0119 lepiej.<\/p>\n\n\n\n<p>\u017badna, absolutnie \u017cadna z ekip rz\u0105dz\u0105cych w ostatnim trzydziestoleciu nie wprowadza\u0142a reform, kt\u00f3re faktycznie przyczynia\u0142y by si\u0119 do poprawy \u017cycia zwyk\u0142ych ludzi. <\/p>\n\n\n\n<p>Wprowadzano mniejsze b\u0105d\u017a wi\u0119ksze reformy, jednak one stwarza\u0142y mo\u017cliwo\u015bci, z kt\u00f3rych korzysta\u0142a najbardziej obrotna, b\u0105d\u017a ustosunkowana cz\u0119\u015b\u0107 spo\u0142ecze\u0144stwa. <\/p>\n\n\n\n<p>Jest strasznie irytuj\u0105ce, i\u017c PiS nie skupia swojego pr-u na tych faktach. <\/p>\n\n\n\n<p>Ludzie \u0142atwo zapominaj\u0105, przyjmuj\u0105 i\u017c co\u015b jest bo jest i tyle. <\/p>\n\n\n\n<p>c.d.n.<\/p>\n<p class=\"bawpvc-ajax-counter\" data-id=\"3381\"><\/p>","protected":false},"excerpt":{"rendered":"<p>Naczelna Izba Lekarska stwierdzi\u0142a, i\u017c za du\u017co lekarzy b\u0119dzie w <a class=\"more-link\" href=\"https:\/\/oko.pres-24.pl\/?p=3381\">Czytaj dalej \u2192<\/a><\/p>\n","protected":false},"author":1,"featured_media":0,"comment_status":"open","ping_status":"closed","sticky":false,"template":"","format":"standard","meta":{"footnotes":""},"categories":[1],"tags":[],"class_list":["post-3381","post","type-post","status-publish","format-standard","hentry","category-uncategorized"],"aioseo_notices":[],"_links":{"self":[{"href":"https:\/\/oko.pres-24.pl\/index.php?rest_route=\/wp\/v2\/posts\/3381","targetHints":{"allow":["GET"]}}],"collection":[{"href":"https:\/\/oko.pres-24.pl\/index.php?rest_route=\/wp\/v2\/posts"}],"about":[{"href":"https:\/\/oko.pres-24.pl\/index.php?rest_route=\/wp\/v2\/types\/post"}],"author":[{"embeddable":true,"href":"https:\/\/oko.pres-24.pl\/index.php?rest_route=\/wp\/v2\/users\/1"}],"replies":[{"embeddable":true,"href":"https:\/\/oko.pres-24.pl\/index.php?rest_route=%2Fwp%2Fv2%2Fcomments&post=3381"}],"version-history":[{"count":1,"href":"https:\/\/oko.pres-24.pl\/index.php?rest_route=\/wp\/v2\/posts\/3381\/revisions"}],"predecessor-version":[{"id":3382,"href":"https:\/\/oko.pres-24.pl\/index.php?rest_route=\/wp\/v2\/posts\/3381\/revisions\/3382"}],"wp:attachment":[{"href":"https:\/\/oko.pres-24.pl\/index.php?rest_route=%2Fwp%2Fv2%2Fmedia&parent=3381"}],"wp:term":[{"taxonomy":"category","embeddable":true,"href":"https:\/\/oko.pres-24.pl\/index.php?rest_route=%2Fwp%2Fv2%2Fcategories&post=3381"},{"taxonomy":"post_tag","embeddable":true,"href":"https:\/\/oko.pres-24.pl\/index.php?rest_route=%2Fwp%2Fv2%2Ftags&post=3381"}],"curies":[{"name":"wp","href":"https:\/\/api.w.org\/{rel}","templated":true}]}}