{"id":3378,"date":"2025-04-23T23:37:58","date_gmt":"2025-04-23T22:37:58","guid":{"rendered":"https:\/\/oko.pres-24.pl\/?p=3378"},"modified":"2025-04-23T23:37:59","modified_gmt":"2025-04-23T22:37:59","slug":"gospodarka-europy-jest-jej-atutem-ze-co-ze-jak","status":"publish","type":"post","link":"https:\/\/oko.pres-24.pl\/?p=3378","title":{"rendered":"Gospodarka Europy jest jej atutem? \u017be co, \u017ce jak?"},"content":{"rendered":"\n<p>Od kilku tygodni z ust wielu r\u00f3\u017cnych komentator\u00f3w i polityk\u00f3w s\u0142yszymy, i\u017c na obecnej globalnej scenie, atutem Unii Europejskiej jest jej gospodarka. &#8222;Wielki gracz itp.&#8221;<\/p>\n\n\n\n<p>Gdy us\u0142yszeli\u015bmy te s\u0142owa z ust Prezydenta Komorowskiego, jako kolejnej osoby i dok\u0142adnie ten sam powielony zwrot, zacz\u0119li\u015bmy si\u0119 zastanawia\u0107, czy to jaki\u015b celowo rozprowadzany przekaz, czy samoistnie si\u0119 powielaj\u0105ca propaganda. <\/p>\n\n\n\n<p>Jest to bowiem przejaw jakiego\u015b nieogarni\u0119cia &#8222;powielaczy&#8221;, opieraj\u0105cych si\u0119 na danych historycznych i ignoruj\u0105cych aktualnie zachodz\u0105ce w gospodarce procesy.<\/p>\n\n\n\n<p>Tendencja jest jednoznaczna. Gospodarka europejska ust\u0119puje przed innymi graczami z coraz to nowych obszar\u00f3w. Fala zamkni\u0119\u0107 fabryk i redukcje zatrudnienia w zachodnich firmach u\u015bwiadomi\u0142a najwyra\u017aniej cz\u0119\u015bci eurokrat\u00f3w, \u017ce jak to zwykle bywa, przy akompaniamencie pi\u0119knych i szczytnych hase\u0142, dokonuj\u0105 masakry, tym razem na szcz\u0119\u015bcie tylko ekonomicznej. <\/p>\n\n\n\n<p>Jak cokolwiek mo\u017ce si\u0119 op\u0142aca\u0107, przy najwy\u017cszych na \u015bwiecie cenach energii? <\/p>\n\n\n\n<p>Jak w takiej sytuacji towary maj\u0105 mie\u0107 konkurencyjne ceny?<\/p>\n\n\n\n<p>Produkcja przemys\u0142owa od lat migruje do Azji, gdzie otwiera si\u0119 coraz to nowe elektrownie w\u0119glowe, pozwalaj\u0105ce utrzyma\u0107 stabilne ceny energii i ci\u0105g\u0142o\u015b\u0107 jej dostaw. <\/p>\n\n\n\n<p>R\u00f3wnocze\u015bnie, w czym oczywi\u015bcie przoduj\u0105 Chiny, kieruje si\u0119 pot\u0119\u017cne nak\u0142ady na rozw\u00f3j tzw. ekologicznych \u017ar\u00f3de\u0142 energii kt\u00f3re, gdy ich efektywno\u015b\u0107 i stabilno\u015b\u0107 b\u0119dzie niezagro\u017cona obiektywnymi czynnikami, zast\u0105pi\u0105 bez strat tradycyjne \u017ar\u00f3d\u0142a energii. <\/p>\n\n\n\n<p>Jak ten efekt pr\u00f3bowa\u0142a osi\u0105gn\u0105\u0107 Europa i na czym polega\u0142 genialny plan sk\u0142onienia przemys\u0142u do &#8222;ekoenergii&#8221;?<\/p>\n\n\n\n<p>Poniewa\u017c to &#8222;eko&#8221; si\u0119 nie op\u0142aca\u0142o, trzeba by\u0142o zmieni\u0107 \u00f3w stan, poprzez nak\u0142adanie danin, zwi\u0119kszaj\u0105cych cen\u0119 energii z tradycyjnych paliw. <\/p>\n\n\n\n<p>Skoro wi\u0119c metod\u0105 podatkow\u0105 energia z paliw kopalnych sta\u0142a si\u0119 bardzo droga, dro\u017csza do tej pory energia ze \u017ar\u00f3de\u0142 odnawialnych zacz\u0119\u0142a si\u0119 op\u0142aca\u0107. Kluczowym niestety jest fakt, i\u017c tylko w Europie. <\/p>\n\n\n\n<p>To tyle, je\u015bli chodzi o konkurencyjno\u015b\u0107. <\/p>\n\n\n\n<p>Jak produkcja czegokolwiek mo\u017ce si\u0119 w Europie op\u0142aca\u0107, skoro produkty z innych cz\u0119\u015bci \u015bwiata nie ust\u0119puj\u0105 europejskim jako\u015bci\u0105, a dzi\u0119ki taniej energii maj\u0105 bezkonkurencyjne ceny.<\/p>\n\n\n\n<p>To je\u015bli chodzi o tradycyjny przemys\u0142, co tak dobitnie wida\u0107 obecnie w fundamencie niemieckiej gospodarki, jakim jest przemys\u0142 samochodowy. <\/p>\n\n\n\n<p>To mo\u017ce najnowsze technologie, AI itp. skoro produkcj\u0119 fizyczn\u0105 na w\u0142asne \u017cyczenie &#8222;zarzynamy&#8221;?<\/p>\n\n\n\n<p>Tu jeszcze bardziej istotn\u0105 rol\u0119 odgrywa koszt energii. Jest to dok\u0142adnie ten sam mechanizm, kt\u00f3ry mia\u0142 miejsce w przypadku kryptowalut. <\/p>\n\n\n\n<p>Te technologie po\u017ceraj\u0105 ogromne ilo\u015bci pr\u0105du. Stany Zjednoczone, dysponuj\u0105 energi\u0105 atomow\u0105 i gazem z \u0142upk\u00f3w. Technologiczni giganci kontroluj\u0105 sytuacj\u0119, by nie nast\u0105pi\u0142 jaki\u015b blackout.<\/p>\n\n\n\n<p>Kraje azjatyckie maj\u0105 tu jeszcze \u0142atwiej z oczywistych powod\u00f3w.<\/p>\n\n\n\n<p>Tymczasem zmuszanie Europejczyk\u00f3w do ekologii poprzez sztuczne podbijanie koszt\u00f3w energii z miejsca zarzyna op\u0142acalno\u015b\u0107 europejskich centr\u00f3w oblicze\u0144. <\/p>\n\n\n\n<p>P\u00f3ki co, \u017cyjemy na kredyt. <\/p>\n\n\n\n<p>Przerazi\u0142 nas raport pana M.Draghiego. <\/p>\n\n\n\n<p>Jeszcze po\u017cyczka z KPO nie zosta\u0142a skonsumowana, a on zapowiada konieczno\u015b\u0107 zaci\u0105gni\u0119cia nowej. <\/p>\n\n\n\n<p>Przecie\u017c to jest \u017cycie na kredyt!<\/p>\n\n\n\n<p>Dop\u00f3ki pieni\u0105dze b\u0119d\u0105 p\u0142yn\u0105\u0107, b\u0119dzie mo\u017cna uprawia\u0107 propagand\u0119 o \u015bwietlistej przysz\u0142o\u015bci, gdy\u017c brak \u015brodk\u00f3w z konkurencyjno\u015bci przykryje si\u0119 \u015brodkami z po\u017cyczki.<\/p>\n\n\n\n<p>Czy mo\u017cna po\u017cycza\u0107 w niesko\u0144czono\u015b\u0107?<\/p>\n\n\n\n<p>Tyle si\u0119 m\u00f3wi o trosce o nasze dzieci i wnuki. Pi\u0119kny los im gotuje Unia, gdy kredytodawcy kiedy\u015b poprosz\u0105 o zwrot po\u017cyczek. <\/p>\n\n\n\n<p>Od lat mamy wra\u017cenie, \u017ce polityk\u0119 Unii Europejskiej finansuj\u0105 Chiny.<\/p>\n\n\n\n<p>Gdyby\u015bmy byli w chi\u0144skim kierownictwie odpowiedzialnym za konkurencyjno\u015b\u0107 na \u015bwiatowych rynkach, znaczny bud\u017cet przeznaczyliby\u015bmy na \u0142ap\u00f3wki dla polityk\u00f3w\/urz\u0119dnik\u00f3w UE odpowiedzialnych za jej polityk\u0119 energetyczn\u0105 oraz oczywi\u015bcie organizacje &#8222;ekologiczne&#8221;.<\/p>\n\n\n\n<p>Nie wiemy, czy z g\u0142upoty czy z owych \u0142ap\u00f3wek wynika w\u0142a\u015bnie, i\u017c sami niszczymy nasz\u0105 konkurencyjno\u015b\u0107.<\/p>\n\n\n\n<p>M\u00f3wienie wi\u0119c, i\u017c atutem Unii jest jej gospodarka to jaka\u015b propagandowa g\u0142upota. <\/p>\n\n\n\n<p>Tendencja jest jednoznaczna i cho\u0107 mamy obecnie liczne g\u0142osy, r\u00f3wnie\u017c z wn\u0119trza Unii, i\u017c trzeba co\u015b z tym zrobi\u0107, nie wiadomo, czy nie jest za p\u00f3\u017ano. <\/p>\n\n\n\n<p><\/p>\n<p class=\"bawpvc-ajax-counter\" data-id=\"3378\"><\/p>","protected":false},"excerpt":{"rendered":"<p>Od kilku tygodni z ust wielu r\u00f3\u017cnych komentator\u00f3w i polityk\u00f3w <a class=\"more-link\" href=\"https:\/\/oko.pres-24.pl\/?p=3378\">Czytaj dalej \u2192<\/a><\/p>\n","protected":false},"author":1,"featured_media":0,"comment_status":"open","ping_status":"closed","sticky":false,"template":"","format":"standard","meta":{"footnotes":""},"categories":[1],"tags":[],"class_list":["post-3378","post","type-post","status-publish","format-standard","hentry","category-uncategorized"],"aioseo_notices":[],"_links":{"self":[{"href":"https:\/\/oko.pres-24.pl\/index.php?rest_route=\/wp\/v2\/posts\/3378","targetHints":{"allow":["GET"]}}],"collection":[{"href":"https:\/\/oko.pres-24.pl\/index.php?rest_route=\/wp\/v2\/posts"}],"about":[{"href":"https:\/\/oko.pres-24.pl\/index.php?rest_route=\/wp\/v2\/types\/post"}],"author":[{"embeddable":true,"href":"https:\/\/oko.pres-24.pl\/index.php?rest_route=\/wp\/v2\/users\/1"}],"replies":[{"embeddable":true,"href":"https:\/\/oko.pres-24.pl\/index.php?rest_route=%2Fwp%2Fv2%2Fcomments&post=3378"}],"version-history":[{"count":1,"href":"https:\/\/oko.pres-24.pl\/index.php?rest_route=\/wp\/v2\/posts\/3378\/revisions"}],"predecessor-version":[{"id":3379,"href":"https:\/\/oko.pres-24.pl\/index.php?rest_route=\/wp\/v2\/posts\/3378\/revisions\/3379"}],"wp:attachment":[{"href":"https:\/\/oko.pres-24.pl\/index.php?rest_route=%2Fwp%2Fv2%2Fmedia&parent=3378"}],"wp:term":[{"taxonomy":"category","embeddable":true,"href":"https:\/\/oko.pres-24.pl\/index.php?rest_route=%2Fwp%2Fv2%2Fcategories&post=3378"},{"taxonomy":"post_tag","embeddable":true,"href":"https:\/\/oko.pres-24.pl\/index.php?rest_route=%2Fwp%2Fv2%2Ftags&post=3378"}],"curies":[{"name":"wp","href":"https:\/\/api.w.org\/{rel}","templated":true}]}}