{"id":3358,"date":"2025-04-21T13:39:59","date_gmt":"2025-04-21T12:39:59","guid":{"rendered":"https:\/\/oko.pres-24.pl\/?p=3358"},"modified":"2025-04-23T13:29:03","modified_gmt":"2025-04-23T12:29:03","slug":"papiez-franciszek-nie-zyje-festiwal-zenady-i-obludy-czas-zaczac","status":"publish","type":"post","link":"https:\/\/oko.pres-24.pl\/?p=3358","title":{"rendered":"Papie\u017c Franciszek nie \u017cyje. Festiwal \u017cenady i ob\u0142udy czas zacz\u0105\u0107."},"content":{"rendered":"\n<p>Trzeba by\u0142o \u015bmierci papie\u017ca, by w jedynie s\u0142usznych mediach us\u0142ysze\u0107 rzeczy oczywiste dla w miar\u0119 wyedukowanego cz\u0142owieka. Naturalnie i tak podlane jest to sosem ob\u0142udy podanej koniecznie empatycznym g\u0142osem.<\/p>\n\n\n\n<p>Oburzano si\u0119 na papie\u017ca, \u017ce podczas uroczysto\u015bci religijnych sz\u0142y obok siebie, jako symbol antywojenny, dziewczynki z Ukrainy i Rosji.<\/p>\n\n\n\n<p>Czy przysz\u0142o wam do g\u0142owy &#8222;geniusze&#8221;, \u017ce je\u015bli wykluczy\u0107 z tej pary rosyjsk\u0105 dziewczynk\u0119, to czym, tak w\u0142a\u015bnie! CZYM! by si\u0119 ona sta\u0142a?<\/p>\n\n\n\n<p>To jest w\u0142a\u015bnie dok\u0142adnie to, co robi\u0142y od wybuchu wojny pewne \u015brodowiska i cho\u0107 nieco s\u0142abiej, robi\u0105 to nadal. Cz\u0142owiek lepszy i cz\u0142owiek gorszy, a wi\u0119c taki niepe\u0142ny cz\u0142owiek, w konsekwencji i prawa nie wszystkie mu si\u0119 powinny nale\u017ce\u0107. Wzorcowe odcz\u0142owieczanie.<\/p>\n\n\n\n<p>Podczas buntu Prigo\u017cina wszystko wydawa\u0142o si\u0119 mo\u017cliwe ale teraz jest jasne, i\u017c Rosja p\u00f3ki co nie upadnie. <\/p>\n\n\n\n<p>Za\u0142\u00f3\u017cmy jednak, i\u017c rozpada si\u0119 i na jej teren wkraczaj\u0105 takie czy inne armie ze wszystkimi tego konsekwencjami. <\/p>\n\n\n\n<p>Logicznym wnioskiem z dehumanizacji rosyjskich dzieci jest to, i\u017c klaskaliby\u015bcie w czasie, gdy by\u0142yby one gwa\u0142cone przez zwyci\u0119skie wojska. To jest rzeczywisto\u015b\u0107 wojenna i dzieje si\u0119 to podczas ka\u017cdego konfliktu. Skoro to jednak gorsi ludzie, to klask! klask!<\/p>\n\n\n\n<p>Informujemy was, i\u017c to nie po chrze\u015bcija\u0144ski i dla Ko\u015bcio\u0142a jedno z tych dzieci nie jest gorsze od drugiego. To za\u015b, co wy wyczyniacie w imi\u0119 szczytnych, pi\u0119knych, pe\u0142nych mi\u0142o\u015bci i tolerancji hase\u0142, to wasza sprawa, ale naprawd\u0119 nie czujecie na jakim poziomie intelektualnym si\u0119 stawiacie pr\u00f3buj\u0105c narzuci\u0107 swoje stanowisko Ko\u015bcio\u0142owi.<\/p>\n\n\n\n<p>Czy mo\u017ce by\u0107 bardziej dobitne nawo\u0142ywanie do pokoju, ni\u017c id\u0105ce razem dzieci, kt\u00f3rych &#8222;ojcowie&#8221; si\u0119 morduj\u0105.<\/p>\n\n\n\n<p>Niesamowite jest to, i\u017c podejmowane przez prezydenta Trumpa pr\u00f3by doprowadzenia do rozejmu czy jakiej\u015b formy pokoju ujawni\u0142y, i\u017c wiele istotnych \u015brodowisk politycznych, naukowych (\u017cenada^2) oraz dziennikarskich woli, by na Ukrainie nadal gin\u0119li ludzie.<\/p>\n\n\n\n<p>Gdzie tu sens? Gdzie tu logika? <\/p>\n\n\n\n<p>Kraj, kt\u00f3ry finansuje obron\u0119 Ukrainy chce zako\u0144czenia wojny. Kraje, kt\u00f3re nie maj\u0105 potencja\u0142u, by zast\u0105pi\u0107 wk\u0142ad USA, chc\u0105 kontynuacji zabijania. <\/p>\n\n\n\n<p>To jest tak przera\u017caj\u0105co g\u0142upie. <\/p>\n\n\n\n<p>Pomy\u015blcie. Putin nie jest m\u0142ody i nie wygl\u0105da dobrze. Zawieszenie broni powstrzyma\u0142oby rozlew krwi. Mo\u017ce na 3, mo\u017ce na 4 lata. Obydwie strony b\u0119d\u0105 si\u0119 oczywi\u015bcie zbroi\u0107 ale je\u015bli w tym czasie przyw\u00f3dca Rosji umrze, jest szansa, by odpowiednio rozegra\u0107 walcz\u0105ce o w\u0142adz\u0119 grupy. Jest szansa.<\/p>\n\n\n\n<p>&#8230;<\/p>\n\n\n\n<p>Tabuny ca\u0142e \u017cenuj\u0105cych expert\u00f3w przetacza\u0142y si\u0119 przez media, g\u0142osz\u0105c w odniesieniu do manifestacji z dzie\u0107mi, i\u017c &#8222;Jak to tak&#8230;&#8221; oraz, \u017ce &#8222;Papie\u017c powinien&#8230;&#8221;.<\/p>\n\n\n\n<p>Po pierwsze, nie s\u0142yszeli\u015bmy ani jednego g\u0142osu krytyki w TOK FM, TVN 24 i generalnie tym \u015brodowisku, pot\u0119piaj\u0105cego podobn\u0105 manifestacj\u0119, kt\u00f3ra mia\u0142a miejsce z udzia\u0142em dzieci \u017cydowskich i palesty\u0144skich. <\/p>\n\n\n\n<p>Po drugie: &#8222;Papie\u017c powinien&#8221;. <\/p>\n\n\n\n<p>To s\u0105 w\u0142a\u015bnie te momenty gdy nie ogarniamy&#8230; <\/p>\n\n\n\n<p>Ludzie zapraszani do tych medi\u00f3w to mniejsze b\u0105d\u017a wi\u0119ksze &#8222;autorytety&#8221; po lewicowo-liberalnej stronie, kt\u00f3re dochrapa\u0142y si\u0119 swojej pozycji g\u0142osz\u0105c okre\u015blone pogl\u0105dy, w tym obowi\u0105zkowo antykonserwatywne, cz\u0119sto wprost antyklerykalne.<\/p>\n\n\n\n<p>Ka\u017cdy ma prawo m\u00f3wi\u0107, jak jego zdaniem powinien wygl\u0105da\u0107 \u015bwiat, jednak pod adresem papie\u017ca&#8230; co ma robi\u0107, co powinien robi\u0107&#8230;<\/p>\n\n\n\n<p>To jest tak strasznie \u017cenuj\u0105ce.<\/p>\n\n\n\n<p>Przecie\u017c wy nie macie poj\u0119cia co papie\u017c powinien. <\/p>\n\n\n\n<p>To cz\u0142owiek, kt\u00f3ry stoi na czele instytucji z histori\u0105 si\u0119gaj\u0105c\u0105 2000 lat, kt\u00f3ry sp\u0119dzi\u0142 w niej wi\u0119kszo\u015b\u0107 swojego \u017cycia i mia\u0142 wgl\u0105d w sprawy, kt\u00f3rych nie znamy my i nie znacie wy. I nie poznamy. <\/p>\n\n\n\n<p>Pewne jest jedynie, i\u017c instytucja ta trwa bo nie s\u0142ucha propaguj\u0105cych aktualne mody ludzi, cz\u0119sto po prostu za pieni\u0105dze i w ten w\u0142a\u015bnie spos\u00f3b robi\u0105cych kariery. Je\u015bli co\u015b jest faktycznie istotne i stanowi odzwierciedlenie rzeczywistych przemian, przetrwa. Jak Ko\u015bci\u00f3\u0142 weryfikuje &#8222;nowo\u015bci&#8221;? Pozostawia to czasowi. M\u0142yny ko\u015bcielne zawsze mieli\u0142y powoli, nawet w tak prozaicznych, wydawa\u0142oby si\u0119 sprawach, jak j\u0119zyki narodowe w liturgii.<\/p>\n\n\n\n<p>Oczywi\u015bcie zdanie tych \u017cenuj\u0105cych expert\u00f3w eksploatowanych w Newsweekach, TVNach i innych gwa\u0142c\u0105cych inteligencj\u0119 mediach, papie\u017c ma tam, gdzie powinien mie\u0107, niemniej wasza postawa jest i tak \u017cenuj\u0105ca.<\/p>\n\n\n\n<p>To ta fundamentalna przypad\u0142o\u015b\u0107 dzisiejszej intelektualnej lewicy i mainstreamu. Z logicznym rozumowaniem nie maj\u0105 oni nic wsp\u00f3lnego.<\/p>\n\n\n\n<p>Elementarna przyzwoito\u015b\u0107 zak\u0142ada pr\u00f3b\u0119 zrozumienia dlaczego co\u015b si\u0119 dzieje. Tak naprawd\u0119, a nie jakie wyt\u0142umaczenie komu pasuje. W tym celu konieczna jest konfrontacja z pogl\u0105dami drugiej strony, dotarcie do \u017ar\u00f3d\u0142a, pr\u00f3ba poznania jej.<\/p>\n\n\n\n<p>To jest dzi\u015b poza zasi\u0119giem wspomnianych \u015brodowisk.<\/p>\n\n\n\n<p>W potoku m\u0105drych i szczytnych s\u0142\u00f3w, mniej lub bardziej prominentni ich przedstawiciele t\u0142umacz\u0105 rzeczywisto\u015b\u0107 w ten spos\u00f3b, i\u017c wymy\u015blaj\u0105 jak\u0105\u015b teori\u0119, po czym bezkrytycznie zajmuj\u0105 si\u0119 jej udowodnieniem.<\/p>\n\n\n\n<p>Fakty wskazuj\u0105ce, i\u017c pracuj\u0105 nad bredni\u0105 s\u0105 pomijane, a p\u00f3\u017aniej taka teoria jest rozpowszechniana jako prawda objawiona.<\/p>\n\n\n\n<p>Naprawd\u0119 Pani Lichnerowicz. Je\u015bli ju\u017c daje Pani g\u0142os ludziom z &#8222;oryginalnymi&#8221; teoriami, niech im Pani zada jakie\u015b pytania krytyczne. <\/p>\n\n\n\n<p>Nie trzeba si\u0119 rzuca\u0107 na rozm\u00f3wc\u0119, jak czyni\u0105 to inne redaktorki w Pani stacji wzgl\u0119dem go\u015bci GO\u015aCI! o innych pogl\u0105dach ni\u017c ich. <\/p>\n\n\n\n<p>Pozwoli\u0107 przedstawi\u0107 swoje pogl\u0105dy, a potem stawia\u0107 pytania, stara\u0107 si\u0119 wykaza\u0107 s\u0142abe b\u0105d\u017a mocne strony s\u0142\u00f3w go\u015bcia. I nie by\u0107 chamem, tzn. nie przerywa\u0107. <\/p>\n\n\n\n<p>Ot, swego czasu wa\u0142kowana tak nami\u0119tnie ch\u0142opomania. Czo\u0142em bili\/bi\u0142y przed &#8222;odkrywcami&#8221; dziennikarskie &#8222;autorytety&#8221;. Nie m\u00f3g\u0142 kto\u015b zada\u0107 pytania: &#8222;Tak w\u0142a\u015bciwie co nowego g\u0142osz\u0105 owi &#8222;odkrywcy&#8221;, co nie znajdowa\u0142o si\u0119 w komunistycznych podr\u0119cznikach?&#8221;.<\/p>\n\n\n\n<p>&#8230;<\/p>\n\n\n\n<p>Jest wtorek p\u00f3\u017ane popo\u0142udnie. Tekst ten powstaje &#8222;z doskoku&#8221;, od wczorajszego wieczora, gdy dowiedzieli\u015bmy si\u0119 o \u015bmierci Franciszka. <\/p>\n\n\n\n<p>Od tego czasu s\u0142uchamy, jak r\u00f3\u017cne media pr\u00f3buj\u0105 rozgrywa\u0107 posta\u0107 papie\u017ca tak, by pasowa\u0142o do linii propagandowej, cho\u0107 zdarzaj\u0105 si\u0119 wyj\u0105tki.<\/p>\n\n\n\n<p>Experci od zmar\u0142ego papie\u017ca zape\u0142niaj\u0105 pasma nadawcze, a oceny biskupa Rzymu bywaj\u0105 imponuj\u0105co rozrzucone. <\/p>\n\n\n\n<p>Naszym zdaniem Franciszek by\u0142 idealnym papie\u017cem na czasy, na kt\u00f3re przypad\u0142 jego pontyfikat. <\/p>\n\n\n\n<p>Wydawa\u0142 si\u0119 zmienia\u0107 wszystko, by nie zmieni\u0107 niczego. <\/p>\n\n\n\n<p>Wszystkie &#8222;rewolucje&#8221;, kt\u00f3re wprowadzi\u0142 papie\u017c Franciszek mia\u0142y miejsce w sferze symboliki i to czysto materialnej, nie duchowej. <\/p>\n\n\n\n<p>Z punktu widzenia interesu Ko\u015bcio\u0142a, to by\u0142 \u015bwietny cz\u0142owiek na czasy kt\u00f3re nasta\u0142y, zdominowane przez obraz i media.<\/p>\n\n\n\n<p>Jego skromno\u015b\u0107 by\u0142a populistycznym strza\u0142em w dziesi\u0105tk\u0119. Po profesorskim, majestatycznym Benedykcie nasta\u0142 skromny, ludzki Franciszek.<\/p>\n\n\n\n<p>Skromno\u015b\u0107 podoba si\u0119 mediom, podoba si\u0119 ludziom. Wcze\u015bniej fasad\u0119 stanowi\u0142 przepych i bogactwo symbolizuj\u0105ce pot\u0119g\u0119 Boga. Trendy si\u0119 zmieni\u0142y, spo\u0142ecze\u0144stwa si\u0119 zmieni\u0142y, Boga kojarzy si\u0119 z ub\u00f3stwem i skromno\u015bci\u0105. Dostali\u015bmy wi\u0119c papie\u017ca skromnego i pokornego. <\/p>\n\n\n\n<p>Faktycznie nie zmieni\u0142o si\u0119 nic.<\/p>\n\n\n\n<p>W zasadzie wszystko co powiedzia\u0142, czym tak zachwycaj\u0105 si\u0119 wiadome media, mogli powiedzie\u0107 jego poprzednicy. Co jest rewolucyjnego w stwierdzeniu, i\u017c emigranci oraz \u015brodowiska LGBT to ludzie jak wszyscy i tak samo powinni by\u0107 traktowani. Przecie\u017c to oczywiste. <\/p>\n\n\n\n<p>Tylko tego dotyczy\u0142a ta niby rewolucja, kt\u00f3r\u0105 zmar\u0142y papie\u017c mia\u0142 wprowadzi\u0107 wzgl\u0119dem \u015brodowisk LGBT. <\/p>\n\n\n\n<p>To tacy sami ludzie jak heterycy, co w zasadzie mo\u017ce dziwi\u0107 tylko medialnych propagator\u00f3w \u015brodowisk mniejszo\u015bci sexualnych, kt\u00f3rych to cz\u0142onk\u00f3w przedstawiaj\u0105 jako&#8230; nadludzi? W ka\u017cdym razie jakich\u015b wyj\u0105tkowych ludzi. Nie &#8222;\u0142apiemy&#8221; tego. Wszyscy jeste\u015bmy lud\u017ami i wymagajmy od wszystkich tego samego. Szanuj\u0105c przy tym nauk\u0119 i zdrowy rozs\u0105dek. <\/p>\n\n\n\n<p>W ka\u017cdym razie je\u015bli chodzi o kwesti\u0119 LGBT papie\u017c w istocie nie zmieni\u0142 nic. Akt homoseksualny jest grzechem tak jak by\u0142.<\/p>\n\n\n\n<p>Papie\u017c Franciszek wydawa\u0142 si\u0119 swoj\u0105 skromno\u015bci\u0105 zmienia\u0107 wszystko, by nie zmieni\u0142o si\u0119 nic. <\/p>\n\n\n\n<p>&#8230;<\/p>\n\n\n\n<p>Wojna na Ukrainie. <\/p>\n\n\n\n<p>Mi\u0142o, i\u017c wreszcie mo\u017cna us\u0142ysze\u0107, sk\u0105d wzi\u0119\u0142a si\u0119 taka, a nie inna postawa papie\u017ca wzgl\u0119dem wojny. <\/p>\n\n\n\n<p>D\u0142ugo&#8230; d\u0142ugo nie by\u0142o o tym mowy. P\u00f3\u017aniej zacz\u0119to co\u015b przeb\u0105kiwa\u0107, cho\u0107 zawsze, tak jak i teraz z podkr\u0119\u015blan\u0105 krytyk\u0105.<\/p>\n\n\n\n<p>Kluczowy jest fakt, i\u017c papie\u017c pochodzi z Ameryki \u0141aci\u0144skiej, kt\u00f3r\u0105 Stany Zjednoczone uwa\u017caj\u0105 za sw\u0105 stref\u0119 wp\u0142yw\u00f3w.<\/p>\n\n\n\n<p>I tu zn\u00f3w kamyczek do koszyczka geniuszy z TOK FM, Newsweeka i okolic. <\/p>\n\n\n\n<p>Co jest nieprawdziwego w stwierdzeniu, i\u017c &#8222;Rosja uwa\u017ca Ukrain\u0119, za swoj\u0105 stref\u0119 wp\u0142yw\u00f3w&#8221;.<\/p>\n\n\n\n<p>Tymczasem jak ognia tzw. dziennikarze medi\u00f3w, kt\u00f3rych ob\u0142udy jak zwykle si\u0119 tu czepiamy, unikali tego stwierdzenia.<\/p>\n\n\n\n<p>Przecie\u017c bardziej zachodnie, ziemie polskie by\u0142y od kilku wiek\u00f3w rosyjsk\u0105 stref\u0105 wp\u0142yw\u00f3w, z przerw\u0105 na dwudziestolecie mi\u0119dzywojenne. To fakt historyczny. A co z NRD?<\/p>\n\n\n\n<p>Wyrwali\u015bmy si\u0119 i tego samego \u017cyczymy Ukrainie, jednak nawet w takich &#8222;drobiazgach&#8221; jak zwrot o &#8222;strefie wp\u0142yw\u00f3w&#8221; ujawnia si\u0119 mia\u0142ko\u015b\u0107 intelektualna pewnych \u015brodowisk, cho\u0107 szczytem wszystkiego jest ich pragnienie, by na Ukrainie nadal gin\u0119li ludzie.<\/p>\n\n\n\n<p>Wojna pr\u0119dzej czy p\u00f3\u017aniej si\u0119 sko\u0144czy, wiemy ju\u017c, i\u017c p\u00f3ki co, nie pora\u017ck\u0105 Rosji.<\/p>\n\n\n\n<p>Aby przerwa\u0107 zabijanie, trzeba zacz\u0105\u0107 rozmawia\u0107 i kluczowym tu aspektem jest kwestia gdzie rozmawia\u0107.<\/p>\n\n\n\n<p>Nie wydaje nam si\u0119, by\u015bmy w &#8222;post\u0119powych&#8221; stacjach us\u0142yszeli (w\u00f3wczas), i\u017c po ataku Rosji, papie\u017c uda\u0142 si\u0119 osobi\u015bcie do ambasady agresora.<\/p>\n\n\n\n<p>Przecie\u017c nic dobitniej ni\u017c to, nie pokazuje intencji Watykanu. <\/p>\n\n\n\n<p>Franciszek chcia\u0142 po\u015bredniczy\u0107 w rozmowach. Warunkiem bezwzgl\u0119dnym w negocjacjach jest to, i\u017c na po\u015brednika zgodz\u0105 si\u0119 obydwie strony, a zw\u0142aszcza strona silniejsza.<\/p>\n\n\n\n<p>Tak wi\u0119c teraz pomy\u015blcie geniusze z TOKu, Newsweeka i TVN. Za\u0142\u00f3\u017cmy, i\u017c macie z kim\u015b konflikt, kt\u00f3ry chcecie zako\u0144czy\u0107, szukacie wi\u0119c mediatora. <\/p>\n\n\n\n<p>Na kt\u00f3rym miejscu jako kandydat do mediacji byliby\u015bmy my, skoro nie kryjemy si\u0119 z tym, i\u017c uwa\u017camy wasz\u0105 dzia\u0142alno\u015b\u0107 za gwa\u0142t na logice i demokracji. Tej drugiej, gdy\u017c negujecie potrzeb\u0119 dyskusji.<\/p>\n\n\n\n<p>W\u0142a\u015bnie z tego powodu papie\u017c nie m\u00f3g\u0142 jednoznacznie pot\u0119pi\u0107 Rosji.<\/p>\n\n\n\n<p>Poza tym, co z katolikami w pa\u0144stwie Putina? Chyba nawet wasz potencja\u0142 umys\u0142owy pozwala domy\u015ble\u0107 si\u0119, co spotka\u0142oby wiernych Rzymowi na terenach kontrolowanych przez Rosj\u0119.<\/p>\n\n\n\n<p>&#8230;<\/p>\n\n\n\n<p>Dla wi\u0119kszo\u015bci pa\u0144stw dawnego i obecnego tzw. trzeciego \u015bwiata, to USA, nie Rosja jest tym &#8222;z\u0142ym&#8221;.<\/p>\n\n\n\n<p>Pod wzgl\u0119dem formacji geopolitycznej papie\u017c Franciszek by\u0142 ca\u0142kowitym przeciwie\u0144stwem Jana Paw\u0142a II.<\/p>\n\n\n\n<p>Wyb\u00f3r Karola Wojty\u0142y by\u0142 decyzj\u0105 czysto pragmatyczn\u0105. Postawienie na czele Ko\u015bcio\u0142a cz\u0142owieka zza \u017celaznej kurtyny to by\u0142o jednoznaczne uderzenie w blok pa\u0144stw komunistycznych.<\/p>\n\n\n\n<p>Pontyfikat polskiego przyw\u00f3dcy Ko\u015bcio\u0142a determinowa\u0142a walka z oczywistym wrogiem,  ZSRR i to podw\u00f3jnym, jako okupanta Rzeczypospolitej oraz wroga religii. Ukszta\u0142towany w tym duchu papie\u017c aktywnie, symbolicznie i praktycznie, poprzez wsp\u00f3\u0142prac\u0119 z CIA, w\u0142\u0105czy\u0142 si\u0119 w globalny konflikt.<\/p>\n\n\n\n<p>USA to by\u0142 przyjaciel, ZSRR wr\u00f3g i to s\u0105 rzeczy oczywiste.<\/p>\n\n\n\n<p>Jaki\u015b czas temu TVN wyprowadzi\u0142 bardzo mocny atak na Karola Wojty\u0142\u0119. Okoliczno\u015bci wydawa\u0142y si\u0119 sprzyja\u0107, by\u0142o \u015bwie\u017co po szczycie &#8222;Me too&#8221; a WOKE prze\u017cywa\u0142o swoje apogeum.  <\/p>\n\n\n\n<p>Ruszy\u0142y ataki na polskiego papie\u017ca, gdy prowadz\u0105cy audycje ludzie zapraszali tych r\u00f3\u017cnych strasznych ludzi pozbawionych umiej\u0119tno\u015bci krytycznego my\u015blenia, cz\u0119sto po prostu niem\u0105drych b\u0105d\u017a ob\u0142udnych, gdy\u017c zdobywaj\u0105cych tytu\u0142y i \u017cyj\u0105cych z wyg\u0142aszania okre\u015blonych tre\u015bci.<\/p>\n\n\n\n<p>Gdy jednak si\u0119gni\u0119to po autorytety(w tym \u015brodowisku) z historycznym dorobkiem, pami\u0119taj\u0105cych znaczenie Karola Wojty\u0142y, rol\u0119 jak\u0105 odegra\u0142, co znaczy\u0142 dla Polak\u00f3w, plan si\u0119 zawali\u0142.<\/p>\n\n\n\n<p>Aleksander Kwa\u015bniewski, Hanna Gronkiewicz Waltz oraz inni, zdecydowanie nielubi\u0105cy PiSu ludzie, m\u00f3wili o Janie Pawle z szacunkiem.<\/p>\n\n\n\n<p>Ca\u0142a akcja by\u0142a oczywi\u015bcie po\u015brednio wymierzona w PiS ale jej autorzy zdecydowanie si\u0119 przeliczyli. <\/p>\n\n\n\n<p>Odwrotnie ni\u017c papie\u017c z Polski, J.M.Bergoglio dorasta\u0142 ze \u015bwiadomo\u015bci\u0105 ameryka\u0144skiej ingerencji. Obserwowa\u0142, i\u017c je\u015bli na kontynencie po\u0142udniowoameryka\u0144skim, w drodze demokratycznych wybor\u00f3w do w\u0142adzy dojdzie niekochany przez rz\u0105d USA cz\u0142owiek, to nie m\u00f3g\u0142 on by\u0107 pewny dnia ani godziny.<\/p>\n\n\n\n<p>To podstawowe zasady geopolityki i podzia\u0142u \u015bwiata przez mocarstwa na strefy wp\u0142yw\u00f3w. Elementarz. <\/p>\n\n\n\n<p>Dziennikarzy TOK FM dodatkowo kompromituje fakt, i\u017c swego czasu w tej stacji prowadzono uderzenie w Karola Wojty\u0142\u0119 z pozycji &#8222;teologii wyzwolenia&#8221;. <\/p>\n\n\n\n<p>By\u0142 ca\u0142y szereg audycji o tym, jaki to Karol Wojty\u0142a by\u0142 &#8222;be i fuj&#8221;, albowiem nie rozumia\u0142, \u017ce istnieje grupa duchownych w Ameryce \u0141aci\u0144skiej, kt\u00f3rzy g\u0142\u00f3wnego wroga &#8222;ludu Bo\u017cego&#8221; upatruj\u0105 w Stanach Zjednoczonych i prowadzonej przez to mocarstwo gospodarczej polityce zagranicznej. W rezultacie, z oczywistych wzgl\u0119d\u00f3w, kierowali si\u0119 ku ideom lewicowym i bezpo\u015bredniej pomocy warstwom &#8222;upo\u015bledzonym&#8221; ekonomicznie.<\/p>\n\n\n\n<p>Polski papie\u017c tego nie rozumia\u0142, prawdopodobnie nawet nie stara\u0142 si\u0119 zrozumie\u0107, gdy\u017c dla niego to ZSRR by\u0142o wrogiem i z\u0142em, a USA, wolne i demokratyczne, by\u0142y sojusznikiem. <\/p>\n\n\n\n<p>Jest to prze\u0142o\u017cenie 1 do 1 na postaw\u0119 Franciszka, kt\u00f3ry m\u00f3g\u0142 z oczywistych wzgl\u0119d\u00f3w gorzej orientowa\u0107 si\u0119 w europejskich realiach. <\/p>\n\n\n\n<p>I dochodzimy do odwiecznego dla nas pytania odno\u015bnie tych ludzi pracuj\u0105cych w mediach, uwa\u017caj\u0105cych si\u0119 za jedynie s\u0142uszne i dobre i sprawiedliwe itp. Czy to jest prostytucja medialna w imi\u0119 przewodniej dla Was idei, czy te\u017c przera\u017caj\u0105ca ignorancja i deficyt zdolno\u015bci intelektualnych skoro nie zauwa\u017cyli\u015bcie podobie\u0144stwa i d\u0142ugo, d\u0142ugo na waszych &#8222;falach&#8221; nie mo\u017cna by\u0142o us\u0142ysze\u0107 wyja\u015bnienia neutralno\u015bci papie\u017ca.<\/p>\n\n\n\n<p>&#8230;<\/p>\n\n\n\n<p>Czy m\u00f3wi\u0105c o powodach wojny papie\u017c k\u0142ama\u0142? <\/p>\n\n\n\n<p>Ukraina chce si\u0119 wyrwa\u0107 spod zale\u017cno\u015bci od wielkiego s\u0105siada. Jedyny kierunek to Zach\u00f3d. <\/p>\n\n\n\n<p>To oczywiste uderzenie w interesy Rosji gdy\u017c, jak pisali\u015bmy cho\u0107 przypomina\u0107 to jest naprawd\u0119 \u017cenuj\u0105ce, Ukraina le\u017cy w strefie jej wp\u0142yw\u00f3w i utrata kontroli na jej terytorium to powa\u017cne os\u0142abienie. <\/p>\n\n\n\n<p>Dla zasady przypomnijmy, i\u017c \u017cyczymy Ukrai\u0144com by to si\u0119 uda\u0142o, gdy\u017c to z kolei le\u017cy w interesie Polski.<\/p>\n\n\n\n<p>Oznacza to \u015bmier\u0107, gwa\u0142ty, tragedie, grabie\u017ce, rabunki, g\u0142\u00f3d i choroby. Przez wiele lat. I najwyra\u017aniej \u017cyczy sobie tego wielu polskich dziennikarzy, polityk\u00f3w itp., kt\u00f3rzy jako warunek zako\u0144czenia wojny stawiaj\u0105 odzyskanie przez Ukrain\u0119 wszystkich ziem.<\/p>\n\n\n\n<p>Tymczasem dla papie\u017ca przerwanie wspomnianych powy\u017cej tragedii jest priorytetem.                           <\/p>\n\n\n\n<p>Pora\u017cka Rosji w wojnie z Ukrain\u0105 oznacza sukces USA, czyli kraju, kt\u00f3ry obala\u0142 demokracje w pa\u0144stwach, kt\u00f3re uwa\u017ca\u0142 za swoj\u0105 stref\u0119 wp\u0142yw\u00f3w.<\/p>\n\n\n\n<p>Nie mo\u017ce dziwi\u0107, i\u017c dla papie\u017ca r\u00f3\u017cnica by\u0142a nieostra, a pragn\u0105c powstrzyma\u0107 rozlew krwi, robi\u0142 dok\u0142adnie to, co przyw\u00f3dca Ko\u015bcio\u0142a Katolickiego, zgodnie z obecnym pogl\u0105dem na t\u0119 instytucj\u0119, czyni\u0107 powinien.<\/p>\n\n\n\n<p>Wi\u0119kszo\u015b\u0107, o ile nie wszyscy tzw. experci i komentatorzy, &#8222;wal\u0105cy&#8221; w papie\u017ca za jego postaw\u0119 wzgl\u0119dem Rosji, zdawali sobie z tego spraw\u0119 i w\u0142a\u015bnie dlatego, c\u00f3\u017c&#8230; jeste\u015bcie dupkami.<\/p>\n\n\n\n<p>ps.<\/p>\n\n\n\n<p>Onet, bo o nim nie wspomnieli\u015bmy, te\u017c &#8222;jest dupkiem&#8221;.<\/p>\n\n\n\n<p><\/p>\n\n\n\n<p><\/p>\n\n\n\n<p><\/p>\n<p class=\"bawpvc-ajax-counter\" data-id=\"3358\"><\/p>","protected":false},"excerpt":{"rendered":"<p>Trzeba by\u0142o \u015bmierci papie\u017ca, by w jedynie s\u0142usznych mediach us\u0142ysze\u0107 <a class=\"more-link\" href=\"https:\/\/oko.pres-24.pl\/?p=3358\">Czytaj dalej \u2192<\/a><\/p>\n","protected":false},"author":1,"featured_media":0,"comment_status":"open","ping_status":"closed","sticky":false,"template":"","format":"standard","meta":{"footnotes":""},"categories":[1],"tags":[],"class_list":["post-3358","post","type-post","status-publish","format-standard","hentry","category-uncategorized"],"aioseo_notices":[],"_links":{"self":[{"href":"https:\/\/oko.pres-24.pl\/index.php?rest_route=\/wp\/v2\/posts\/3358","targetHints":{"allow":["GET"]}}],"collection":[{"href":"https:\/\/oko.pres-24.pl\/index.php?rest_route=\/wp\/v2\/posts"}],"about":[{"href":"https:\/\/oko.pres-24.pl\/index.php?rest_route=\/wp\/v2\/types\/post"}],"author":[{"embeddable":true,"href":"https:\/\/oko.pres-24.pl\/index.php?rest_route=\/wp\/v2\/users\/1"}],"replies":[{"embeddable":true,"href":"https:\/\/oko.pres-24.pl\/index.php?rest_route=%2Fwp%2Fv2%2Fcomments&post=3358"}],"version-history":[{"count":10,"href":"https:\/\/oko.pres-24.pl\/index.php?rest_route=\/wp\/v2\/posts\/3358\/revisions"}],"predecessor-version":[{"id":3377,"href":"https:\/\/oko.pres-24.pl\/index.php?rest_route=\/wp\/v2\/posts\/3358\/revisions\/3377"}],"wp:attachment":[{"href":"https:\/\/oko.pres-24.pl\/index.php?rest_route=%2Fwp%2Fv2%2Fmedia&parent=3358"}],"wp:term":[{"taxonomy":"category","embeddable":true,"href":"https:\/\/oko.pres-24.pl\/index.php?rest_route=%2Fwp%2Fv2%2Fcategories&post=3358"},{"taxonomy":"post_tag","embeddable":true,"href":"https:\/\/oko.pres-24.pl\/index.php?rest_route=%2Fwp%2Fv2%2Ftags&post=3358"}],"curies":[{"name":"wp","href":"https:\/\/api.w.org\/{rel}","templated":true}]}}