{"id":3346,"date":"2025-04-18T19:39:17","date_gmt":"2025-04-18T18:39:17","guid":{"rendered":"https:\/\/oko.pres-24.pl\/?p=3346"},"modified":"2025-04-19T16:04:20","modified_gmt":"2025-04-19T15:04:20","slug":"r-trzaskowski-jest-jak-krol-a-nawet-cesarz","status":"publish","type":"post","link":"https:\/\/oko.pres-24.pl\/?p=3346","title":{"rendered":"Trzaskowski Rafa\u0142 jest jak kr\u00f3l, a nawet cesarz&#8230;"},"content":{"rendered":"\n<p>&#8230;pod warunkiem, \u017ce por\u00f3wnujemy z Micha\u0142em Korybutem Wi\u015bniowieckim b\u0105d\u017a Franciszkiem J\u00f3zefem. <\/p>\n\n\n\n<p>Podkre\u015bla si\u0119, jaki to Pan Trzaskowski wykszta\u0142cony, przygotowany do roli itp. itd. <\/p>\n\n\n\n<p>W ostatnim, lub przed&#8230; &#8222;Stanie Wyj\u0105tkowym&#8221; Pan Stankiewicz i Pani D\u0142ugosz autorytarnie stwierdzali, i\u017c prezydent Warszawy posiada niew\u0105tpliwie kwalifikacje, w kontek\u015bcie pytania o stosunki mi\u0119dzynarodowe. <\/p>\n\n\n\n<p>J\u0119zyki, wykszta\u0142cenie&#8230;<\/p>\n\n\n\n<p>A jakie\u015b konkrety?<\/p>\n\n\n\n<p>Z tego powodu przywo\u0142ujemy kr\u00f3la Wi\u015bniowieckiego, o kt\u00f3rym prof. Konopczy\u0144ski powiedzia\u0142, i\u017c: &#8222;Zna\u0142 osiem j\u0119zyk\u00f3w, ale w \u017cadnym nie mia\u0142 nic ciekawego do powiedzenia&#8221;. <\/p>\n\n\n\n<p>Zero bajeru, luzu i elokwencji Pana Tuska, a co gorsza, gdy pr\u00f3buje &#8222;wrzuci\u0107 na luz&#8221;, wychodzi z tego \u017cenada.<\/p>\n\n\n\n<p>Zmia\u017cd\u017cy\u0142 nas intelektualnie wiecowy zarzut kandydata Trzaskowskiego pod adresem NBP, i\u017c wysokie ceny mas\u0142a s\u0105 spowodowane poziomem st\u00f3p procentowych. <\/p>\n\n\n\n<p>A jak sytuacja wygl\u0105da w innych krajach?<\/p>\n\n\n\n<p>Tacy to geopolityczno-gospodarczy geniusze, kt\u00f3rzy w ko\u0144c\u00f3wce rz\u0105d\u00f3w PiS g\u0142osili te straszne g\u0142upoty w kontek\u015bcie inflacji itp., itd. Pan Tusk, przypomnijmy, by\u0142 tych i innych gospodarczych g\u0142upot pierwszym g\u0142osicielem. Robi\u0142 to jednak ze swobod\u0105. Mowa cia\u0142a, tonacja, tworzy\u0142o to zgran\u0105 ca\u0142o\u015b\u0107, nawet je\u015bli u \u017ar\u00f3d\u0142a pod\u0142\u0105.<\/p>\n\n\n\n<p>Tymczasem u Pana Trzaskowskiego \u017cadne z powy\u017cszych nie wyst\u0119puje. Nie wida\u0107 i nie s\u0142ycha\u0107 \u017cadnych atut\u00f3w. Niech b\u0119dzie, \u017ce jest niez\u0142a prezencja, ale przecie\u017c nawet pustemu pude\u0142ku mo\u017cna nada\u0107 atrakcyjny wygl\u0105d.<\/p>\n\n\n\n<p>Sk\u0105d Franciszek J\u00f3zef? <\/p>\n\n\n\n<p>Pan Trzaskowski prezydentuje Warszawie. I co? Trwa, trwa i trwa ma\u0107. <\/p>\n\n\n\n<p>Internet nabija si\u0119 z do\u015b\u0107 oryginalnych inwestycji Ratusza. <\/p>\n\n\n\n<p>Panu Rafa\u0142owi, jak sam si\u0119 niedawno przyzna\u0142, zdarza si\u0119 bywa\u0107 w stolicy cz\u0119\u015bciej ni\u017c jeden dzie\u0144 w tygodniu. Au\u0107!<\/p>\n\n\n\n<p>Jest jednak Prezydentem i swoim podpisem firmuje wszystko, co w stolicy si\u0119 dzieje.<\/p>\n\n\n\n<p>Wszystko si\u0119 jako\u015b toczy, a Warszawiacy go kochaj\u0105. <\/p>\n\n\n\n<p>Cesarz Franciszek J\u00f3zef by\u0142 kochany przez Austriak\u00f3w. Z innymi narodami w wieloetnicznym pa\u0144stwie r\u00f3\u017cnie ju\u017c bywa\u0142o. <\/p>\n\n\n\n<p>Niew\u0105tpliwie by\u0142 \u015bwietnie wykszta\u0142cony. Mia\u0142 najlepszych nauczycieli i mn\u00f3stwo, mn\u00f3stwo zaj\u0119\u0107, a jaki by\u0142 tego efekt?<\/p>\n\n\n\n<p>Gdy kilkukrotnie pr\u00f3bowa\u0142 podj\u0105\u0107 samodzielnie decyzj\u0119, za ka\u017cdym razem ko\u0144czy\u0142o si\u0119 to katastrof\u0105, zar\u00f3wno w przypadku polityki mi\u0119dzynarodowej jak i spraw osobistych. <\/p>\n\n\n\n<p>Zasiad\u0142 wi\u0119c w ko\u0144cu za biurkiem i do ko\u0144ca \u017cycia, co dzie\u0144 podpisywa\u0142 dokumenty nawet w bardzo drobnych sprawach, kt\u00f3re rozstrzygn\u0105\u0107 mogli urz\u0119dnicy niskich szczebli. <\/p>\n\n\n\n<p>Trwa\u0142 i trwa\u0142 i trwa\u0142, gdy cesarstwo zmierza\u0142o ku rozpadowi. <\/p>\n\n\n\n<p>Idealnie ta posta\u0107 wpisuje si\u0119 nam w Pana Trzaskowskiego. Nie pomi\u0144my wybitnych przodk\u00f3w, kt\u00f3rych i w przypadku prezydenta stolicy co i rusz si\u0119 przywo\u0142uje.&#8221;ElYta&#8221;.<\/p>\n\n\n\n<p>Ten cz\u0142owiek nie jest w najmniejszym stopniu b\u0142yskotliwy, nie ma poczucia humoru, a to w\u0142a\u015bnie nic jak to ostatnie \u015bwiadczy o inteligencji. Uczciwie dodajmy, i\u017c s\u0105 dowody na poczucie humoru u Franciszka J\u00f3zefa.<\/p>\n\n\n\n<p>Nie ogl\u0105dn\u0119li\u015bmy jeszcze do ko\u0144ca s\u0142ynnej &#8222;debaty w Ko\u0144skich&#8221;. Zasn\u0119\u0142o si\u0119 nam w trakcie odtwarzania, st\u0105d nie pami\u0119tamy, czy &#8222;numer z flag\u0105&#8221; widzieli\u015bmy w nagraniu, czy znamy z szumu, kt\u00f3ry si\u0119 wok\u00f3\u0142 akcji Pani M.Biejat zrobi\u0142. <\/p>\n\n\n\n<p>To ma by\u0107 prezydencki format? <\/p>\n\n\n\n<p>Wystarczy\u0142oby, by Pan Trzaskowski powiedzia\u0142, i\u017c b\u0119dzie prezydentem wszystkich Polak\u00f3w, r\u00f3wnie\u017c tych spod t\u0119czowej flagi i ewentualnie, je\u015bli chcia\u0142by j\u0105 schowa\u0107, m\u00f3g\u0142by odstawiaj\u0105c pod pulpit, powiedzie\u0107 co\u015b w stylu, i\u017c &#8222;zapewni bezpiecze\u0144stwo wszystkim&#8230;&#8221;, cho\u0107 lepiej by\u0142oby nie chowa\u0107.<\/p>\n\n\n\n<p>Wys\u0142awiany inteligent, bez inteligenckiego sznytu. <\/p>\n\n\n\n<p>Nie wyobra\u017camy sobie, by ktokolwiek z mniejszo\u015bci LGBT m\u00f3g\u0142 po tej akcji zag\u0142osowa\u0107 na Pana Trzaskowskiego.W pierwszej turze oczywi\u015bcie.<\/p>\n\n\n\n<p><\/p>\n<p class=\"bawpvc-ajax-counter\" data-id=\"3346\"><\/p>","protected":false},"excerpt":{"rendered":"<p>&#8230;pod warunkiem, \u017ce por\u00f3wnujemy z Micha\u0142em Korybutem Wi\u015bniowieckim b\u0105d\u017a Franciszkiem <a class=\"more-link\" href=\"https:\/\/oko.pres-24.pl\/?p=3346\">Czytaj dalej \u2192<\/a><\/p>\n","protected":false},"author":1,"featured_media":0,"comment_status":"open","ping_status":"closed","sticky":false,"template":"","format":"standard","meta":{"footnotes":""},"categories":[1],"tags":[],"class_list":["post-3346","post","type-post","status-publish","format-standard","hentry","category-uncategorized"],"aioseo_notices":[],"_links":{"self":[{"href":"https:\/\/oko.pres-24.pl\/index.php?rest_route=\/wp\/v2\/posts\/3346","targetHints":{"allow":["GET"]}}],"collection":[{"href":"https:\/\/oko.pres-24.pl\/index.php?rest_route=\/wp\/v2\/posts"}],"about":[{"href":"https:\/\/oko.pres-24.pl\/index.php?rest_route=\/wp\/v2\/types\/post"}],"author":[{"embeddable":true,"href":"https:\/\/oko.pres-24.pl\/index.php?rest_route=\/wp\/v2\/users\/1"}],"replies":[{"embeddable":true,"href":"https:\/\/oko.pres-24.pl\/index.php?rest_route=%2Fwp%2Fv2%2Fcomments&post=3346"}],"version-history":[{"count":5,"href":"https:\/\/oko.pres-24.pl\/index.php?rest_route=\/wp\/v2\/posts\/3346\/revisions"}],"predecessor-version":[{"id":3355,"href":"https:\/\/oko.pres-24.pl\/index.php?rest_route=\/wp\/v2\/posts\/3346\/revisions\/3355"}],"wp:attachment":[{"href":"https:\/\/oko.pres-24.pl\/index.php?rest_route=%2Fwp%2Fv2%2Fmedia&parent=3346"}],"wp:term":[{"taxonomy":"category","embeddable":true,"href":"https:\/\/oko.pres-24.pl\/index.php?rest_route=%2Fwp%2Fv2%2Fcategories&post=3346"},{"taxonomy":"post_tag","embeddable":true,"href":"https:\/\/oko.pres-24.pl\/index.php?rest_route=%2Fwp%2Fv2%2Ftags&post=3346"}],"curies":[{"name":"wp","href":"https:\/\/api.w.org\/{rel}","templated":true}]}}