{"id":3341,"date":"2025-04-12T02:27:01","date_gmt":"2025-04-12T01:27:01","guid":{"rendered":"https:\/\/oko.pres-24.pl\/?p=3341"},"modified":"2025-04-12T02:27:01","modified_gmt":"2025-04-12T01:27:01","slug":"czy-pan-trzaskowski-zaplacil-za-czas-antenowy","status":"publish","type":"post","link":"https:\/\/oko.pres-24.pl\/?p=3341","title":{"rendered":"Czy Pan Trzaskowski zap\u0142aci\u0142 za czas antenowy?"},"content":{"rendered":"\n<p>Ogl\u0105damy w\u0142a\u015bnie nagranie debaty w TVP. <\/p>\n\n\n\n<p>Bli\u017cej (ale i dalej) nieznane nam, prowadz\u0105ce debat\u0119 blondi przed chwil\u0105 stwierdzi\u0142o, i\u017c &#8222;przypomina&#8221;, \u017ce to nie TVP jest organizatorem tej debaty, tylko sztab Pana Trzaskowskiego. <\/p>\n\n\n\n<p>Jest \u015brodek nocy (3 a.m.), wi\u0119c nie wykluczamy, i\u017c stan umys\u0142u mamy nieco niedysponowany, jednak jedyny logiczny wniosek jest taki, i\u017c sztab prezydenta Warszawy musia\u0142 wykupi\u0107 czas antenowy r\u00f3wny debacie. <\/p>\n\n\n\n<p>No bo jak inaczej?<\/p>\n\n\n\n<p>S\u0142uchamy sobie dalej pisz\u0105c niniejszy text.<\/p>\n\n\n\n<p>Pani Senyszyn spad\u0142a nieco forma, w por\u00f3wnaniu do udzia\u0142u w debacie w TV Republika. Nie\u017ale tam wypad\u0142a, prawd\u0119 m\u00f3wi\u0105c s\u0142abo zaprezentowa\u0142 si\u0119 tam jedynie kandydat &#8222;obywatelski&#8221;, co zadziwia w kontek\u015bcie Pana Ho\u0142owni, albowiem marsza\u0142ek Sejmu mia\u0142 chyba wyst\u0119p \u017cycia (uwzgl\u0119dniaj\u0105c niski punkt odniesienia, kt\u00f3ry sobie sam ustawia\u0142 w minionych latach).<\/p>\n\n\n\n<p>Tak wi\u0119c drobna uwaga odno\u015bnie wysokotonowej kandydatki lewicy, kt\u00f3ra przytacza\u0142a wypowiedzi &#8222;naukowc\u00f3w&#8221; o tym, co b\u0119dzie za sto lat. <\/p>\n\n\n\n<p>Bez wy\u017cszo\u015bci przypominamy, i\u017c zgodnie z przewidywaniami naukowc\u00f3w sprzed stu lat, ka\u017cdy powinien mie\u0107 obecnie lataj\u0105ce auto itp., itd.<\/p>\n\n\n\n<p>Czekamy te\u017c na komentarz ideologicznych oszo\u0142om\u00f3w z TOK FM itp. odno\u015bnie s\u0142\u00f3w Pani Joanny, i\u017c migrant\u00f3w nale\u017cy &#8222;asymilowa\u0107&#8221;.<\/p>\n\n\n\n<p>Pan Trzaskowski w\u0142a\u015bnie stwierdzi\u0142, i\u017c to rz\u0105d PiS jest winien wysokim cenom energii. <\/p>\n\n\n\n<p>I jak na co\u015b takiego zareagowa\u0107? Unia podatkami doprowadzi\u0142a do takich koszt\u00f3w energii, \u017ce przemys\u0142 si\u0119 z Europy zwija, nie tylko z Polski warszawski &#8222;geniuszu&#8221;. Przecie\u017c to ju\u017c wsz\u0119dzie wida\u0107. <\/p>\n\n\n\n<p>Bruksela zaci\u0105ga po\u017cyczki, kt\u00f3re kraje cz\u0142onkowskie b\u0119d\u0105 sp\u0142aca\u0107, pewnie dalszym zad\u0142u\u017caniem i nieustannie przy akompaniamencie szczytnych hase\u0142, co od lat okazuje si\u0119 pustos\u0142owiem. <\/p>\n\n\n\n<p>Naprawd\u0119&#8230; <\/p>\n\n\n\n<p>Rany. Pan Maciak (dobrze piszemy?) fajnie wypada\u0142, dop\u00f3ki nie spartoli\u0142 okazji, kt\u00f3r\u0105 da\u0142 mu Pan Stanowski, pytaj\u0105c &#8222;Kim Pan jest?&#8221;. <\/p>\n\n\n\n<p>Facet m\u00f3g\u0142 si\u0119 dobrze zaprezentowa\u0107, a zmarnowa\u0142 ten czas na czepianie si\u0119 Stanowskiego. <\/p>\n\n\n\n<p>Odrzuci\u0142 przys\u0142ug\u0119 kt\u00f3r\u0105, wydaje nam si\u0119, \u017ce \u015bwiadomie, chcia\u0142 mu wy\u015bwiadczy\u0107 szef Kana\u0142u Zero. <\/p>\n\n\n\n<p>Pan Stanowski by takiej szansy nie przegapi\u0142 ale w\u0142a\u015bnie dlatego jeste\u015bmy ju\u017c wr\u0119cz fanami jego inteligencji i elokwencji. <\/p>\n<p class=\"bawpvc-ajax-counter\" data-id=\"3341\"><\/p>","protected":false},"excerpt":{"rendered":"<p>Ogl\u0105damy w\u0142a\u015bnie nagranie debaty w TVP. Bli\u017cej (ale i dalej) <a class=\"more-link\" href=\"https:\/\/oko.pres-24.pl\/?p=3341\">Czytaj dalej \u2192<\/a><\/p>\n","protected":false},"author":1,"featured_media":0,"comment_status":"open","ping_status":"closed","sticky":false,"template":"","format":"standard","meta":{"footnotes":""},"categories":[1],"tags":[],"class_list":["post-3341","post","type-post","status-publish","format-standard","hentry","category-uncategorized"],"aioseo_notices":[],"_links":{"self":[{"href":"https:\/\/oko.pres-24.pl\/index.php?rest_route=\/wp\/v2\/posts\/3341","targetHints":{"allow":["GET"]}}],"collection":[{"href":"https:\/\/oko.pres-24.pl\/index.php?rest_route=\/wp\/v2\/posts"}],"about":[{"href":"https:\/\/oko.pres-24.pl\/index.php?rest_route=\/wp\/v2\/types\/post"}],"author":[{"embeddable":true,"href":"https:\/\/oko.pres-24.pl\/index.php?rest_route=\/wp\/v2\/users\/1"}],"replies":[{"embeddable":true,"href":"https:\/\/oko.pres-24.pl\/index.php?rest_route=%2Fwp%2Fv2%2Fcomments&post=3341"}],"version-history":[{"count":1,"href":"https:\/\/oko.pres-24.pl\/index.php?rest_route=\/wp\/v2\/posts\/3341\/revisions"}],"predecessor-version":[{"id":3342,"href":"https:\/\/oko.pres-24.pl\/index.php?rest_route=\/wp\/v2\/posts\/3341\/revisions\/3342"}],"wp:attachment":[{"href":"https:\/\/oko.pres-24.pl\/index.php?rest_route=%2Fwp%2Fv2%2Fmedia&parent=3341"}],"wp:term":[{"taxonomy":"category","embeddable":true,"href":"https:\/\/oko.pres-24.pl\/index.php?rest_route=%2Fwp%2Fv2%2Fcategories&post=3341"},{"taxonomy":"post_tag","embeddable":true,"href":"https:\/\/oko.pres-24.pl\/index.php?rest_route=%2Fwp%2Fv2%2Ftags&post=3341"}],"curies":[{"name":"wp","href":"https:\/\/api.w.org\/{rel}","templated":true}]}}