{"id":3338,"date":"2025-03-19T04:43:34","date_gmt":"2025-03-19T03:43:34","guid":{"rendered":"https:\/\/oko.pres-24.pl\/?p=3338"},"modified":"2025-03-19T04:43:35","modified_gmt":"2025-03-19T03:43:35","slug":"sprawa-pani-barbary-skrzypek","status":"publish","type":"post","link":"https:\/\/oko.pres-24.pl\/?p=3338","title":{"rendered":"Sprawa Pani Barbary Skrzypek."},"content":{"rendered":"\n<p>Jakimi niesko\u0144czonymi idiotami, b\u0105d\u017a osobami prostytuuj\u0105cymi si\u0119 medialnie (\u0142adny zwrot?) trzeba by\u0107, by broni\u0107 ludzi, kt\u00f3rzy przes\u0142uchiwali Pani\u0105 Barbar\u0119. <\/p>\n\n\n\n<p>Starsza kobieta, schorowana. Pomimo jej pro\u015bby i obecno\u015bci pe\u0142nomocnika odm\u00f3wiono udzia\u0142u w przes\u0142uchaniu kogo\u015b, kto m\u00f3g\u0142by stanowi\u0107 wsparcie dla przes\u0142uchiwanej. <\/p>\n\n\n\n<p>\u015amiejemy si\u0119 przez \u0142zy niemal, s\u0142uchaj\u0105c usprawiedliwie\u0144 strony &#8222;dobrej&#8221; i &#8222;praworz\u0105dnej&#8221;. <\/p>\n\n\n\n<p>Powa\u017cnie Onecie, na experta wzi\u0119li\u015bcie Pana \u0106wi\u0105kalskiego?<\/p>\n\n\n\n<p>Przecie\u017c to by\u0142o intencyjne zaszczucie osoby przyt\u0142oczonej obecno\u015bci\u0105 w pomieszczeniu kilku niech\u0119tnymi jej osobami. <\/p>\n\n\n\n<p>Wiadomo jest powszechnie, jak istotn\u0105 rol\u0119 w \u017cyciu Kaczy\u0144skich odgrywa\u0142a przes\u0142uchiwana. <\/p>\n\n\n\n<p>Nadarzy\u0142a si\u0119 wi\u0119c idealna okazja, by j\u0105 przycisn\u0105\u0107 i spr\u00f3bowa\u0107 co\u015b kompromituj\u0105cego dla szefa PiSu uzyska\u0107.<\/p>\n\n\n\n<p>Wybra\u017acie sobie Pa\u0144stwo. <\/p>\n\n\n\n<p>Siedzicie na krze\u015ble, a nad wami stoi, g\u00f3ruje, dos\u0142ownie g\u00f3ruje z oczywistych wzgl\u0119d\u00f3w, mecenas Giertych. <\/p>\n\n\n\n<p>A jego twarz i generalnie fizyczno\u015b\u0107 nie wzbudza pozytywnych emocji. <\/p>\n\n\n\n<p>I \u017cadnego wsparcia.<\/p>\n\n\n\n<p>&#8230;<\/p>\n\n\n\n<p>Przy okazji ujawniaj\u0105 si\u0119 kolejne absurdy polskiego systemu. <\/p>\n\n\n\n<p>T\u0142umaczy si\u0119 &#8222;sprawiedliwa&#8221; strona naszego bagna politycznego, i\u017c nie by\u0142o obowi\u0105zku obecno\u015bci pe\u0142nomocnika, gdy\u017c przes\u0142uchanie odbywa\u0142o si\u0119 wzgl\u0119dem \u015bwiadka, nie podejrzanego. <\/p>\n\n\n\n<p>Ale\u017c syf&#8230; Ale\u017c wy niesko\u0144czonym dnem jeste\u015bcie. <\/p>\n\n\n\n<p>Czy gdyby Pani Barbara, zaszczuta w sytuacji w kt\u00f3rej si\u0119 znalaz\u0142a, bez os\u0142ony prawnej, powiedzia\u0142a rzeczy, kt\u00f3re mog\u0142yby stanowi\u0107 podstaw\u0119 do wysuni\u0119cia wzgl\u0119dem niej oskar\u017ce\u0144, nie wykorzystano by tego?<\/p>\n\n\n\n<p>Gdzie to uniwersalne prawo do obro\u0144cy?<\/p>\n\n\n\n<p>Czy Pani Barbara mia\u0142a \u015bwiadomo\u015b\u0107, i\u017c mo\u017ce odm\u00f3wi\u0107 zezna\u0144?<\/p>\n\n\n\n<p>Ujawniono stenogramy, gdy\u017c nie nagrano przes\u0142uchania. Ale\u017c to wygodne. <\/p>\n\n\n\n<p>Hmmm&#8230; kto spisywa\u0142 i kto spu\u015bci\u0142 je do upublicznienia. UPS!<\/p>\n\n\n\n<p>Te idiotyczne media, niestety, t\u0142umacz\u0105 od rana, \u017ce wszystko jest ok i w zgodzie ze sztuk\u0105. <\/p>\n\n\n\n<p>Kto t\u0142umaczy? Obecni przy przes\u0142uchaniu. <\/p>\n\n\n\n<p>Jaka jest ich wiarygodno\u015b\u0107? <\/p>\n\n\n\n<p>Czy kt\u00f3rakolwiek z tych os\u00f3b by\u0142a przychylna przes\u0142uchiwanej? <\/p>\n\n\n\n<p>Czy, pozw\u00f3lmy sobie na jednoznaczne nawi\u0105zanie, nie jest w ich interesie omerta?<\/p>\n\n\n\n<p>Przecie\u017c bior\u0105c pod uwag\u0119 kim byli przes\u0142uchuj\u0105cy, ich teoretyczna wypowied\u017a, i\u017c &#8222;Nie kopali\u015bmy Pani Barbary&#8221; \u015bwiadczy\u0142aby o tym, i\u017c tak w\u0142a\u015bnie czynili. (Wi\u0119kszo\u015b\u0107 zwolennik\u00f3w Pana Tuska nie zrozumie poprzedniego zdania ale nie chce nam si\u0119 ju\u017c t\u0142umaczy\u0107).<\/p>\n\n\n\n<p>&#8230;<\/p>\n\n\n\n<p>Lata trwa\u0142o, nim z wyznawcy Gazety Wyborczej przeszli\u015bmy na stron\u0119 zdrowego rozs\u0105dku. <\/p>\n\n\n\n<p>Wierzyli\u015bmy jednak nadal w pewne uniwersalne warto\u015bci i mo\u017cliwo\u015b\u0107 porozumienia. <\/p>\n\n\n\n<p>Expresowo, od czasu obj\u0119cia w\u0142adzy przez obecn\u0105 ekip\u0119, przesz\u0142o nam. <\/p>\n\n\n\n<p>Marz\u0105 nam si\u0119 teraz rozliczenia i to nie za czyny, a za s\u0142owa. <\/p>\n\n\n\n<p>Za bezgraniczn\u0105 g\u0142upot\u0119 &#8222;koryfeuszy&#8221; obecnej w\u0142adzy. <\/p>\n\n\n\n<p><\/p>\n<p class=\"bawpvc-ajax-counter\" data-id=\"3338\"><\/p>","protected":false},"excerpt":{"rendered":"<p>Jakimi niesko\u0144czonymi idiotami, b\u0105d\u017a osobami prostytuuj\u0105cymi si\u0119 medialnie (\u0142adny zwrot?) <a class=\"more-link\" href=\"https:\/\/oko.pres-24.pl\/?p=3338\">Czytaj dalej \u2192<\/a><\/p>\n","protected":false},"author":1,"featured_media":0,"comment_status":"open","ping_status":"closed","sticky":false,"template":"","format":"standard","meta":{"footnotes":""},"categories":[1],"tags":[],"class_list":["post-3338","post","type-post","status-publish","format-standard","hentry","category-uncategorized"],"aioseo_notices":[],"_links":{"self":[{"href":"https:\/\/oko.pres-24.pl\/index.php?rest_route=\/wp\/v2\/posts\/3338","targetHints":{"allow":["GET"]}}],"collection":[{"href":"https:\/\/oko.pres-24.pl\/index.php?rest_route=\/wp\/v2\/posts"}],"about":[{"href":"https:\/\/oko.pres-24.pl\/index.php?rest_route=\/wp\/v2\/types\/post"}],"author":[{"embeddable":true,"href":"https:\/\/oko.pres-24.pl\/index.php?rest_route=\/wp\/v2\/users\/1"}],"replies":[{"embeddable":true,"href":"https:\/\/oko.pres-24.pl\/index.php?rest_route=%2Fwp%2Fv2%2Fcomments&post=3338"}],"version-history":[{"count":1,"href":"https:\/\/oko.pres-24.pl\/index.php?rest_route=\/wp\/v2\/posts\/3338\/revisions"}],"predecessor-version":[{"id":3339,"href":"https:\/\/oko.pres-24.pl\/index.php?rest_route=\/wp\/v2\/posts\/3338\/revisions\/3339"}],"wp:attachment":[{"href":"https:\/\/oko.pres-24.pl\/index.php?rest_route=%2Fwp%2Fv2%2Fmedia&parent=3338"}],"wp:term":[{"taxonomy":"category","embeddable":true,"href":"https:\/\/oko.pres-24.pl\/index.php?rest_route=%2Fwp%2Fv2%2Fcategories&post=3338"},{"taxonomy":"post_tag","embeddable":true,"href":"https:\/\/oko.pres-24.pl\/index.php?rest_route=%2Fwp%2Fv2%2Ftags&post=3338"}],"curies":[{"name":"wp","href":"https:\/\/api.w.org\/{rel}","templated":true}]}}