{"id":3322,"date":"2024-12-15T07:49:23","date_gmt":"2024-12-15T06:49:23","guid":{"rendered":"https:\/\/oko.pres-24.pl\/?p=3322"},"modified":"2025-02-21T07:38:01","modified_gmt":"2025-02-21T06:38:01","slug":"koscielniak-marcin-prof-jakie-to-przykre","status":"publish","type":"post","link":"https:\/\/oko.pres-24.pl\/?p=3322","title":{"rendered":"Ko\u015bcielniak Marcin. Prof. Jakie to przykre."},"content":{"rendered":"\n<p>Wspomniany w tytule pan, kt\u00f3ry jakim\u015b cudem wszed\u0142 w posiadanie tytu\u0142u prof., w niedzielny poranek u Pani Piekutowskiej w TOK FM pierniczy straszne g\u0142upoty. Jest 15.12.2024 r. przed godz. 8.<\/p>\n\n\n\n<p>Jako swoje odkrycie przedstawia w\u0142a\u015bnie, i\u017c Ko\u015bci\u00f3\u0142 w Polsce zawsze by\u0142 przeciw aborcji. WOW! Zaprawd\u0119 godne profesora odkrycie. Skoro Stolica Apostolska nie dopuszcza aborcji to, a przypomnijmy, i\u017c Watykan jest monarchi\u0105 absolutn\u0105, \u017caden katolik nie mo\u017ce popiera\u0107 aborcji.<\/p>\n\n\n\n<p>W Polsce konserwatyzm Ko\u015bcio\u0142a by\u0142 naturalnie skostnia\u0142y, w skutek zdarze\u0144 historycznych, co najlepiej uosabia zwrot &#8222;Polak katolik&#8221;.<\/p>\n\n\n\n<p>Instytucja ta, z samej swojej istoty jest konserwatywna i tradycyjna i co tam jeszcze, a ten dziwny prof., wsparty oczywi\u015bcie przez Pani\u0105 P. wygaduje dalej te dziwne rzeczy.<\/p>\n\n\n\n<p>Gada sobie i gada, chyba marzy mu si\u0119 kariera prof. Leszczy\u0144skiego, kt\u00f3ry pisz\u0105c o powszechnie znanych rzeczach sta\u0142 si\u0119 przecie\u017c celebryt\u0105. <\/p>\n\n\n\n<p>Doczepmy si\u0119 jeszcze na koniec do pierwszych s\u0142\u00f3w pana Ko\u015bcielniaka, w sumie fajne nazwisko, bior\u0105c pod uwag\u0119 kontekst.<\/p>\n\n\n\n<p>Ot\u00f3\u017c stwierdzi\u0142 on, i\u017c aborcja jest prawem cz\u0142owieka.<\/p>\n\n\n\n<p>Fanie by by\u0142o, gdyby kto\u015b wreszcie rozwin\u0105\u0142 t\u0119 my\u015bl, kt\u00f3r\u0105 zdarzy\u0142o nam si\u0119 nie raz us\u0142ysze\u0144, m.in. z tych samych ust, kt\u00f3re nie potrafi\u0105 powiedzie\u0107, co to jest p\u0142e\u0107. <\/p>\n\n\n\n<p>Jak mo\u017cna m\u00f3wi\u0107 o czym\u015b, nie m\u00f3wi\u0105c o czym tak w\u0142a\u015bciwie si\u0119 m\u00f3wi. <\/p>\n\n\n\n<p>W kt\u00f3rym wi\u0119c z praw cz\u0142owieka, zawiera si\u0119 prawo do aborcji? <\/p>\n\n\n\n<p>Prawd\u0119 m\u00f3wi\u0105c, my potrafiliby\u015bmy publicystycznie uzasadni\u0107 t\u0119 tez\u0119, cho\u0107 jej sprzeczno\u015bci w obr\u0119bie wspomnianych praw nie spos\u00f3b unikn\u0105\u0107. <\/p>\n\n\n\n<p>Jeste\u015bmy jednak pewni, i\u017c ci wszyscy ludzie, kt\u00f3rzy m\u00f3wi\u0105 o aborcji jako o prawie cz\u0142owieka, powtarzaj\u0105 po prostu slogan, nie maj\u0105c w istocie poj\u0119cia o czym m\u00f3wi\u0105.<\/p>\n\n\n\n<p>Nieprawda\u017c Panie Ko\u015bcielniaku, jakim\u015b cudem profesorze?<\/p>\n\n\n\n<p>ps.<\/p>\n\n\n\n<p>Czepiamy si\u0119 tego profesorstwa u tych wszystkich dziwnych ludzi, gdy\u017c my z tym tytu\u0142em uto\u017csamiamy pewien poziom intelektualny, umiej\u0119tno\u015b\u0107 u\u017cywania logiki i argumentacji na poziomie. Przede wszystkim za\u015b szacunek dla dyskusji, a w realiach zachodnich poszanowanie fundamentu demokracji, jakim jest starcie pogl\u0105d\u00f3w w zr\u00f3\u017cnicowanym spo\u0142ecze\u0144stwie. <\/p>\n<p class=\"bawpvc-ajax-counter\" data-id=\"3322\"><\/p>","protected":false},"excerpt":{"rendered":"<p>Wspomniany w tytule pan, kt\u00f3ry jakim\u015b cudem wszed\u0142 w posiadanie <a class=\"more-link\" href=\"https:\/\/oko.pres-24.pl\/?p=3322\">Czytaj dalej \u2192<\/a><\/p>\n","protected":false},"author":1,"featured_media":0,"comment_status":"open","ping_status":"closed","sticky":false,"template":"","format":"standard","meta":{"footnotes":""},"categories":[1],"tags":[],"class_list":["post-3322","post","type-post","status-publish","format-standard","hentry","category-uncategorized"],"aioseo_notices":[],"_links":{"self":[{"href":"https:\/\/oko.pres-24.pl\/index.php?rest_route=\/wp\/v2\/posts\/3322","targetHints":{"allow":["GET"]}}],"collection":[{"href":"https:\/\/oko.pres-24.pl\/index.php?rest_route=\/wp\/v2\/posts"}],"about":[{"href":"https:\/\/oko.pres-24.pl\/index.php?rest_route=\/wp\/v2\/types\/post"}],"author":[{"embeddable":true,"href":"https:\/\/oko.pres-24.pl\/index.php?rest_route=\/wp\/v2\/users\/1"}],"replies":[{"embeddable":true,"href":"https:\/\/oko.pres-24.pl\/index.php?rest_route=%2Fwp%2Fv2%2Fcomments&post=3322"}],"version-history":[{"count":6,"href":"https:\/\/oko.pres-24.pl\/index.php?rest_route=\/wp\/v2\/posts\/3322\/revisions"}],"predecessor-version":[{"id":3334,"href":"https:\/\/oko.pres-24.pl\/index.php?rest_route=\/wp\/v2\/posts\/3322\/revisions\/3334"}],"wp:attachment":[{"href":"https:\/\/oko.pres-24.pl\/index.php?rest_route=%2Fwp%2Fv2%2Fmedia&parent=3322"}],"wp:term":[{"taxonomy":"category","embeddable":true,"href":"https:\/\/oko.pres-24.pl\/index.php?rest_route=%2Fwp%2Fv2%2Fcategories&post=3322"},{"taxonomy":"post_tag","embeddable":true,"href":"https:\/\/oko.pres-24.pl\/index.php?rest_route=%2Fwp%2Fv2%2Ftags&post=3322"}],"curies":[{"name":"wp","href":"https:\/\/api.w.org\/{rel}","templated":true}]}}