{"id":3302,"date":"2024-10-18T17:12:33","date_gmt":"2024-10-18T16:12:33","guid":{"rendered":"https:\/\/oko.pres-24.pl\/?p=3302"},"modified":"2024-11-01T16:33:21","modified_gmt":"2024-11-01T15:33:21","slug":"rzecz-o-imigrantach-w-kontekscie-pis-ko-itp","status":"publish","type":"post","link":"https:\/\/oko.pres-24.pl\/?p=3302","title":{"rendered":"Rzecz o imigrantach w kontek\u015bcie PiS, KO itp."},"content":{"rendered":"\n<p>Jak zwykle. Tworzy si\u0119 wielopi\u0119trowe konstrukcje w temacie imigrant\u00f3w, mniejszo\u015bci itp., unikaj\u0105c zasadniczej kwestii, fundamentalnej w kontek\u015bcie bezpiecze\u0144stwa kraju.<\/p>\n\n\n\n<p>Kluczowe pytanie, kt\u00f3re powinno tkwi\u0107 w tyle g\u0142owy przy ka\u017cdej rozmowie zwi\u0105zanej z mniejszo\u015bciami narodowymi w Polsce brzmi: &#8222;Dlaczego nasz kraj jest tak jednorodny pod tym wzgl\u0119dem?&#8221;.<\/p>\n\n\n\n<p>Najkr\u00f3tsza odpowied\u017a to: &#8222;By unikn\u0105\u0107 konflikt\u00f3w wewn\u0119trznych, a w skrajnym przypadku, by nie dosz\u0142o do kolejnej, niewykluczone \u017ce globalnej wojny&#8221;.<\/p>\n\n\n\n<p>Z oczywistych wzgl\u0119d\u00f3w odr\u0119bn\u0105 kwesti\u0105 jest zagadnienie mniejszo\u015bci \u017cydowskiej. Holokaust, a nast\u0119pnie dobrowolna i przymusowa emigracja pozostawi\u0142y w Polsce praktycznie jedynie uto\u017csamiaj\u0105cych si\u0119 z &#8222;polin&#8221; \u017byd\u00f3w, kt\u00f3rych cz\u0119\u015b\u0107 stworzy\u0142a wok\u00f3\u0142 siebie \u015brodowisko, i nie jest to \u017cadna kontrowersyjna teza, mebluj\u0105ce Polsk\u0119 zgodnie ze swoj\u0105 wizj\u0105. Ich prawo, tylko du\u017co w tym ob\u0142udy.<\/p>\n\n\n\n<p>Sk\u0105d wi\u0119c ta jednorodno\u015b\u0107 etniczna w powojennej Polsce?<\/p>\n\n\n\n<p>Po ostatecznym pokonaniu nazistowskich Niemiec, na mocy ustale\u0144 mi\u0119dzynarodowych, dokonywano masowych przesiedle\u0144 mniejszo\u015bci zamieszkuj\u0105cych tereny pa\u0144stw, z kt\u00f3rymi si\u0119 nie uto\u017csamiali. Celem tych, nie mo\u017cna zaprzeczy\u0107 w wymiarze osobistym, tragedii, by\u0142o stworzenie w miar\u0119 jednorodnych narodowo\u015bciowo i kulturowo pa\u0144stw, by nie dawa\u0107 innym krajom pretekst\u00f3w do roszcze\u0144 terytorialnych.<\/p>\n\n\n\n<p>Przecie\u017c to by\u0142a podstawa agresywnej polityki Hitlera, by \u017c\u0105da\u0107 nabytk\u00f3w terytorialnych z powo\u0142ywaniem si\u0119 na zamieszkuj\u0105cych dane terytorium rodak\u00f3w. C\u00f3\u017c&#8230; ca\u0142ej Czechos\u0142owacji Niemcy nie zamieszkiwali, a jak si\u0119 to dla tego pa\u0144stwa sko\u0144czy\u0142o wszyscy wiemy.<\/p>\n\n\n\n<p>Dorzu\u0107my do tego zamachy nacjonalist\u00f3w ukrai\u0144skich na polityk\u00f3w II RP. <\/p>\n\n\n\n<p>Zasymetryzujmy przy tym, wspominaj\u0105c &#8222;bunt gen.\u017belichowskiego&#8221; i zaj\u0119cie przez Polak\u00f3w Wilna.<\/p>\n\n\n\n<p>Dzisiejsze d\u0105\u017cenie r\u00f3\u017cnych \u015brodowisk by jak najbardziej zr\u00f3\u017cnicowa\u0107 kraje europejskie, to prosta droga do wzniecania wewn\u0119trznych konflikt\u00f3w w tych pa\u0144stwach, co przecie\u017c w wielu ostojach &#8222;tolerancji&#8221; obecnie si\u0119 dzieje.<\/p>\n\n\n\n<p>Ciekawa jest koincydencja, kt\u00f3r\u0105 zauwa\u017cyli\u015bmy na Onecie, wzgl\u0119dem wypowiedzi Pana Tuska odno\u015bnie zaostrzenia kontroli na granicach.<\/p>\n\n\n\n<p>Swoj\u0105 droga to zabawne. Duch tych wypowiedzi wygl\u0105da bowiem nast\u0119puj\u0105co: &#8222;PiS by\u0142 z\u0142y, poniewa\u017c zbudowa\u0142 mur. My jeste\u015bmy lepsi, zbudujemy wi\u0119kszy.&#8221;<\/p>\n\n\n\n<p>Wspomniany zwi\u0105zek zawiera si\u0119 w tym, i\u017c chyba po raz pierwszy przeczytali\u015bmy na tym portalu jednoznaczny artyku\u0142 o sytuacji w Szwecji, w kontek\u015bcie problem\u00f3w, jakie sprawia tam mniejszo\u015b\u0107 muzu\u0142ma\u0144ska. <\/p>\n\n\n\n<p>Pojawi\u0142o si\u0119 sporo artyku\u0142\u00f3w o podobnej tematyce, dotycz\u0105cych  innych kraj\u00f3w Europy Zachodniej.<\/p>\n\n\n\n<p>Przypadek?<\/p>\n\n\n\n<p>Wpisuje si\u0119 to w og\u00f3lny &#8222;stan umys\u0142u&#8221; antyprawicowych \u015brodowisk.<\/p>\n\n\n\n<p>Ale\u017c niesamowitym dra\u0144stwem intelektualnym s\u0105 ich wypowiedzi na temat migracji, to bowiem &#8222;kopyrtka&#8221; o 180 stopni wzgl\u0119dem zajmowanego wcze\u015bniej stanowiska.<\/p>\n\n\n\n<p>W zasadzie nie wiadomo, czyja postawa jest wi\u0119ksz\u0105 \u017cenad\u0105. Czy tych, kt\u00f3rzy po przej\u0119ciu w\u0142adzy stosuj\u0105 jedyn\u0105 s\u0142uszn\u0105 polityk\u0119 wzgl\u0119dem destabilizuj\u0105cych dzia\u0142a\u0144 rz\u0105du Bia\u0142orusi, czyli po prostu chroni\u0105 granic\u0119, czy te\u017c tych, kt\u00f3rzy apeluj\u0105c do hase\u0142 humanitaryzmu itp. pomagaj\u0105 A.\u0141ukaszence realizowa\u0107 jego polityk\u0119.<\/p>\n\n\n\n<p>Co wi\u0119c gorsze? Ob\u0142uda czy g\u0142upota?<\/p>\n\n\n\n<p>To jest to, co zawsze podkre\u015blamy, gdy chodzi o \u015brodowiska nieprawicowe, a co funkcjonowa\u0142o w najgorszych czasach leninizmu i stalinizmu w ZSRR. <\/p>\n\n\n\n<p>Te nasze elYty potrafi\u0105 z dnia na dzie\u0144 g\u0142osi\u0107 ca\u0142kowicie przeciwstawne has\u0142a, za ka\u017cdym razem jednak tak, jakby by\u0142y one odwieczne i niezmienne.<\/p>\n\n\n\n<p>Teraz nagle m\u00f3wi\u0105 o tym, \u017ce imigranci powinni przede wszystkim szanowa\u0107 prawa kraju do kt\u00f3rego przybywaj\u0105. <\/p>\n\n\n\n<p>O\u015bwieci\u0142o Was nagle &#8222;geniusze&#8221;?<\/p>\n\n\n\n<p>Przecie\u017c REALI\u015aCI imigracyjni m\u00f3wi\u0105 o tym &#8222;OD ZAWSZE&#8221;.<\/p>\n\n\n\n<p>Zabawne, \u017ce w reakcji na s\u0142owa D.Tuska i Sienkiewicza &#8222;post\u0119powcy imigracyjni&#8221; nie twierdz\u0105, i\u017c wspomniani panowie m\u00f3wi\u0105 nieprawd\u0119. Ich krytyka opiera si\u0119 na tym, \u017ce m\u00f3wi\u0105 co innego, ni\u017c wcze\u015bniej, cho\u0107 ci bardziej m\u00f3zgowi i rozumiej\u0105cy o co toczy si\u0119 gra podkre\u015blaj\u0105, i\u017c Tusk ju\u017c w kampanii by\u0142 imigracyjnosceptyczny. <\/p>\n\n\n\n<p>O co za\u015b toczy si\u0119 gra? Mianowicie o to, \u017ce je\u015bli PiS powr\u00f3ci do w\u0142adzy, a wszystko zmierza w tym kierunku, to zaora ten tzw. &#8222;\u015bwiat post\u0119powy&#8221;, a w zasadzie wypaczony. <\/p>\n\n\n\n<p>Nie maj\u0105 wi\u0119c oni wyj\u015bcia i musz\u0105 popiera\u0107 Tuska, nawet je\u015bli wi\u0105\u017ce si\u0119 to z g\u0142oszeniem g\u0142upot wszelakich, co przecie\u017c uprawiaj\u0105 od lat. <\/p>\n\n\n\n<p><\/p>\n\n\n\n<p><\/p>\n<p class=\"bawpvc-ajax-counter\" data-id=\"3302\"><\/p>","protected":false},"excerpt":{"rendered":"<p>Jak zwykle. Tworzy si\u0119 wielopi\u0119trowe konstrukcje w temacie imigrant\u00f3w, mniejszo\u015bci <a class=\"more-link\" href=\"https:\/\/oko.pres-24.pl\/?p=3302\">Czytaj dalej \u2192<\/a><\/p>\n","protected":false},"author":1,"featured_media":0,"comment_status":"open","ping_status":"closed","sticky":false,"template":"","format":"standard","meta":{"footnotes":""},"categories":[1],"tags":[],"class_list":["post-3302","post","type-post","status-publish","format-standard","hentry","category-uncategorized"],"aioseo_notices":[],"_links":{"self":[{"href":"https:\/\/oko.pres-24.pl\/index.php?rest_route=\/wp\/v2\/posts\/3302","targetHints":{"allow":["GET"]}}],"collection":[{"href":"https:\/\/oko.pres-24.pl\/index.php?rest_route=\/wp\/v2\/posts"}],"about":[{"href":"https:\/\/oko.pres-24.pl\/index.php?rest_route=\/wp\/v2\/types\/post"}],"author":[{"embeddable":true,"href":"https:\/\/oko.pres-24.pl\/index.php?rest_route=\/wp\/v2\/users\/1"}],"replies":[{"embeddable":true,"href":"https:\/\/oko.pres-24.pl\/index.php?rest_route=%2Fwp%2Fv2%2Fcomments&post=3302"}],"version-history":[{"count":5,"href":"https:\/\/oko.pres-24.pl\/index.php?rest_route=\/wp\/v2\/posts\/3302\/revisions"}],"predecessor-version":[{"id":3319,"href":"https:\/\/oko.pres-24.pl\/index.php?rest_route=\/wp\/v2\/posts\/3302\/revisions\/3319"}],"wp:attachment":[{"href":"https:\/\/oko.pres-24.pl\/index.php?rest_route=%2Fwp%2Fv2%2Fmedia&parent=3302"}],"wp:term":[{"taxonomy":"category","embeddable":true,"href":"https:\/\/oko.pres-24.pl\/index.php?rest_route=%2Fwp%2Fv2%2Fcategories&post=3302"},{"taxonomy":"post_tag","embeddable":true,"href":"https:\/\/oko.pres-24.pl\/index.php?rest_route=%2Fwp%2Fv2%2Ftags&post=3302"}],"curies":[{"name":"wp","href":"https:\/\/api.w.org\/{rel}","templated":true}]}}