{"id":3292,"date":"2024-10-13T08:47:51","date_gmt":"2024-10-13T07:47:51","guid":{"rendered":"https:\/\/oko.pres-24.pl\/?p=3292"},"modified":"2024-10-22T05:30:42","modified_gmt":"2024-10-22T04:30:42","slug":"co-tam-slychac-w-tok-fm-cz-1","status":"publish","type":"post","link":"https:\/\/oko.pres-24.pl\/?p=3292","title":{"rendered":"Co tam s\u0142ycha\u0107 w TOK FM? Cz. 1."},"content":{"rendered":"\n<p>Planowali\u015bmy ten wpis gdy wr\u00f3ci\u0142a &#8222;na fale&#8221; radiostacji Pani Karolina G\u0142owacka. Odda\u0142a Pani Redaktor naturze, co naturze si\u0119 nale\u017cy i akurat na tych genach ludzko\u015b\u0107 tylko zyska. Mamy jedynie nadziej\u0119, \u017ce umi\u0142owanie nauk, w tym \u015bcis\u0142ych, co jest raczej wyj\u0105tkiem w\u015br\u00f3d p\u0142ci pi\u0119knej, nie przek\u0142ada si\u0119 na stosowanie przez Pani\u0105 Karolin\u0119 &#8222;mONdrych&#8221; ksi\u0105\u017cek w wychowaniu dziecka.<\/p>\n\n\n\n<p>Znamy kilka takich smutnych przypadk\u00f3w. Pedagog\u00f3w-pasjonat\u00f3w, oczytanych w r\u00f3\u017cnych koncepcjach zwi\u0105zanych z wychowaniem dziecka i co gorsza stosuj\u0105cych je na w\u0142asnych potomkach. Absolutnie w ka\u017cdym przypadku przynios\u0142o to efekty odwrotne od zamierzonych. Oczywi\u015bcie ich \u017cycie rodzinne w mediach spo\u0142eczno\u015bciowych to sielanka.<\/p>\n\n\n\n<p>Skupi\u0142a si\u0119 Pani Karolina na naukowych podcastach i s\u0105 one w porz\u0105dku. <\/p>\n\n\n\n<p>Niestety brak w nich tej nuty &#8222;szale\u0144stwa&#8221;, kt\u00f3r\u0105 w swoje rozmowy tak fajnie wplata Pan Cezary \u0141asiczka, niemniej z racji na og\u00f3lnie poj\u0119t\u0105 &#8222;klas\u0119&#8221; Pani Karoliny, warto ich pos\u0142ucha\u0107.<\/p>\n\n\n\n<p>Nie raz zastanawiali\u015bmy si\u0119, jak kto\u015b z takim szacunkiem dla nauki znosi s\u0105siedztwo w tej samej stacji, os\u00f3b wyg\u0142aszaj\u0105cych tezy podwa\u017caj\u0105ce fundamenty nauk przyrodniczych. <\/p>\n\n\n\n<p>Smutkiem przy tym ogarnia\u0142 nas fakt (ach jak literacko napisane), i\u017c Pani Karolina trzyma si\u0119 wy\u0142\u0105cznie bezpiecznych rewir\u00f3w. Szkoda. \u0141atwo jest stwierdzi\u0107, i\u017c kto\u015b jest g\u0142upi (do takiej dos\u0142owno\u015bci si\u0119 oczywi\u015bcie nie posuwa\u0142a). By jednak zmierzy\u0107 si\u0119 z argumentami owego &#8222;g\u0142upka&#8221; trzeba mie\u0107 &#8222;to co\u015b&#8221;.<\/p>\n\n\n\n<p>Tak wi\u0119c Pani Karolina odesz\u0142a na swoje, a co ciekawsze, cho\u0107 umieszczone na dok\u0142adnie przeciwnym biegunie, ujmijmy to&#8230; intelektualnym, r\u00f3wnie\u017c Pan Piotr Ma\u015blak znikn\u0105\u0142 z &#8222;eteru&#8221;.<\/p>\n\n\n\n<p>Awansowa\u0142 do TVP i jest to jeden z tych licznych przyk\u0142ad\u00f3w (obok np. prof. Leszczy\u0144skiego i Pana Wro\u0144skiego), gdy wierno\u015b\u0107 w latach chudych przynosi korzy\u015bci po zmianie w\u0142adzy. Wierno\u015b\u0107 w powy\u017cszych przypadkach jak najbardziej s\u0142usznie rymuje si\u0119 z mierno\u015b\u0107, cho\u0107 wiadomo, kto jest poza skal\u0105&#8230;<\/p>\n\n\n\n<p>To zapewne koniec naszej znajomo\u015bci z Panem Ma\u015blakiem, gdy\u017c telewizji nie ogl\u0105damy i ogl\u0105da\u0107 nie zamierzamy.<\/p>\n\n\n\n<p>Przy okazji. <\/p>\n\n\n\n<p>Zanim Pan Ma\u015blak po\u017cegna\u0142 si\u0119 z TOK FM, jedna &#8222;rzecz&#8221; mu si\u0119 uda\u0142a. Ta &#8222;rzecz&#8221; (bez obrazy prosimy), nazywa si\u0119 dr Miros\u0142aw Oczko\u015b. Czy kto\u015b wiedzia\u0142 wcze\u015bniej o jego istnieniu? <\/p>\n\n\n\n<p>Przedstawi\u0142 go \u015bwiatu Pan Piotr i oto teraz jest obecny wsz\u0119dzie i&#8230; c\u00f3\u017c&#8230; je\u015bli nie przeszed\u0142 jakiej\u015b cudownej metamorfozy, to warto tego pana s\u0142ucha\u0107 w r\u00f3wnym stopniu, co podczas audycji z Panem Piotrem.<\/p>\n\n\n\n<p>Jako sztylet wbity w m\u00f3zg odbieramy upadek Pana \u0141asiczki. <\/p>\n\n\n\n<p>Dwukrotnie wcze\u015bniej nam podpad\u0142, co by\u0142o nieistotne na przestrzeni lat. Jednak do trzech razy sztuka&#8230;<\/p>\n\n\n\n<p>Za pierwszym razem zirytowali\u015bmy si\u0119, gdy uda\u0142 si\u0119 do domu jakiego\u015b grajka, przeprowadzi\u0107 z nim wywiad. Niemal s\u0142ycha\u0107 by\u0142o jak zadaj\u0105c pytania, wali czo\u0142em w pod\u0142og\u0119.<\/p>\n\n\n\n<p>Nie ogarniamy, sk\u0105d to przekonanie, \u017ce arty\u015bci s\u0105 jakimi\u015b autorytetami w innych dziedzinach, ni\u017c sztuka, kt\u00f3r\u0105 si\u0119 paraj\u0105. <\/p>\n\n\n\n<p>Strasznie sponiewiera\u0142 swego czasu Pan Cezary jakiego\u015b m\u0142odego naukowca, kt\u00f3rego natura nie obdarzy\u0142a dystansem do samego siebie, a tu jakiemu\u015b grajkowi sk\u0142ada ho\u0142dy.<\/p>\n\n\n\n<p>Ech&#8230;<\/p>\n\n\n\n<p>Druga porcja \u017cenady, to audycja po\u015bwi\u0119cona domniemanej rzezi chrze\u015bcijan w Etiopii.<\/p>\n\n\n\n<p>C\u00f3\u017c.. odbieramy t\u0119 audycj\u0119 personalnie, gdy\u017c Pan \u0141asiczka z samozadowoleniem w g\u0142osie podsumowa\u0142 rozmow\u0119, z kt\u00f3rej wynika\u0142o, i\u017c masakra mo\u017ce by\u0142a, a mo\u017ce jej nie by\u0142o, i\u017c: &#8222;Niekt\u00f3rzy powinni si\u0119 zastanowi\u0107 zanim co\u015b napisz\u0105.&#8221; (Cyt. z pami\u0119ci).<\/p>\n\n\n\n<p>S\u0142owa te nie odnosi\u0142y si\u0119 do wypowiedzi pos\u0142anki lewicy, M.Prokop-Paczkowskiej &#8222;Po co si\u0119 tam pchali&#8221;, a powinny. <\/p>\n\n\n\n<p>Wierzy\u0107 nam si\u0119 nie chce, \u017ce inteligentny Pan \u0141asiczka nie &#8222;skuma\u0142&#8221;, \u017ce \u017cenad\u0105 w ca\u0142ej tej historii nie by\u0142o powielanie potencjalnie nieprawdziwego faktu, ale odniesienie si\u0119 do niego w spos\u00f3b obna\u017caj\u0105cy w\u0142asn\u0105 niewiedz\u0119. <\/p>\n\n\n\n<p>Etiopia to jedno kilku pa\u0144stw, o najstarszych chrze\u015bcija\u0144skich tradycjach.<\/p>\n\n\n\n<p>Nawet nie chcia\u0142o si\u0119 tej \u017ca\u0142osnej Pani P.-P. w Internecie sprawdzi\u0107&#8230;<\/p>\n\n\n\n<p>Nieustannie nas przera\u017ca, jak ogromne braki, og\u00f3lnie m\u00f3wi\u0105c, w potencjale umys\u0142owym, posiada polska lewica.<\/p>\n\n\n\n<p>To si\u0119 chyba sta\u0142o jakim\u015b kryterium przyj\u0119cia.<\/p>\n\n\n\n<p>Ostateczny, niestety, upadek Pana \u0141asiczki, to dwie audycje o CPK.<\/p>\n\n\n\n<p>Ale\u017c to by\u0142a \u017cenada i \u015bmiemy twierdzi\u0107, \u017ce Pan Cezary ma tego \u015bwiadomo\u015b\u0107. <\/p>\n\n\n\n<p>Pierwsza audycja: jaki\u015b &#8222;expert&#8221; rozprawia\u0142 si\u0119 w niej z koncepcj\u0105 budowy CPK.<\/p>\n\n\n\n<p>Pan \u0141asiczka&#8230; hmmm&#8230; co w\u0142a\u015bciwie robi, czy raczej czego nie robi&#8230;<\/p>\n\n\n\n<p>Nie zadaje konstruktywnych pyta\u0144. Nawet nie, \u017ce niewygodnych. Po prostu nie robi tego, co zwykle robi.<\/p>\n\n\n\n<p>Dopiero pod sam koniec pojawia si\u0119 zagadnienie &#8222;A gdyby wprowadzi\u0107 postulowane zmiany, czy wtedy CPK mia\u0142by sens?&#8221;, na co go\u015b\u0107 odpowiada, \u017ce &#8222;Nie o tym jest rozmowa&#8221;. (Obydwa cytaty z pami\u0119ci).<\/p>\n\n\n\n<p>Kolejna audycja z t\u0105 sam\u0105 person\u0105. <\/p>\n\n\n\n<p>JEDNO!<\/p>\n\n\n\n<p>Pan \u0141asiczka zadaje dos\u0142ownie JEDNO niewygodne pytanie, oczywiste w kontek\u015bcie CPK od samego zarania tej koncepcji. &#8222;Co z cargo?&#8221;<\/p>\n\n\n\n<p>&#8222;Expert&#8221; expertuje, Pan \u0141asiczka nie dr\u0105\u017cy. <\/p>\n\n\n\n<p>Strasznie si\u0119 Pan, Panie \u0141asiczko, nierasowo spieskowa\u0142 t\u0105 audycj\u0105. <\/p>\n\n\n\n<p>To wygl\u0105da\u0142o jak program na zam\u00f3wienie, tylko&#8230; strasznie degraduj\u0105co intelektualnie to wysz\u0142o.<\/p>\n\n\n\n<p>I po prostu nieuczciwie, ale to w\u0142a\u015bnie to, o czym pisali\u015bmy. <\/p>\n\n\n\n<p>Lewica nie odnosi si\u0119 do niewygodnych fakt\u00f3w. Ona o nich nie wspomina.<\/p>\n\n\n\n<p>Wystarczy\u0142oby obejrze\u0107 w sieci audycje Pana Macieja Wilka (jeste\u015bmy pewni, \u017ce Pan Cezary to zrobi\u0142) i w rozmowie z \u017cenuj\u0105cym &#8222;expertem&#8221; powt\u00f3rzy\u0107 argumenty czo\u0142owego, jak s\u0105dzimy, zwolennika CPK.<\/p>\n\n\n\n<p>To by by\u0142o uczciwe i z ch\u0119ci\u0105 sami wys\u0142uchaliby\u015bmy rzeczowej krytyki.<\/p>\n\n\n\n<p>Ba! Nie ma problemu, by\u015bmy zmienili nasze przychylne zdanie wzgl\u0119dem CPK. Potrzebujemy do tego jednak argument\u00f3w, a najlepszymi by\u0142yby punkt po punkcie obalone tezy Pana Macieja Wilka.<\/p>\n\n\n\n<p>Szkoda, Panie Cezary, szkoda. <\/p>\n\n\n\n<p>C.D.N.<\/p>\n\n\n\n<p><\/p>\n<p class=\"bawpvc-ajax-counter\" data-id=\"3292\"><\/p>","protected":false},"excerpt":{"rendered":"<p>Planowali\u015bmy ten wpis gdy wr\u00f3ci\u0142a &#8222;na fale&#8221; radiostacji Pani Karolina <a class=\"more-link\" href=\"https:\/\/oko.pres-24.pl\/?p=3292\">Czytaj dalej \u2192<\/a><\/p>\n","protected":false},"author":1,"featured_media":0,"comment_status":"open","ping_status":"closed","sticky":false,"template":"","format":"standard","meta":{"footnotes":""},"categories":[1],"tags":[],"class_list":["post-3292","post","type-post","status-publish","format-standard","hentry","category-uncategorized"],"aioseo_notices":[],"_links":{"self":[{"href":"https:\/\/oko.pres-24.pl\/index.php?rest_route=\/wp\/v2\/posts\/3292","targetHints":{"allow":["GET"]}}],"collection":[{"href":"https:\/\/oko.pres-24.pl\/index.php?rest_route=\/wp\/v2\/posts"}],"about":[{"href":"https:\/\/oko.pres-24.pl\/index.php?rest_route=\/wp\/v2\/types\/post"}],"author":[{"embeddable":true,"href":"https:\/\/oko.pres-24.pl\/index.php?rest_route=\/wp\/v2\/users\/1"}],"replies":[{"embeddable":true,"href":"https:\/\/oko.pres-24.pl\/index.php?rest_route=%2Fwp%2Fv2%2Fcomments&post=3292"}],"version-history":[{"count":3,"href":"https:\/\/oko.pres-24.pl\/index.php?rest_route=\/wp\/v2\/posts\/3292\/revisions"}],"predecessor-version":[{"id":3297,"href":"https:\/\/oko.pres-24.pl\/index.php?rest_route=\/wp\/v2\/posts\/3292\/revisions\/3297"}],"wp:attachment":[{"href":"https:\/\/oko.pres-24.pl\/index.php?rest_route=%2Fwp%2Fv2%2Fmedia&parent=3292"}],"wp:term":[{"taxonomy":"category","embeddable":true,"href":"https:\/\/oko.pres-24.pl\/index.php?rest_route=%2Fwp%2Fv2%2Fcategories&post=3292"},{"taxonomy":"post_tag","embeddable":true,"href":"https:\/\/oko.pres-24.pl\/index.php?rest_route=%2Fwp%2Fv2%2Ftags&post=3292"}],"curies":[{"name":"wp","href":"https:\/\/api.w.org\/{rel}","templated":true}]}}