{"id":3264,"date":"2024-08-31T04:50:17","date_gmt":"2024-08-31T03:50:17","guid":{"rendered":"https:\/\/oko.pres-24.pl\/?p=3264"},"modified":"2024-10-13T13:01:21","modified_gmt":"2024-10-13T12:01:21","slug":"o-niemieckich-reparacjach-z-okazji-oddzielnych-obchodow-wybuchu-wojny","status":"publish","type":"post","link":"https:\/\/oko.pres-24.pl\/?p=3264","title":{"rendered":"O niemieckich reparacjach z okazji oddzielnych obchod\u00f3w wybuchu wojny."},"content":{"rendered":"\n<p>Pod wp\u0142ywem uroczego newsa o &#8222;niewsp\u00f3lnym&#8221; upami\u0119tnieniu wybuchu II Wojny \u015awiatowej, pozwolimy sobie przypomnie\u0107, dlaczego jest w naszym interesie m\u00f3wi\u0107, wo\u0142a\u0107 i krzycze\u0107 jak tylko cz\u0119sto i g\u0142o\u015bno si\u0119 da, o zbrodniach pope\u0142nionych przez naszych zachodnich s\u0105siad\u00f3w na polskich ziemiach. <\/p>\n\n\n\n<p>Kluczowa jest przy tym kwestia, by domaga\u0107 si\u0119 reparacji za ich tutejsz\u0105 &#8222;dzia\u0142alno\u015b\u0107&#8221;, nawet je\u015bli nie ma na to wi\u0119kszych szans.<\/p>\n\n\n\n<figure class=\"wp-block-image size-full\"><img loading=\"lazy\" decoding=\"async\" width=\"806\" height=\"740\" src=\"https:\/\/oko.pres-24.pl\/wp-content\/uploads\/2024\/08\/obraz-4.png\" alt=\"\" class=\"wp-image-3265\" srcset=\"https:\/\/oko.pres-24.pl\/wp-content\/uploads\/2024\/08\/obraz-4.png 806w, https:\/\/oko.pres-24.pl\/wp-content\/uploads\/2024\/08\/obraz-4-300x275.png 300w, https:\/\/oko.pres-24.pl\/wp-content\/uploads\/2024\/08\/obraz-4-768x705.png 768w\" sizes=\"auto, (max-width: 806px) 100vw, 806px\" \/><\/figure>\n\n\n\n<p>\u017ar\u00f3d\u0142o fot: Onet.pl<\/p>\n\n\n\n<p>Ju\u017c nawet w mediach, tradycyjnie udowadniaj\u0105cych jak to Polacy s\u0105 gorszym narodem ni\u017c inne, mo\u017cna by\u0142o us\u0142ysze\u0107, i\u017c znajomo\u015b\u0107 niemieckich zbrodni pope\u0142nianych na Polakach w czasie wojny jest znikoma.<\/p>\n\n\n\n<p>Z punktu widzenia Niemiec, to bardzo praktyczna postawa, gdy\u017c nie jest w ich interesie czu\u0107 si\u0119 zobowi\u0105zanym wobec bezpo\u015bredniego s\u0105siada, konkurenta na wielu p\u0142aszczyznach, w dodatku z potencjalnym sporem terytorialnym do od\u015bwie\u017cenia.<\/p>\n\n\n\n<p>Na \u015bwiecie sprawa nie wygl\u0105da lepiej, czego smutnym dowodem s\u0105 powracaj\u0105ce nieporozumienia zwi\u0105zane z myleniem zrywu w getcie z powstaniem warszawskim.<\/p>\n\n\n\n<p>Konieczno\u015b\u0107 podnoszenia kwestii reparacji najlepiej wyka\u017ce zestawienie dw\u00f3ch poni\u017cszych zda\u0144:<\/p>\n\n\n\n<ol class=\"wp-block-list\">\n<li>Niemcy dopuszczali si\u0119 zbrodni na terenie Rzeczypospolitej. Powinni zado\u015b\u0107uczyni\u0107 za dokonane tu zniszczenia.<\/li>\n\n\n\n<li>Domagamy si\u0119 reparacji od Niemiec, za zniszczenia dokonane na terytorium Rzeczypospolitej.<\/li>\n<\/ol>\n\n\n\n<p>Rozumiecie Pa\u0144stwo r\u00f3\u017cnic\u0119?<\/p>\n\n\n\n<p>Pierwsze zdanie nie ma si\u0142y, drugie zmusza do reakcji, a jaka mo\u017ce by\u0107 na tak postawione \u017c\u0105danie reakcja?<\/p>\n\n\n\n<p>Przecie\u017c nie zaprzecz\u0105 Niemcy swoim zbrodniom. <\/p>\n\n\n\n<p>Za ka\u017cdym wi\u0119c razem, gdy na szersze wody wyp\u0142ywa kwestia odszkodowa\u0144, kanclerz b\u0105d\u017a prezydent RFN publicznie przyznaje, i\u017c owszem, byli \u017ali i be i fuj, ale kwestia reparacji jest zamkni\u0119ta. <\/p>\n\n\n\n<p>I to jest w\u0142a\u015bnie pow\u00f3d, dla kt\u00f3rego podnoszenie kwestii reparacji le\u017cy w interesie Rzeczypospolitej. <\/p>\n\n\n\n<p>Ka\u017cda taka wypowied\u017a niemieckich w\u0142adz to nasze ma\u0142e zwyci\u0119stwo. <\/p>\n\n\n\n<p>Przecie\u017c Polska, kraj funkcjonuj\u0105cy przez stulecia z ogromn\u0105 mniejszo\u015bci\u0105 \u017cydowsk\u0105, ma w \u015bwiecie opini\u0119 centrum antysemityzmu, wr\u0119cz sojusznika w Holokau\u015bcie. <\/p>\n\n\n\n<p>Jak zwykle w tym miejscu uk\u0142on si\u0119 nale\u017cy tabunom naszych rodzimych idiot\u00f3w, nieustaj\u0105cych w wysi\u0142kach, by umocni\u0107 przytoczon\u0105 powy\u017cej opini\u0119. <\/p>\n\n\n\n<p>Podsumowuj\u0105c. <\/p>\n\n\n\n<p>Wypowiedzi, wymuszone, niemieckich polityk\u00f3w i historyk\u00f3w, w kt\u00f3rych przyznaj\u0105, i\u017c brzydko si\u0119 na naszych ziemiach prowadzili, kieruj\u0105 oni na nasze podw\u00f3rko, nie niemieckie.<\/p>\n\n\n\n<p>Zawsze jest jednak szansa, i\u017c da si\u0119 je wybi\u0107 na szersze, mi\u0119dzynarodowe wody opinii publicznej. <\/p>\n\n\n\n<p>I w\u0142a\u015bnie z tego wzgl\u0119du temat ten powinien nieustannie powraca\u0107.<\/p>\n\n\n\n<p>ps.<\/p>\n\n\n\n<p>Przy okazji przypominamy, jak przed kilku laty, J.Kaczy\u0144ski zaora\u0142 nasze &#8222;intelekty&#8221; dziennikarskie i inne takie w kwestii reparacji. Po dw\u00f3ch dniach na\u015bmiewania si\u0119 z prezesa, jakie g\u0142upoty gada, wszyscy zacz\u0119li przyznawa\u0107 mu racj\u0119, w\u0142\u0105cznie z opozycyjnymi w\u00f3wczas liderami.<\/p>\n\n\n\n<p>Nie raz si\u0119 zastanawiamy, czy nie nachodzi was (tzw. dziennikarze i komentatorzy z tytu\u0142ami wszelakimi) czasem refleksja, jak bardzo wasze przekonanie o w\u0142asnych walorach intelektualnych jest przeszacowane. <\/p>\n\n\n\n<p>Wypracowali\u015bmy sobie nawet pewn\u0105 wizj\u0119 waszego zajebistoumacniania. <\/p>\n\n\n\n<p>Siedzicie sobie we w\u0142asnym gronie i za ka\u017cdym razem, gdy ob\u015bmiali\u015bcie ju\u017c J.K., a tu nagle okazuje si\u0119, \u017ce opiera\u0142 si\u0119 on na faktach, wy poklepujecie si\u0119 po pleckach m\u00f3wi\u0105c do siebie: &#8222;Nie przejmuj si\u0119, jeste\u015b m\u0105dry, a on jest g\u0142upi&#8221;. <\/p>\n\n\n\n<p>I tak trwacie. I p\u0142ac\u0105 wam za to.<\/p>\n\n\n\n<p>Niesamowite.<\/p>\n\n\n\n<p><\/p>\n<p class=\"bawpvc-ajax-counter\" data-id=\"3264\"><\/p>","protected":false},"excerpt":{"rendered":"<p>Pod wp\u0142ywem uroczego newsa o &#8222;niewsp\u00f3lnym&#8221; upami\u0119tnieniu wybuchu II Wojny <a class=\"more-link\" href=\"https:\/\/oko.pres-24.pl\/?p=3264\">Czytaj dalej \u2192<\/a><\/p>\n","protected":false},"author":1,"featured_media":0,"comment_status":"open","ping_status":"closed","sticky":false,"template":"","format":"standard","meta":{"footnotes":""},"categories":[1],"tags":[],"class_list":["post-3264","post","type-post","status-publish","format-standard","hentry","category-uncategorized"],"aioseo_notices":[],"_links":{"self":[{"href":"https:\/\/oko.pres-24.pl\/index.php?rest_route=\/wp\/v2\/posts\/3264","targetHints":{"allow":["GET"]}}],"collection":[{"href":"https:\/\/oko.pres-24.pl\/index.php?rest_route=\/wp\/v2\/posts"}],"about":[{"href":"https:\/\/oko.pres-24.pl\/index.php?rest_route=\/wp\/v2\/types\/post"}],"author":[{"embeddable":true,"href":"https:\/\/oko.pres-24.pl\/index.php?rest_route=\/wp\/v2\/users\/1"}],"replies":[{"embeddable":true,"href":"https:\/\/oko.pres-24.pl\/index.php?rest_route=%2Fwp%2Fv2%2Fcomments&post=3264"}],"version-history":[{"count":3,"href":"https:\/\/oko.pres-24.pl\/index.php?rest_route=\/wp\/v2\/posts\/3264\/revisions"}],"predecessor-version":[{"id":3299,"href":"https:\/\/oko.pres-24.pl\/index.php?rest_route=\/wp\/v2\/posts\/3264\/revisions\/3299"}],"wp:attachment":[{"href":"https:\/\/oko.pres-24.pl\/index.php?rest_route=%2Fwp%2Fv2%2Fmedia&parent=3264"}],"wp:term":[{"taxonomy":"category","embeddable":true,"href":"https:\/\/oko.pres-24.pl\/index.php?rest_route=%2Fwp%2Fv2%2Fcategories&post=3264"},{"taxonomy":"post_tag","embeddable":true,"href":"https:\/\/oko.pres-24.pl\/index.php?rest_route=%2Fwp%2Fv2%2Ftags&post=3264"}],"curies":[{"name":"wp","href":"https:\/\/api.w.org\/{rel}","templated":true}]}}