{"id":3252,"date":"2024-08-16T13:23:34","date_gmt":"2024-08-16T12:23:34","guid":{"rendered":"https:\/\/oko.pres-24.pl\/?p=3252"},"modified":"2024-09-21T05:18:29","modified_gmt":"2024-09-21T04:18:29","slug":"onet-pl-ech-onecie-naprawde-nadal-nas-zadziwiasz-ze-mozna-jeszcze-nizej-pierdyknac","status":"publish","type":"post","link":"https:\/\/oko.pres-24.pl\/?p=3252","title":{"rendered":"(ONET.pl) Ech onecie, naprawd\u0119. Nadal nas zadziwiasz, \u017ce mo\u017cna jeszcze ni\u017cej pierdykn\u0105\u0107&#8230;[Aktualizacja 21.09.2024]"},"content":{"rendered":"\n<p>Nie wchodzimy na razie w temat kontrowersyjnych os\u00f3b sportowych z paryskiej olimpiady. <\/p>\n\n\n\n<p>Ten obrazek jednak tak nas wymi\u00f3t\u0142, \u017ce musimy skomentowa\u0107. <\/p>\n\n\n\n<p>Screen z Onet.pl. 16.08.2024 r.<\/p>\n\n\n\n<figure class=\"wp-block-image size-full\"><img loading=\"lazy\" decoding=\"async\" width=\"1021\" height=\"1008\" src=\"https:\/\/oko.pres-24.pl\/wp-content\/uploads\/2024\/08\/obraz-3.png\" alt=\"\" class=\"wp-image-3253\" srcset=\"https:\/\/oko.pres-24.pl\/wp-content\/uploads\/2024\/08\/obraz-3.png 1021w, https:\/\/oko.pres-24.pl\/wp-content\/uploads\/2024\/08\/obraz-3-300x296.png 300w, https:\/\/oko.pres-24.pl\/wp-content\/uploads\/2024\/08\/obraz-3-768x758.png 768w\" sizes=\"auto, (max-width: 1021px) 100vw, 1021px\" \/><\/figure>\n\n\n\n<p><\/p>\n\n\n\n<p>Redaktor tego &#8222;newsa&#8221; powinien niezw\u0142ocznie uda\u0107 si\u0119 do okulisty.<\/p>\n\n\n\n<p>&#8222;Kobieca&#8221; wersja tej osoby ma filtry chyba na megamaxa nastawione. <\/p>\n\n\n\n<p>Zapewne &#8222;osoba redaktorska&#8221;, kt\u00f3ra stworzy\u0142a ten wpis, nale\u017cy do pewnego, specyficznego rodzaju ludzi. Nak\u0142adaj\u0105 oni milion filtr\u00f3w na swoje fotki, po czym wrzucaj\u0105 je w media spo\u0142eczno\u015bciowe wierz\u0105c, i\u017c w realu wygl\u0105daj\u0105 tak, jak na owych&#8230; hmmm&#8230; &#8222;obrazkach&#8221;. <\/p>\n\n\n\n<p>Cytuj\u0105c Tyriona z &#8222;Gry o tron&#8221;: &#8222;Nie zapomnij kim jeste\u015b, gdy\u017c ludzie nie zapomn\u0105.&#8221;<\/p>\n\n\n\n<p>[Aktualizacja 21.09.2024 r.,]<\/p>\n\n\n\n<p>Dopiszemy tutaj, by nie robi\u0107 kolejnego wpisu. <\/p>\n\n\n\n<p>Ot\u00f3\u017c zaatakowa\u0142 nas przed chwil\u0105 na Onecie taki tytu\u0142: <\/p>\n\n\n\n<figure class=\"wp-block-image size-full\"><img loading=\"lazy\" decoding=\"async\" width=\"313\" height=\"279\" src=\"https:\/\/oko.pres-24.pl\/wp-content\/uploads\/2024\/08\/obraz-5.png\" alt=\"\" class=\"wp-image-3274\" srcset=\"https:\/\/oko.pres-24.pl\/wp-content\/uploads\/2024\/08\/obraz-5.png 313w, https:\/\/oko.pres-24.pl\/wp-content\/uploads\/2024\/08\/obraz-5-300x267.png 300w\" sizes=\"auto, (max-width: 313px) 100vw, 313px\" \/><\/figure>\n\n\n\n<p>Szanowny idioto, autorze wpisu&#8230; Kilka dni temu m\u00f3wi\u0142 o tym Pan Mazurek na Kanale Zero. Wczoraj wspomina\u0142 o tym Pan Menzen w swoim podka\u015bcie i na pewno jeszcze z co najmniej jednego \u017ar\u00f3d\u0142a s\u0142yszeli\u015bmy o dzia\u0142aniach Pani Zalewskiej. <\/p>\n\n\n\n<p>Szanowny, niepodpisany pajacu. Pisanie takich rzeczy to prostytuowanie si\u0119 no ale c\u00f3\u017c&#8230; czy jedynie s\u0142uszne media robi\u0105 co\u015b innego. <\/p>\n\n\n\n<p>To jedna z tych tak strasznie przera\u017caj\u0105cych nas rzeczy, \u017ce ta z\u0142\u0105, paskudna i jak j\u0105 tam jeszcze chcecie nazwa\u0107 &#8211; prawica, podaje fakty, m\u00f3wi po prostu jak jest, a Wy&#8230; post\u0119powi itp. ci\u0105gle k\u0142amiecie i manipulujecie. <\/p>\n\n\n\n<p>W kontek\u015bcie zatrudniania takich b\u0119cwa\u0142\u00f3w w Onecie, cz\u0119sto zreszt\u0105 nie potrafi\u0105cych pisa\u0107 poprawn\u0105 polszczyzn\u0105, nie mamy specjalnych pretensji wobec znanego celebryty Pana Bartosza W\u0119glarczyka, jednak Pan Andrzej Stankiewicz jaki\u015b poziom prezentuje i pomimo ci\u0105g\u0142ego filozoficznego podpierania swej brody, m\u00f3g\u0142by co\u015b zrobi\u0107 dla podniesienia jako\u015bci portalu w kt\u00f3rym odgrywa istotn\u0105 rol\u0119. <\/p>\n\n\n\n<p>Piek\u0142o zdaje si\u0119 jednak powoli zamarza\u0107. <\/p>\n\n\n\n<p>W ostatnim Newsweeku (16-22.09.2024) zmaterializowa\u0142 si\u0119 artyku\u0142 o gangach w Szwecji, z\u0142o\u017conych g\u0142\u00f3wnie z nastoletnich imigrant\u00f3w. Wspomniano te\u017c o s\u0142ynnych &#8222;zamkni\u0119tych&#8221; dzielnicach i generalnie o wszystkim tym, o czy ludzie wyzywani od &#8222;oszo\u0142om\u00f3w&#8221; itp, m\u00f3wi\u0105 od lat. <\/p>\n\n\n\n<p>Opisuj\u0105c postaw\u0119 w\u0142adz Szwecji i terroru &#8222;politycznej poprawno\u015bci&#8221;, Newsweek zobrazowa\u0142 1 do 1 swoje \u015brodowisko. Ciekawe, \u017ce nie da\u0142o si\u0119 w owym artykule wyczu\u0107 \u015bwiadomo\u015bci tego faktu.<\/p>\n\n\n\n<p><\/p>\n<p class=\"bawpvc-ajax-counter\" data-id=\"3252\"><\/p>","protected":false},"excerpt":{"rendered":"<p>Nie wchodzimy na razie w temat kontrowersyjnych os\u00f3b sportowych z <a class=\"more-link\" href=\"https:\/\/oko.pres-24.pl\/?p=3252\">Czytaj dalej \u2192<\/a><\/p>\n","protected":false},"author":1,"featured_media":0,"comment_status":"open","ping_status":"closed","sticky":false,"template":"","format":"standard","meta":{"footnotes":""},"categories":[1],"tags":[],"class_list":["post-3252","post","type-post","status-publish","format-standard","hentry","category-uncategorized"],"aioseo_notices":[],"_links":{"self":[{"href":"https:\/\/oko.pres-24.pl\/index.php?rest_route=\/wp\/v2\/posts\/3252","targetHints":{"allow":["GET"]}}],"collection":[{"href":"https:\/\/oko.pres-24.pl\/index.php?rest_route=\/wp\/v2\/posts"}],"about":[{"href":"https:\/\/oko.pres-24.pl\/index.php?rest_route=\/wp\/v2\/types\/post"}],"author":[{"embeddable":true,"href":"https:\/\/oko.pres-24.pl\/index.php?rest_route=\/wp\/v2\/users\/1"}],"replies":[{"embeddable":true,"href":"https:\/\/oko.pres-24.pl\/index.php?rest_route=%2Fwp%2Fv2%2Fcomments&post=3252"}],"version-history":[{"count":4,"href":"https:\/\/oko.pres-24.pl\/index.php?rest_route=\/wp\/v2\/posts\/3252\/revisions"}],"predecessor-version":[{"id":3277,"href":"https:\/\/oko.pres-24.pl\/index.php?rest_route=\/wp\/v2\/posts\/3252\/revisions\/3277"}],"wp:attachment":[{"href":"https:\/\/oko.pres-24.pl\/index.php?rest_route=%2Fwp%2Fv2%2Fmedia&parent=3252"}],"wp:term":[{"taxonomy":"category","embeddable":true,"href":"https:\/\/oko.pres-24.pl\/index.php?rest_route=%2Fwp%2Fv2%2Fcategories&post=3252"},{"taxonomy":"post_tag","embeddable":true,"href":"https:\/\/oko.pres-24.pl\/index.php?rest_route=%2Fwp%2Fv2%2Ftags&post=3252"}],"curies":[{"name":"wp","href":"https:\/\/api.w.org\/{rel}","templated":true}]}}