{"id":3246,"date":"2024-08-15T15:55:39","date_gmt":"2024-08-15T14:55:39","guid":{"rendered":"https:\/\/oko.pres-24.pl\/?p=3246"},"modified":"2024-09-01T13:57:31","modified_gmt":"2024-09-01T12:57:31","slug":"pan-kalukin-takie-drobiazgi-ale-jak-to-wkurza-a-przy-okazji-slow-kilka-o-panu-adamie-leszczynskim","status":"publish","type":"post","link":"https:\/\/oko.pres-24.pl\/?p=3246","title":{"rendered":"Pan Kalukin. Takie drobiazgi&#8230; ale jak to wkurza, a przy okazji s\u0142\u00f3w kilka o Panu Adamie Leszczy\u0144skim."},"content":{"rendered":"\n<p>Screen z &#8222;Polityki&#8221; nr 34 z 2024 r. z artyku\u0142u Pana Kalukina.<\/p>\n\n\n\n<figure class=\"wp-block-image size-full\"><img loading=\"lazy\" decoding=\"async\" width=\"418\" height=\"343\" src=\"https:\/\/oko.pres-24.pl\/wp-content\/uploads\/2024\/08\/obraz-1.png\" alt=\"\" class=\"wp-image-3247\" srcset=\"https:\/\/oko.pres-24.pl\/wp-content\/uploads\/2024\/08\/obraz-1.png 418w, https:\/\/oko.pres-24.pl\/wp-content\/uploads\/2024\/08\/obraz-1-300x246.png 300w\" sizes=\"auto, (max-width: 418px) 100vw, 418px\" \/><\/figure>\n\n\n\n<p>To s\u0105 takie detale, kt\u00f3re tak strasznie degraduj\u0105 cz\u0142owieka, kt\u00f3ry uwa\u017ca si\u0119 za dziennikarza. <\/p>\n\n\n\n<p>Niestety jak zwykle nie mamy czasu by teraz &#8222;wyceni\u0107&#8221; przytoczonych powy\u017cej pan\u00f3w. <\/p>\n\n\n\n<p>Mamy nadziej\u0119, i\u017c fakt, i\u017c wpisali\u015bmy tu ten drobiazg nie pozwoli nam go porzuci\u0107, jak niestety czynimy w przypadku wielu u\u0142o\u017conych w g\u0142owie artyku\u0142\u00f3w, kt\u00f3rych nie mamy czasu &#8222;przela\u0107&#8221; na internetowy papier. <\/p>\n\n\n\n<p>[<\/p>\n\n\n\n<p>To po kawa\u0142ku kontynuujmy. <\/p>\n\n\n\n<p>Artyku\u0142 o tytule:<\/p>\n\n\n\n<figure class=\"wp-block-image size-large\"><img loading=\"lazy\" decoding=\"async\" width=\"1024\" height=\"282\" src=\"https:\/\/oko.pres-24.pl\/wp-content\/uploads\/2024\/08\/obraz-2-1024x282.png\" alt=\"\" class=\"wp-image-3250\" srcset=\"https:\/\/oko.pres-24.pl\/wp-content\/uploads\/2024\/08\/obraz-2-1024x282.png 1024w, https:\/\/oko.pres-24.pl\/wp-content\/uploads\/2024\/08\/obraz-2-300x82.png 300w, https:\/\/oko.pres-24.pl\/wp-content\/uploads\/2024\/08\/obraz-2-768x211.png 768w, https:\/\/oko.pres-24.pl\/wp-content\/uploads\/2024\/08\/obraz-2.png 1222w\" sizes=\"auto, (max-width: 1024px) 100vw, 1024px\" \/><\/figure>\n\n\n\n<p><\/p>\n\n\n\n<p>Jak wida\u0107 z powy\u017cszego w artykule Pan Kalukin odnosi si\u0119 do tzw, &#8222;polityki historycznej&#8221; pa\u0144stwa. <\/p>\n\n\n\n<p>I spoko, nie mamy uwag. <\/p>\n\n\n\n<p>Czyni jednak r\u00f3wnocze\u015bnie za\u0142o\u017cenie, i\u017c Pan Adam Leszczy\u0144ski jest dobrym historykiem, w odr\u00f3\u017cnieniu od wi\u0119kszo\u015bci nauczycieli historii. <\/p>\n\n\n\n<p>Na jakiej podstawie?<\/p>\n\n\n\n<p>Jest &#8222;utytu\u0142owany&#8221;, jednak konotacje polityczne s\u0105 tu oczywiste. &#8222;Wyborcza&#8221;, SWPS, OKO.press. <\/p>\n\n\n\n<p>Nie raz wprawiali nas w ogromne za\u017cenowanie r\u00f3\u017cni publicy\u015bci jedynie s\u0142usznej strony, wychwalaj\u0105cy swoich koleg\u00f3w w kontek\u015bcie otrzymania jakich\u015b nagr\u00f3d. C\u00f3\u017c&#8230; po sprawdzeniu os\u00f3b zasiadaj\u0105cych w jury, oczywistym stawa\u0142o si\u0119, i\u017c koledzy kolegom zgotowali ten los.<\/p>\n\n\n\n<p>Nie chcemy si\u0119 za bardzo czepia\u0107 tej sfery. Pan Leszczy\u0144ski nale\u017cy do okre\u015blonego &#8222;plemienia&#8221;, jest jego istotn\u0105 cz\u0119\u015bci\u0105, Lepsz\u0105 cz\u0119\u015bci\u0105. <\/p>\n\n\n\n<p>Ogromnie zapunktowa\u0142 u nas obron\u0105 Pana Grzegorz Sroczy\u0144skiego. <\/p>\n\n\n\n<p>Szacunek za to Panie Adamie.<\/p>\n\n\n\n<p>Z tego co wiemy, ksi\u0105\u017cki autora ceni\u0105 r\u00f3wnie\u017c ludzie po przeciwnej mu stronie sceny spo\u0142eczno-politycznej. <\/p>\n\n\n\n<p>Niew\u0105tpliwie \u0142atwiej mu by\u0142o robi\u0107 karier\u0119, dzi\u0119ki \u015brodowisku z kt\u00f3rym si\u0119 wi\u0105za\u0142 ale taka jest rzeczywisto\u015b\u0107 w skali globalnej i to zdanie wtr\u0105camy tylko z czystej wredno\u015bci. <\/p>\n\n\n\n<p>Mamy jeden, naszym zdaniem bardzo powa\u017cny zarzut wzgl\u0119dem Pana Leszczy\u0144skiego. <\/p>\n\n\n\n<p>Szeroka opinia publiczna us\u0142ysza\u0142a o nim dopiero w kontek\u015bcie &#8222;ch\u0142opomanii&#8221;. <\/p>\n\n\n\n<p>Temat wyzysku ch\u0142op\u00f3w przez szlacht\u0119 przedstawiany by\u0142 jako jaki\u015b niesamowity prze\u0142om w nauce. <\/p>\n\n\n\n<p>Przyznajemy, daj\u0105c pole do atak\u00f3w, i\u017c nie przeczytali\u015bmy ksi\u0105\u017cek Pana Adama po\u015bwi\u0119conych tej tematyce. <\/p>\n\n\n\n<p>Mamy ogromne zaleg\u0142o\u015bci je\u015bli chodzi o lektur\u0119. <\/p>\n\n\n\n<p>S\u0142uchali\u015bmy jednak wielu wywiad\u00f3w, audycji, najcz\u0119\u015bciej z udzia\u0142em autora i czytali\u015bmy jego, b\u0105d\u017a po\u015bwi\u0119cone jego pracy artyku\u0142y. <\/p>\n\n\n\n<p>Jest oczywiste, i\u017c w powy\u017cszych przekazach s\u0105 omawiane najwa\u017cniejsze tezy, kluczowe, prze\u0142omowe i na tej podstawie stwierdzamy, i\u017c&#8230;<\/p>\n\n\n\n<p>&#8230;autor nie napisa\u0142\/powiedzia\u0142 nic nowego. <\/p>\n\n\n\n<p><strong>Absolutnie wszystko, co ze wspomnianych powy\u017cej przekaz\u00f3w wynika\u0142o, dawno temu zosta\u0142o opisane, om\u00f3wione i skrytykowane.<\/strong><\/p>\n\n\n\n<p>Dok\u0142adnie w tym samym duchu, w kt\u00f3rym wypowiada si\u0119 Pan Adam. <\/p>\n\n\n\n<p>Przera\u017ca\u0142a nas w tym kontek\u015bcie &#8222;niem\u0105dro\u015b\u0107&#8221; prowadz\u0105cych rozmow\u0119. Sk\u0105d wy\u015bcie si\u0119 urwali?<\/p>\n\n\n\n<p>Wielu z Was lepiej ni\u017c my pami\u0119ta PRL (wiek).<\/p>\n\n\n\n<p>Przecie\u017c jednym z fundament\u00f3w historii nauczanej w PRL by\u0142 opis tego, jak polska szlachta prze\u015bladowa\u0142a, wyzyskiwa\u0142a, gn\u0119bi\u0142a i wr\u0119cz &#8222;torturowa\u0142a&#8221; ch\u0142op\u00f3w, zw\u0142aszcza na Kresach.<\/p>\n\n\n\n<p>I w \u017cadnej z tych kilkudziesi\u0119ciu rozm\u00f3w kt\u00f3re wys\u0142uchali\u015bmy, osoby prowadz\u0105ce wywiady nie zada\u0142y pytania w powy\u017cszym kontek\u015bcie. <\/p>\n\n\n\n<p>Jak zwykle w takich sytuacjach z\u017cera nas za\u017cenowanie, kt\u00f3re Wam jest obce z powodu waszego poziomu.<\/p>\n\n\n\n<p>Pan Leszczy\u0144skie znalaz\u0142 wielu na\u015bladowc\u00f3w, co zaowocowa\u0142o zalewem propagandowej tw\u00f3rczo\u015bci. <\/p>\n\n\n\n<p>Wiadomo, i\u017c gdy wielu ludzi co\u015b twierdzi wbrew naszemu zdaniu, nale\u017cy si\u0119 zastanowi\u0107, czy nie tkwimy w b\u0142\u0119dzie. <\/p>\n\n\n\n<p>Na szcz\u0119\u015bcie, w tym przypadku przede wszystkim liczy si\u0119 jako\u015b\u0107. <\/p>\n\n\n\n<p>Z ogromn\u0105 wr\u0119cz rado\u015bci\u0105, \u017ce nie zwariowali\u015bmy, natkn\u0119li\u015bmy si\u0119 na YT na wypowiedzi prawdziwych, niekwestionowanych autorytet\u00f3w historycznych, jak np. prof Friszke, kt\u00f3rzy zapytani, cz\u0119sto przy okazji innych rozm\u00f3w, o jako\u015b\u0107 &#8222;ch\u0142opomanii&#8221; wyra\u017cali si\u0119 cokolwiek sceptycznie. <\/p>\n\n\n\n<p>I tu jeden wyj\u0105tek. <\/p>\n\n\n\n<p>Ponownie bazujemy na informacjach z &#8222;drugiej r\u0119ki&#8221; odno\u015bnie ksi\u0105\u017cki Pani Joanny Kuciel-Frydryszak &#8222;Ch\u0142opki&#8230;&#8221;. <\/p>\n\n\n\n<p>Nie wiemy, czy to dobra ksi\u0105\u017cka, czy nie. Niestety wiarygodno\u015b\u0107 wiadomych medi\u00f3w w recenzowaniu czegokolwiek jest bardzo niska i nie wiemy, czy przedstawiany tam odzew na wspomnian\u0105 ksi\u0105\u017ck\u0119 jest prawdziwym zjawiskiem. Temat jednak zas\u0142uguje na oddzielne publikacje, gdy\u017c w odr\u00f3\u017cnieniu od kopiowania przez &#8222;ch\u0142opomaniak\u00f3w&#8221; materia\u0142u szko\u0142y podstawowej w PRL, perspektywa kobieca faktycznie jest czym\u015b oryginalnym. <\/p>\n\n\n\n<p>W domy\u015ble &#8222;wyzysk ch\u0142op\u00f3w&#8221;, z samego znaczenia s\u0142owa narzuca wizerunek m\u0119\u017cczyzny pracuj\u0105cego w gospodarstwie, podczas gdy obok niego niemal wszystkie te same prace i wiele innych wykonywa\u0142y kobiety. <\/p>\n\n\n\n<p>Czynnik m\u0119ski niejako sam si\u0119 narzuca\u0142. <\/p>\n\n\n\n<p>Gdy zastanowimy si\u0119 nad \u017cyciem kobiety w gospodarstwie ch\u0142opskim, niezale\u017cnie od ustroju, to jej &#8222;niewolnicza&#8221; praca jest oczywista i wszystkie potrzebne do stwierdzenia tego faktu materia\u0142y by\u0142y dost\u0119pne &#8222;od zawsze&#8221;. <\/p>\n\n\n\n<p>Rzecz w tym, \u017ce si\u0119 nad kobietami nie zastanawiano i st\u0105d, je\u015bli by\u015bmy mieli wskaza\u0107 jak\u0105kolwiek naukowy pozytyw wynikaj\u0105cy z &#8222;ch\u0142opomanii&#8221;, to jest to ksi\u0105\u017cka wspomnianej autorki. Nasze szczere gratulacje.<\/p>\n\n\n\n<p>c.d.n.<\/p>\n\n\n\n<p>[01.09.2024 r.] Kontynuuj\u0105c. <\/p>\n\n\n\n<p>Wejd\u017amy na zagadnienie, kt\u00f3re wkurza ju\u017c wybitnie. <\/p>\n\n\n\n<p>Z pozycji swojej zajefajno\u015bci Pan Kalukin odnosz\u0105c si\u0119 do wypowiedzi nauczycieli, i\u017c: &#8222;Polacy pomagali \u017bydom jak tylko mogli&#8221;, autorytarnie stwierdza, i\u017c badania historyk\u00f3w dowodz\u0105 czego\u015b innego. <\/p>\n\n\n\n<p>Zabawny jest detal, i\u017c jedni i drudzy to historycy, wi\u0119c krzywo to zdanie Panu K. wysz\u0142o. W sumie to naprawd\u0119 \u015bmieszne. <\/p>\n\n\n\n<p>Jednak do meritum. <\/p>\n\n\n\n<p>Nie w\u0105tpimy, i\u017c Pan Kalukin w czasie drugiej wojny \u015bwiatowej ryzykowa\u0142by \u017cyciem swoich dzieci, \u017cony i rodzic\u00f3w (je\u015bli by \u017cyli) i nie straszna by\u0142aby mu ich i w\u0142asna \u015bmier\u0107 z r\u0105k okupanta, za udzielanie pomocy \u017bydom. <\/p>\n\n\n\n<p>My tej pewno\u015bci nie mamy. Nie wiemy jakby\u015bmy si\u0119 zachowali. To mo\u017cna sprawdzi\u0107 tylko w jeden spos\u00f3b i oby nigdy wi\u0119cej nie by\u0142a konieczna taka pr\u00f3ba. <\/p>\n\n\n\n<p>Pan Kalukin nie ma takich w\u0105tpliwo\u015bci. Chyba trzeba stworzy\u0107 jak\u0105\u015b kategori\u0119 potencjalnie sprawiedliwych w\u015br\u00f3d narod\u00f3w&#8230; specjalnie dla pana K. <\/p>\n\n\n\n<p>Ci &#8222;historycy&#8221;, o kt\u00f3rych wspomina Pan K. odmawiaj\u0105 obrony swoich tez w dyskusji z krytykami, tym samym ich&#8230; &#8222;dzie\u0142a&#8221;&#8230; maj\u0105 znikom\u0105 warto\u015b\u0107. <\/p>\n\n\n\n<p>Po raz kolejny przypominamy. Nie negujemy pogrom\u00f3w, szmalcownictwa itp. jednak formu\u0142owany przez tych dziwnych ludzi, jak Gross, Engelking etc. przekaz w obiegu publicznym to skrajnie nieobiektywny paszkwil na nar\u00f3d polski. <\/p>\n\n\n\n<p>Bez kontekstu, bez uwzgl\u0119dniania wielu czynnik\u00f3w. <\/p>\n\n\n\n<p>Dziwne, gdy\u017c na You Tube mo\u017cna wys\u0142ucha\u0107 wiele wyk\u0142ad\u00f3w wyg\u0142oszonych w muzeum Polin, przez historyk\u00f3w bynajmniej nie lubianych przez poprzedni\u0105 w\u0142adz\u0119, w kt\u00f3rych przedstawiaj\u0105 oni obiektywny obraz polskiej rzeczywisto\u015bci w czasie i po wojnie. <\/p>\n\n\n\n<p>Nie w\u0105tpimy, i\u017c Pan Kalukin ma to gdzie\u015b. <\/p>\n\n\n\n<p><\/p>\n<p class=\"bawpvc-ajax-counter\" data-id=\"3246\"><\/p>","protected":false},"excerpt":{"rendered":"<p>Screen z &#8222;Polityki&#8221; nr 34 z 2024 r. z artyku\u0142u <a class=\"more-link\" href=\"https:\/\/oko.pres-24.pl\/?p=3246\">Czytaj dalej \u2192<\/a><\/p>\n","protected":false},"author":1,"featured_media":0,"comment_status":"open","ping_status":"closed","sticky":false,"template":"","format":"standard","meta":{"footnotes":""},"categories":[1],"tags":[],"class_list":["post-3246","post","type-post","status-publish","format-standard","hentry","category-uncategorized"],"aioseo_notices":[],"_links":{"self":[{"href":"https:\/\/oko.pres-24.pl\/index.php?rest_route=\/wp\/v2\/posts\/3246","targetHints":{"allow":["GET"]}}],"collection":[{"href":"https:\/\/oko.pres-24.pl\/index.php?rest_route=\/wp\/v2\/posts"}],"about":[{"href":"https:\/\/oko.pres-24.pl\/index.php?rest_route=\/wp\/v2\/types\/post"}],"author":[{"embeddable":true,"href":"https:\/\/oko.pres-24.pl\/index.php?rest_route=\/wp\/v2\/users\/1"}],"replies":[{"embeddable":true,"href":"https:\/\/oko.pres-24.pl\/index.php?rest_route=%2Fwp%2Fv2%2Fcomments&post=3246"}],"version-history":[{"count":6,"href":"https:\/\/oko.pres-24.pl\/index.php?rest_route=\/wp\/v2\/posts\/3246\/revisions"}],"predecessor-version":[{"id":3271,"href":"https:\/\/oko.pres-24.pl\/index.php?rest_route=\/wp\/v2\/posts\/3246\/revisions\/3271"}],"wp:attachment":[{"href":"https:\/\/oko.pres-24.pl\/index.php?rest_route=%2Fwp%2Fv2%2Fmedia&parent=3246"}],"wp:term":[{"taxonomy":"category","embeddable":true,"href":"https:\/\/oko.pres-24.pl\/index.php?rest_route=%2Fwp%2Fv2%2Fcategories&post=3246"},{"taxonomy":"post_tag","embeddable":true,"href":"https:\/\/oko.pres-24.pl\/index.php?rest_route=%2Fwp%2Fv2%2Ftags&post=3246"}],"curies":[{"name":"wp","href":"https:\/\/api.w.org\/{rel}","templated":true}]}}