{"id":2836,"date":"2023-10-07T06:09:17","date_gmt":"2023-10-07T05:09:17","guid":{"rendered":"https:\/\/oko.pres-24.pl\/?p=2836"},"modified":"2023-10-07T09:35:00","modified_gmt":"2023-10-07T08:35:00","slug":"debata-i-pan-premier-morawiecki-nieeeeee","status":"publish","type":"post","link":"https:\/\/oko.pres-24.pl\/?p=2836","title":{"rendered":"Debata i Pan Premier Morawiecki&#8230; nieeeeee!"},"content":{"rendered":"\n<p>Aj, niedobrze. To si\u0119 nie mo\u017ce uda\u0107. <\/p>\n\n\n\n<p>Po pierwsze, s\u0142owem debaty zostanie &#8222;Mateusz&#8221;. <\/p>\n\n\n\n<p>Premier mo\u017ce pr\u00f3bowa\u0107 to odbi\u0107, \u017ce w ten spos\u00f3b szef KO uderza w autorytet pa\u0144stwa, urz\u0105d premiera czy co\u015b w tym stylu, ale z kontr\u0105 na to Pan Tusk nie b\u0119dzie mia\u0142 wi\u0119kszego problemu. <\/p>\n\n\n\n<p>Premier Morawiecki nie ma luzu, bajeru. M\u00f3wi sztywno, sztucznie. <\/p>\n\n\n\n<p>W tym czasie Pan Donald b\u0119dzie, lekko spowolnionym, spokojnym, z wyra\u017anym akcentowaniem wybranych sylab, wr\u0119cz belferskim tonem t\u0142umaczy\u0142, dlaczego jego oponent i ugrupowanie, kt\u00f3rego cz\u0119\u015b\u0107 stanowi, jest &#8222;be&#8221;. <\/p>\n\n\n\n<p>Ech, gdyby nie pozbyto si\u0119 swego czasu Pana A.Hofmana, to on by\u0142by w stanie stan\u0105\u0107 w szranki z ka\u017cdym. Je\u015bli zachowa\u0142 liczb\u0119 aktywnych neuron\u00f3w r\u00f3wnej tej sprzed lat, to spokojnie m\u00f3g\u0142by podj\u0105\u0107 dyskusj\u0119 jak r\u00f3wny z r\u00f3wnym z zaprawionym w bojach liderem KO. <\/p>\n\n\n\n<p>Poniewa\u017c jednak drogi A.H. i PiS rozjecha\u0142y si\u0119 dawno temu, jest tylko jedna, licz\u0105ca si\u0119 w partii osoba, kt\u00f3ra mog\u0142aby &#8222;rozjecha\u0107&#8221; Pana Tuska. <\/p>\n\n\n\n<p>Beata Szyd\u0142o. <\/p>\n\n\n\n<p>Szkoda. <\/p>\n\n\n\n<p>W sumie, bior\u0105c pod uwag\u0119, \u017ce by\u0142a Pani Premier z obecnym, nie darz\u0105 si\u0119 sympati\u0105, pora\u017cka Pana Morawieckiego w debacie jest jej na r\u0119k\u0119. <\/p>\n\n\n\n<p>Generalnie strasznie s\u0142abo ta rz\u0105dowa kampania wygl\u0105da, faktycznie jak starcie si\u0142 \u015bwiat\u0142a i ciemno\u015bci. <\/p>\n\n\n\n<p>C\u00f3\u017c. Sugerujemy stronie Pana Morawieckiego skontaktowa\u0107 si\u0119 z nami. <\/p>\n\n\n\n<p>Pan Donald to cwana &#8222;bestia&#8221; i cho\u0107 nie musi, to prawdopodobnie przygotuje pewn\u0105 &#8222;sztuczk\u0119&#8221;. Mamy fajn\u0105 na ni\u0105 kontr\u0119. <\/p>\n<p class=\"bawpvc-ajax-counter\" data-id=\"2836\"><\/p>","protected":false},"excerpt":{"rendered":"<p>Aj, niedobrze. To si\u0119 nie mo\u017ce uda\u0107. Po pierwsze, s\u0142owem <a class=\"more-link\" href=\"https:\/\/oko.pres-24.pl\/?p=2836\">Czytaj dalej \u2192<\/a><\/p>\n","protected":false},"author":1,"featured_media":0,"comment_status":"open","ping_status":"closed","sticky":false,"template":"","format":"standard","meta":{"footnotes":""},"categories":[1],"tags":[],"class_list":["post-2836","post","type-post","status-publish","format-standard","hentry","category-uncategorized"],"aioseo_notices":[],"_links":{"self":[{"href":"https:\/\/oko.pres-24.pl\/index.php?rest_route=\/wp\/v2\/posts\/2836","targetHints":{"allow":["GET"]}}],"collection":[{"href":"https:\/\/oko.pres-24.pl\/index.php?rest_route=\/wp\/v2\/posts"}],"about":[{"href":"https:\/\/oko.pres-24.pl\/index.php?rest_route=\/wp\/v2\/types\/post"}],"author":[{"embeddable":true,"href":"https:\/\/oko.pres-24.pl\/index.php?rest_route=\/wp\/v2\/users\/1"}],"replies":[{"embeddable":true,"href":"https:\/\/oko.pres-24.pl\/index.php?rest_route=%2Fwp%2Fv2%2Fcomments&post=2836"}],"version-history":[{"count":3,"href":"https:\/\/oko.pres-24.pl\/index.php?rest_route=\/wp\/v2\/posts\/2836\/revisions"}],"predecessor-version":[{"id":2839,"href":"https:\/\/oko.pres-24.pl\/index.php?rest_route=\/wp\/v2\/posts\/2836\/revisions\/2839"}],"wp:attachment":[{"href":"https:\/\/oko.pres-24.pl\/index.php?rest_route=%2Fwp%2Fv2%2Fmedia&parent=2836"}],"wp:term":[{"taxonomy":"category","embeddable":true,"href":"https:\/\/oko.pres-24.pl\/index.php?rest_route=%2Fwp%2Fv2%2Fcategories&post=2836"},{"taxonomy":"post_tag","embeddable":true,"href":"https:\/\/oko.pres-24.pl\/index.php?rest_route=%2Fwp%2Fv2%2Ftags&post=2836"}],"curies":[{"name":"wp","href":"https:\/\/api.w.org\/{rel}","templated":true}]}}