{"id":2828,"date":"2023-09-30T19:51:17","date_gmt":"2023-09-30T18:51:17","guid":{"rendered":"https:\/\/oko.pres-24.pl\/?p=2828"},"modified":"2023-10-01T09:28:37","modified_gmt":"2023-10-01T08:28:37","slug":"o-donaldzie-tusku-slow-dobrych-kilka","status":"publish","type":"post","link":"https:\/\/oko.pres-24.pl\/?p=2828","title":{"rendered":"O Donaldzie Tusku s\u0142\u00f3w dobrych kilka."},"content":{"rendered":"\n<p>Jutro wielki dzie\u0144 Pana Donalda. Warto przy tej okazji odda\u0107 mu sprawiedliwo\u015b\u0107 w kilku kwestiach. <\/p>\n\n\n\n<p>Po pierwsze przyznajemy si\u0119 do b\u0142\u0119du. W jednym z pierwszych wpis\u00f3w, zirytowani jako\u015bci\u0105 naszej siostrzano-braterskiej strony Oko.press pope\u0142nili\u015bmy wpis o Lechu Kaczy\u0144skim. Pan Tusk, s\u0142usznie zwr\u00f3ci\u0142 nam uwag\u0119, podczas, zdaje si\u0119, wyst\u0105pienia w Gda\u0144sku, i\u017c by\u0142y prezydent w Magdalence nie unika\u0142 toast\u00f3w. <\/p>\n\n\n\n<p>Przyznajemy. Nie dochowali\u015bmy tu rzetelno\u015bci i nie sprawdzili\u015bmy tego faktu. Jeden, jedyny raz. <\/p>\n\n\n\n<p>Nie k\u0142amiemy, nie naginamy, opisujemy rzeczywisto\u015b\u0107 i gdy pope\u0142nimy b\u0142\u0105d, zawsze si\u0119 przyznamy.<\/p>\n\n\n\n<p>Wracaj\u0105c do g\u0142\u00f3wnego w\u0105tku&#8230;<\/p>\n\n\n\n<p>C\u00f3\u017c dobrego o Panu Donaldzie mo\u017cna powiedzie\u0107? <\/p>\n\n\n\n<p>Ca\u0142kiem sporo. <\/p>\n\n\n\n<p>Uda\u0142o mu si\u0119 pogodzi\u0107 karier\u0119 polityczn\u0105 z \u017cyciem rodzinnym. Sukces zawodowy zawsze odbywa si\u0119 kosztem rodziny i r\u00f3wnie\u017c w tym przypadku mia\u0142o to miejsce (to powszechna wiedza, Pan Donald te\u017c w r\u00f3\u017cnych sytuacjach o tym wspomina\u0142), jednak ostateczny rachunek jest na plus. <\/p>\n\n\n\n<p>Dzieci s\u0105 samodzielne, a tata, ju\u017c dziadek, jak wielu ludzi w jego przypadku, zapewne &#8222;odkupuje&#8221; dawne &#8222;winy&#8221; w kontaktach z wnukami.<\/p>\n\n\n\n<p>To jednak sprawy osobiste i nic nam do tego. Jest to jednak plus, tak po ludzku, zw\u0142aszcza przy &#8222;standardach rodzinnych&#8221; wyznawanych przez wiele &#8222;gwiazd&#8221; prawicy.<\/p>\n\n\n\n<p>Polityka.<\/p>\n\n\n\n<p>Wszystkie dokonania w tej sferze, kto\u015b niech\u0119tny podsumuje stwierdzeniem, i\u017c bohater niniejszego wpisu zawsze gra\u0142 na siebie. Tylko na siebie i mo\u017cna si\u0119 spiera\u0107, czy w tej grze Polska, niejako przy okazji, zyskiwa\u0142a czy traci\u0142a. <\/p>\n\n\n\n<p>Nie przykryje to jednak faktu, i\u017c Pan Donald zachowa\u0142, do czasu, na stanowisku szefa CBA Mariusza Kami\u0144skiego. <\/p>\n\n\n\n<p>Oczywi\u015bcie, wielu &#8222;fan\u00f3w&#8221; Pana Donalda stwierdzi, i\u017c zrobi\u0142 to, by zamaskowa\u0107, przykry\u0107 swoje niecne zamiary itp., itd.<\/p>\n\n\n\n<p>Pan Kami\u0144ski zosta\u0142 jednak na &#8222;uderzeniowym&#8221; stanowisku, a nie musia\u0142. <\/p>\n\n\n\n<p>To fakt, wszystko inne to przypuszczenia. <\/p>\n\n\n\n<p>Pan Donald pokaza\u0142 tym ruchem, \u017ce respektuje pewne zasady. Ostra walka &#8211; ok., ale nie wykraczaj\u0105ca poza pewne regu\u0142y. <\/p>\n\n\n\n<p>Dzi\u015b te zasady to przesz\u0142o\u015b\u0107. Jeste\u015bmy w punkcie &#8222;zwyci\u0119zca bierze wszystko&#8221;. <\/p>\n\n\n\n<p>Chwalimy dalej.<\/p>\n\n\n\n<p>Pan Donald przebija intelektualnie wszystkich, absolutnie wszystkich znacz\u0105cych dzia\u0142aczy Koalicji Obywatelskiej o lata \u015bwietlne. <\/p>\n\n\n\n<p>Zar\u00f3wno ci &#8222;starzy&#8221;, jak Pan Lewandowski, czy &#8222;m\u0142odzi&#8221; jak panowie Budka czy Ar\u0142ukowicz, o naczelnych paniach w tej formacji nie wspominaj\u0105c. To jest albo gra na jedn\u0105 nut\u0119, kochan\u0105 przez twardy elektorat (p.Ar\u0142ukowicz), albo nieporadno\u015b\u0107 logiczno-j\u0119zykowa + jedna nuta oczywi\u015bcie (wi\u0119kszo\u015b\u0107 KO). <\/p>\n\n\n\n<p>Znacznie odstawiaj\u0105 ich, dokooptowani cho\u0107by tylko do list PO, obecnej KO, politycy z przesz\u0142o\u015bci\u0105 w PZPR. <\/p>\n\n\n\n<p>Gdzie\u015b w okolice lidera zbli\u017ca si\u0119 Pan Trzaskowski, jednak to jeszcze nie ta liga. Prezydent Warszawy zyskuje jednak w\u015br\u00f3d elektoratu, kt\u00f3remu nie pasuje realistyczny j\u0119zyk Pana Tuska. <\/p>\n\n\n\n<p>Chodzi nam tu o zb\u0142\u0105kanych, m\u0142odych ludzi, najcz\u0119\u015bciej uto\u017csamiaj\u0105cych si\u0119 z lewic\u0105, kt\u00f3rzy swoje fikcje, czy raczej artyku\u0142owane przez \u017ceruj\u0105cych na nich lider\u00f3w, uznaj\u0105 za rzeczywisto\u015b\u0107. <\/p>\n\n\n\n<p>Pytano nie raz Pana Tuska o oddanie w\u0142adzy m\u0142odym. Odpowied\u017a mo\u017cna zawrze\u0107 w zdaniu: &#8222;Chcecie, to sobie we\u017acie, tak jak ja to zrobi\u0142em&#8221;. To uczciwe. Pan Tusk, starej daty samiec alfa, walczy\u0142 o swoj\u0105 pozycj\u0119 i sobie j\u0105 wywalczy\u0142, pozbywaj\u0105c si\u0119 po prostu konkurencji. <\/p>\n\n\n\n<p>&#8222;Chcecie m\u0142odzi w\u0142adzy? Wygry\u017acie mnie.&#8221;<\/p>\n\n\n\n<p>Nie o powy\u017csze nam jednak chodzi w kontek\u015bcie zagubionych dzieciak\u00f3w, tym bardziej, \u017ce napiszemy teraz o m\u0142odszych i zagubionych w stopniu, kt\u00f3ry mo\u017ce prowadzi\u0107 i niejednokrotnie prowadzi do tragedii. <\/p>\n\n\n\n<p>Jest taka wypowied\u017a wiecowa szefa KO sprzed ok. dziesi\u0119ciu lat, gdzie m\u00f3wi o mi\u0142o\u015bci, jak to jest Ona odpowiedzi\u0105 na wszystko, rozwi\u0105zaniem itp., itd. Zdaje si\u0119 gdzie\u015b ponabijali\u015bmy si\u0119 z tych s\u0142\u00f3w. Rzecz w tym, \u017ce&#8230; Pan Tusk ma racj\u0119. <\/p>\n\n\n\n<p>\u00d3wczesna wypowied\u017a nijak si\u0119 mia\u0142a do ca\u0142o\u015bci sytuacji polityczno-spo\u0142ecznej i brak jej by\u0142o kontekstu, kt\u00f3ry sprawi\u0142, i\u017c obecnie poruszana ta kwestia jest niezwykle aktualna. <\/p>\n\n\n\n<p>Podczas jednego z ostatnich wyst\u0105pie\u0144, Pan Tusk otrzyma\u0142 pytanie o pomoc psychologiczn\u0105 w szkole w kontek\u015bcie tragicznej sytuacji psychicznej dzieci.<\/p>\n\n\n\n<p>I powiedzia\u0142 w\u00f3wczas s\u0142owa wielkie. S\u0142owa, kt\u00f3re s\u0105 oczywisto\u015bci\u0105 dla pedagog\u00f3w i psycholog\u00f3w pracuj\u0105cych z dzisiejszymi dzieciakami. <\/p>\n\n\n\n<p>Kluczem s\u0105 rodzice. <\/p>\n\n\n\n<p>Je\u015bli rodzice &#8222;nadaj\u0105 na tych samych falach&#8221;, rozumiej\u0105 si\u0119 i wiedz\u0105, \u017ce wraz z pojawieniem si\u0119 dziecka ich priorytety \u017cyciowe powinny si\u0119 zmieni\u0107, je\u015bli to wszystko jest normalno\u015bci\u0105, to dziecku nic nie grozi. <\/p>\n\n\n\n<p>Recepta: rozmowa rodzic\u00f3w z sob\u0105, rozmowa rodzic\u00f3w z dzieckiem. Wzajemny szacunek. Zak\u0142adamy, \u017ce m\u00f3wi\u0105c o &#8222;mi\u0142o\u015bci&#8221; to w\u0142a\u015bnie Pan Tusk mia\u0142 na my\u015bli. <\/p>\n\n\n\n<p>Nie powiedzia\u0142 tego ca\u0142kiem wprost, troszk\u0119 kluczy\u0142, nie chc\u0105c zapewne wywrze\u0107 wra\u017cenia, \u017ce bagatelizuje brak psycholog\u00f3w w szko\u0142ach. <\/p>\n\n\n\n<p>Powiedzia\u0142 jednak, co powiedzia\u0142. Je\u015bli rodzina zbudowana jest na mi\u0142o\u015bci, terapia nie jest potrzebna.<\/p>\n\n\n\n<p>Inni liderzy KO i lewicy krzycz\u0105 &#8211; prosz\u0119 zwr\u00f3ci\u0107 uwag\u0119, \u017ce zawsze to robi\u0105, rozmawiaj\u0105c w kontek\u015bcie problem\u00f3w dzisiejszych dzieciak\u00f3w. Emocjami przykrywaj\u0105 w ten spos\u00f3b merytoryczn\u0105 rozmow\u0119. <\/p>\n\n\n\n<p>Wiecie Pa\u0144stwo co psycholog\/psychiatra najlepszego mo\u017ce zrobi\u0107 dla dziecka? Porozmawia\u0107 z nim z szacunkiem i nie bagatelizowa\u0107 jego problem\u00f3w. Halo&#8230; Rodzice&#8230;<\/p>\n\n\n\n<p>Dlatego za tamte s\u0142owa szacunek dla Pana, Panie Donaldzie. <\/p>\n\n\n\n<p>Jest Pan jedyny, spo\u015br\u00f3d znacz\u0105cych postaci, po tej stronie sceny politycznej, kt\u00f3ry odwa\u017cy\u0142 si\u0119 to g\u0142o\u015bno powiedzie\u0107. <\/p>\n\n\n\n<p>Wypowiedzi Pana przybocznych i lider\u00f3w lewicy w tej kwestii to pod\u0142o\u015b\u0107, kt\u00f3rej szczytnym celem, w ich i Pana rozumieniu jest, odsuni\u0119cie PiS od w\u0142adzy. Nie zmienia to jednak faktu, \u017ce ich wypowiedzi to pod\u0142o\u015b\u0107. <\/p>\n\n\n\n<p>Szef KO przyznaje, \u017ce si\u0119 myli\u0142 przed 2015 r. w niekt\u00f3rych kwestiach, na czym Pan J.Kaczy\u0144skie skorzysta\u0142. Reforma emerytalna bez dania ludziom wyboru, 500+. Wyci\u0105gn\u0105\u0142 wnioski, uczciwie to przyznaje. <\/p>\n\n\n\n<p>Jest tu bowiem \u0142y\u017cka dziegciu.<\/p>\n\n\n\n<p>W kontek\u015bcie kryzysu psychologicznego dzieciak\u00f3w, Pan Donald by\u0142 cz\u0119\u015bci\u0105 systemu, kt\u00f3ry przyczyni\u0142 si\u0119 do obecnej sytuacji. <\/p>\n\n\n\n<p>Chodzi tu o prozaiczne sprawy finansowe. <\/p>\n\n\n\n<p>Je\u015bli rodzice musz\u0105 &#8222;zaje\u017cd\u017ca\u0107&#8221; si\u0119 w pracy, by wi\u0105za\u0107 &#8222;koniec z ko\u0144cem&#8221;, nie maj\u0105 czasu dla dzieci, s\u0105 nerwowi, opryskliwi, wiecznie zestresowani, sk\u0142onni do k\u0142\u00f3tni. <\/p>\n\n\n\n<p>To si\u0119 odbija na rodzinie. <\/p>\n\n\n\n<p>W pe\u0142ni r\u00f3\u017cnice zrozumie tylko kto\u015b, kto po latach &#8222;wyzysku&#8221; ze strony pracodawcy osi\u0105gn\u0105\u0142 stabilizacj\u0119 finansow\u0105 i mo\u017ce po\u015bwi\u0119ci\u0107 czas po pracy na to, na co ma ochot\u0119. <\/p>\n\n\n\n<p>Oczywi\u015bcie zaraz padnie has\u0142o: &#8222;PiS rz\u0105dzi od 8 lat i ich socjal nie pom\u00f3g\u0142&#8221;. <\/p>\n\n\n\n<p>\u015amiemy twierdzi\u0107, \u017ce pom\u00f3g\u0142, gdzie m\u00f3g\u0142 pom\u00f3c. <\/p>\n\n\n\n<p>To jest TYLKO 8 lat. Rodzic\u00f3w dzisiejszych nastolatk\u00f3w ukszta\u0142towa\u0142y czasy wcze\u015bniejsze, a dzisiejsze nastolatki &#8222;zazna\u0142y&#8221; \u017cycia w \u00f3wczesnych realiach. Teraz zbieramy tego \u017cniwo. <\/p>\n\n\n\n<p>Oczywi\u015bcie pojawi\u0142o si\u0119 wygodne dla prawie wszystkich wyj\u015bcie.<\/p>\n\n\n\n<p>Nie maj\u0105c podparcia w rodzinie, dzieciaki si\u0119 gubi\u0105, szukaj\u0105, odkrywaj\u0105, a &#8222;us\u0142u\u017cne&#8221; \u015brodowiska podsuwaj\u0105 im odpowied\u017a.<\/p>\n\n\n\n<p>Na koniec&#8230; <\/p>\n\n\n\n<p>&#8230;Pan Tusk bierze wszystko. <\/p>\n\n\n\n<p>S\u0142yszymy wypowiedzi: &#8222;Nie ma szans na milion 1.X&#8221;. <\/p>\n\n\n\n<p>Dlaczego nie? <\/p>\n\n\n\n<p>Pan Donald wytworzy\u0142 wok\u00f3\u0142 siebie wr\u0119cz ruch mesjanistyczny. <\/p>\n\n\n\n<p>Ciekawe analogie historyczne si\u0119 nasuwaj\u0105. <\/p>\n\n\n\n<p>Pod wzgl\u0119dem ustrojowym to PiS robi rewolucj\u0119, jednak pod wzgl\u0119dem czysto ludzkim&#8230;<\/p>\n\n\n\n<p>Rewolucja Angielska i Francuska. Monarchowie, oskar\u017cani o tyrani\u0119 itp., zostali zg\u0142adzeni przez ludzi (Cromwell, Robespierre), kt\u00f3rzy w skutek tego zyskali w\u0142adz\u0119, o kt\u00f3rej \u015bci\u0119tym i ich przodkom &#8222;z Bo\u017cej \u0142aski&#8221; si\u0119 nie \u015bni\u0142o. <\/p>\n\n\n\n<p>Kr\u00f3lob\u00f3jcy mogli wszystko, gdy\u017c argument obalenia tyranii wsparty powo\u0142aniem si\u0119 na sprawiedliwo\u015b\u0107 i demokracj\u0119 t\u0142umi\u0142 wszelkie opory, przynajmniej do czasu, a\u017c zagro\u017ceni decyzjami w\u0142adzy nie stali si\u0119 wi\u0119kszo\u015bci\u0105. <\/p>\n\n\n\n<p>Listy KO s\u0105 tak skonstruowane, \u017ce ludzie na miejscach bior\u0105cych s\u0105 ca\u0142kowicie zale\u017cni od lidera. <\/p>\n\n\n\n<p>W tej sytuacji mamy wizj\u0119 Pana J.K. &#8222;gilotynowanego&#8221; i Pana D.T. wprowadzaj\u0105cego bez g\u0142os\u00f3w sprzeciwu rz\u0105dy &#8222;sprawiedliwe&#8221; wg oczywi\u015bcie swojej definicji owej &#8222;sprawiedliwo\u015bci&#8221;.<\/p>\n\n\n\n<p>Ach. Przewidujemy i\u017c, je\u015bli opozycja przejmie w\u0142adz\u0119, kilka kolejnych lat to b\u0119dzie &#8222;mi\u00f3d i orzeszki&#8221;. Nap\u0142ynie po\u017cyczka z UE, socjal PiS-u zostanie utrzymany, igrzyskami za\u015b b\u0119dzie rozliczanie afer prawicy. <\/p>\n\n\n\n<p>Gdyby bowiem ludzie, pod now\u0105 ekip\u0105, odczuli pogorszenie swojego statusu materialnego, szybciej ruszyliby do walki o &#8222;demokracj\u0119&#8221;, ni\u017c podj\u0119li j\u0105 na masow\u0105 skal\u0119 niech\u0119tni obecnej w\u0142adzy. <\/p>\n\n\n\n<p>Na koniec jeszcze jedna laurka. <\/p>\n\n\n\n<p>Je\u015bli dobrze pami\u0119tamy, &#8222;konikiem&#8221; Pana Tuska jest staro\u017cytno\u015b\u0107, a nam przychodz\u0105 do g\u0142owy analogie z Cezarem i Hannibalem (tym z Kartaginy, nie Lecterem).<\/p>\n\n\n\n<p>Ciekawe, czy w sytuacji zwyci\u0119stwa, sta\u0107 b\u0119dzie pana Tuska na gest, jaki wzgl\u0119dem pokonanej armii Pompejusza okaza\u0142 zdobywca Galii.<\/p>\n\n\n\n<p>Ech&#8230; \u017ceby\u015bmy jeszcze przed wyborami zd\u0105\u017cyli o tym napisa\u0107.<\/p>\n<p class=\"bawpvc-ajax-counter\" data-id=\"2828\"><\/p>","protected":false},"excerpt":{"rendered":"<p>Jutro wielki dzie\u0144 Pana Donalda. Warto przy tej okazji odda\u0107 <a class=\"more-link\" href=\"https:\/\/oko.pres-24.pl\/?p=2828\">Czytaj dalej \u2192<\/a><\/p>\n","protected":false},"author":1,"featured_media":0,"comment_status":"open","ping_status":"closed","sticky":false,"template":"","format":"standard","meta":{"footnotes":""},"categories":[1],"tags":[],"class_list":["post-2828","post","type-post","status-publish","format-standard","hentry","category-uncategorized"],"aioseo_notices":[],"_links":{"self":[{"href":"https:\/\/oko.pres-24.pl\/index.php?rest_route=\/wp\/v2\/posts\/2828","targetHints":{"allow":["GET"]}}],"collection":[{"href":"https:\/\/oko.pres-24.pl\/index.php?rest_route=\/wp\/v2\/posts"}],"about":[{"href":"https:\/\/oko.pres-24.pl\/index.php?rest_route=\/wp\/v2\/types\/post"}],"author":[{"embeddable":true,"href":"https:\/\/oko.pres-24.pl\/index.php?rest_route=\/wp\/v2\/users\/1"}],"replies":[{"embeddable":true,"href":"https:\/\/oko.pres-24.pl\/index.php?rest_route=%2Fwp%2Fv2%2Fcomments&post=2828"}],"version-history":[{"count":3,"href":"https:\/\/oko.pres-24.pl\/index.php?rest_route=\/wp\/v2\/posts\/2828\/revisions"}],"predecessor-version":[{"id":2832,"href":"https:\/\/oko.pres-24.pl\/index.php?rest_route=\/wp\/v2\/posts\/2828\/revisions\/2832"}],"wp:attachment":[{"href":"https:\/\/oko.pres-24.pl\/index.php?rest_route=%2Fwp%2Fv2%2Fmedia&parent=2828"}],"wp:term":[{"taxonomy":"category","embeddable":true,"href":"https:\/\/oko.pres-24.pl\/index.php?rest_route=%2Fwp%2Fv2%2Fcategories&post=2828"},{"taxonomy":"post_tag","embeddable":true,"href":"https:\/\/oko.pres-24.pl\/index.php?rest_route=%2Fwp%2Fv2%2Ftags&post=2828"}],"curies":[{"name":"wp","href":"https:\/\/api.w.org\/{rel}","templated":true}]}}