{"id":2757,"date":"2023-08-17T15:20:23","date_gmt":"2023-08-17T14:20:23","guid":{"rendered":"https:\/\/oko.pres-24.pl\/?p=2757"},"modified":"2023-08-17T20:30:22","modified_gmt":"2023-08-17T19:30:22","slug":"donald-t-chce-wiekszej-inflacji-brawo-geniuszu","status":"publish","type":"post","link":"https:\/\/oko.pres-24.pl\/?p=2757","title":{"rendered":"Donald T. chce wi\u0119kszej inflacji&#8230; brawo geniuszu!"},"content":{"rendered":"\n<p>R\u0119ce opadaj\u0105. To co z poziomem intelektualnym polskiej polityki zrobi\u0142 Pan Tusk to naprawd\u0119 \u017cenada. Wystrzegamy si\u0119 tutaj inwektyw, co wiele nas kosztuje, gdy\u017c je\u015bli nie da si\u0119 dotrze\u0107 do cz\u0142owieka, to po prostu trzeba stwierdzi\u0107 jaki\u015b fakt i&#8230; odpu\u015bci\u0107 sobie. <\/p>\n\n\n\n<p>Nie s\u0105dzimy, by Pan Donald by\u0142 idiot\u0105. Fakt, i\u017c m\u00f3wi rzeczy, kt\u00f3re uprawniaj\u0105 do u\u017cycia takiego terminu nie dowodzi jeszcze, i\u017c m\u00f3wi je szczerze. <\/p>\n\n\n\n<p>Schodz\u0105c jednak na taki poziom, wspiera i mobilizuje ten sw\u00f3j najwierniejszy, najbardziej chamski elektorat, tworz\u0105cy memy i pisz\u0105cy s\u0142owa, kt\u00f3re wywo\u0142uj\u0105 u nas odruch wymiotny. <\/p>\n\n\n\n<p>To b\u0119dzie Pana spu\u015bcizna Panie Donaldzie. <\/p>\n\n\n\n<p>Nawet je\u015bli przejdzie Pan do historii jako wybawca Polski od czego\u015btam, to ta chamska, wulgarna poza wszelkie granice cz\u0119\u015b\u0107 spo\u0142ecze\u0144stwa r\u00f3wnie\u017c b\u0119dzie pana spu\u015bcizn\u0105. <\/p>\n\n\n\n<p>Powy\u017csze tak og\u00f3lnie, do wielu wypowiedzi Pana D., wywo\u0142ane zosta\u0142o dzisiejszymi s\u0142owami o PKB w drugim kwartale. <\/p>\n\n\n\n<p>Opieramy si\u0119 na artykule z Onetu. <\/p>\n\n\n\n<figure class=\"wp-block-embed\"><div class=\"wp-block-embed__wrapper\">\nhttps:\/\/www.onet.pl\/informacje\/onetwiadomosci\/tusk-pokazuje-mape-i-uderza-w-kaczynskiego-dzis-szorujemy-po-dnie\/rlk1rd8,79cfc278\n<\/div><\/figure>\n\n\n\n<p><\/p>\n\n\n\n<p>Pan Tusk dokona\u0142 oceny 8 lat rz\u0105d\u00f3w PiS w oparciu o wspomniany powy\u017cej wska\u017anik ZA JEDEN KWARTA\u0141! <\/p>\n\n\n\n<p>Zak\u0142adaj\u0105c, i\u017c nie jest idiot\u0105, wie, \u017ce nie ma innego sposobu na obni\u017cenie inflacji, ni\u017c spadek konsumpcji. <\/p>\n\n\n\n<p>&#8222;Rzuca\u0142&#8221; si\u0119 jak p\u0142otka Pan by\u0142y premier w minionych miesi\u0105cach, rozpaczaj\u0105c nad inflacj\u0105. <\/p>\n\n\n\n<p>Jak chcesz j\u0105 geniuszu obni\u017cy\u0107?<\/p>\n\n\n\n<p>Wiele podobnych gospodarczych g\u0142upot gada\u0142 Pan Tusk do tej pory. Chwali\u0142 si\u0119 deflacj\u0105 pod koniec rz\u0105d\u00f3w PO. Deflacja to efekt kryzysu!<\/p>\n\n\n\n<p>Nie mamy bezrobocia &#8222;\u0142osiu&#8221; (bez obrazy dla \u0142osi). To najwa\u017cniejsze, bo ludzie maj\u0105c prac\u0119, przy wysokiej inflacji co najwy\u017cej ograniczaj\u0105 wydatki, a przy bezrobociu by\u0142by g\u0142\u00f3d i rosn\u0105cy, nieproduktywny socjal. <\/p>\n\n\n\n<p>Oczywi\u015bcie, jak wielokrotnie pisali\u015bmy, powo\u0142uj\u0105c si\u0119 na konkretne przyk\u0142ady, elektorat Pana Tuska to w znacznej cz\u0119\u015bci nie tylko chamy lecz po prostu idioci w wielu kwestiach i gospodarka nie jest tu wyj\u0105tkiem. <\/p>\n\n\n\n<p>Piszemy ten artyku\u0142 ok. godz. 16. <\/p>\n\n\n\n<p>Nie s\u0142uchali\u015bmy jeszcze wypowiedzi innych opozycyjnych polityk\u00f3w.<\/p>\n\n\n\n<p>O 17 ruszy festiwal wypowiedzi w TOK FM i TVN 24. <\/p>\n\n\n\n<p>Ka\u017cdy polityk, kt\u00f3ry b\u0119dzie biadoli\u0142 nad wska\u017anikiem PKB bez wskazania, i\u017c mniejsza konsumpcja obni\u017ca inflacj\u0119, jest &#8211; og\u0142aszamy wszem i wobec &#8211; IDIOT\u0104, ewentualnie sprzedajnym czym\u015btam. <\/p>\n\n\n\n<p>ps.<\/p>\n\n\n\n<p>Powy\u017cszy text powsta\u0142 w biegu. Nie ma czasu na korekt\u0119. Za ewentualne b\u0142\u0119dy przepraszamy. Strona non profit. Bardzo przepraszamy za s\u0142owo &#8222;idiota&#8221;, ale ju\u017c si\u0142 nie mamy.<\/p>\n<p class=\"bawpvc-ajax-counter\" data-id=\"2757\"><\/p>","protected":false},"excerpt":{"rendered":"<p>R\u0119ce opadaj\u0105. To co z poziomem intelektualnym polskiej polityki zrobi\u0142 <a class=\"more-link\" href=\"https:\/\/oko.pres-24.pl\/?p=2757\">Czytaj dalej \u2192<\/a><\/p>\n","protected":false},"author":1,"featured_media":0,"comment_status":"open","ping_status":"closed","sticky":false,"template":"","format":"standard","meta":{"footnotes":""},"categories":[1],"tags":[],"class_list":["post-2757","post","type-post","status-publish","format-standard","hentry","category-uncategorized"],"aioseo_notices":[],"_links":{"self":[{"href":"https:\/\/oko.pres-24.pl\/index.php?rest_route=\/wp\/v2\/posts\/2757","targetHints":{"allow":["GET"]}}],"collection":[{"href":"https:\/\/oko.pres-24.pl\/index.php?rest_route=\/wp\/v2\/posts"}],"about":[{"href":"https:\/\/oko.pres-24.pl\/index.php?rest_route=\/wp\/v2\/types\/post"}],"author":[{"embeddable":true,"href":"https:\/\/oko.pres-24.pl\/index.php?rest_route=\/wp\/v2\/users\/1"}],"replies":[{"embeddable":true,"href":"https:\/\/oko.pres-24.pl\/index.php?rest_route=%2Fwp%2Fv2%2Fcomments&post=2757"}],"version-history":[{"count":5,"href":"https:\/\/oko.pres-24.pl\/index.php?rest_route=\/wp\/v2\/posts\/2757\/revisions"}],"predecessor-version":[{"id":2763,"href":"https:\/\/oko.pres-24.pl\/index.php?rest_route=\/wp\/v2\/posts\/2757\/revisions\/2763"}],"wp:attachment":[{"href":"https:\/\/oko.pres-24.pl\/index.php?rest_route=%2Fwp%2Fv2%2Fmedia&parent=2757"}],"wp:term":[{"taxonomy":"category","embeddable":true,"href":"https:\/\/oko.pres-24.pl\/index.php?rest_route=%2Fwp%2Fv2%2Fcategories&post=2757"},{"taxonomy":"post_tag","embeddable":true,"href":"https:\/\/oko.pres-24.pl\/index.php?rest_route=%2Fwp%2Fv2%2Ftags&post=2757"}],"curies":[{"name":"wp","href":"https:\/\/api.w.org\/{rel}","templated":true}]}}