{"id":2738,"date":"2023-07-29T07:52:59","date_gmt":"2023-07-29T06:52:59","guid":{"rendered":"https:\/\/oko.pres-24.pl\/?p=2738"},"modified":"2023-07-29T16:20:20","modified_gmt":"2023-07-29T15:20:20","slug":"kultura-opozycji-czyli-dlaczego-zyczymy-sukcesu-konfederacji","status":"publish","type":"post","link":"https:\/\/oko.pres-24.pl\/?p=2738","title":{"rendered":"Kultura opozycji, czyli dlaczego \u017cyczymy sukcesu Konfederacji."},"content":{"rendered":"\n<p>Odk\u0105d trwa nieformalna kampania wyborcza, FB wrzuca nam reklam\u00f3wki r\u00f3\u017cnych partii politycznych. Formalne i nieformalne. <\/p>\n\n\n\n<p>Pisali\u015bmy ju\u017c o facebookowej tw\u00f3rczo\u015bci opozycyjnego fanklubu i zamie\u015bcili\u015bmy memy z nale\u017c\u0105cych do nich profili. Najgorsze wulgaryzmy nie wystarcz\u0105 by opisa\u0107 ten rynsztok. <\/p>\n\n\n\n<p>Rzucili si\u0119 dziwni ludzie, nazywaj\u0105cy siebie dziennikarzami, na s\u0142owa J.Kaczy\u0144skiego o &#8222;ry\u017cym&#8221;. <\/p>\n\n\n\n<p>Nie podoba nam si\u0119 to, nie powinien szef PiS dawa\u0107 buractwu pretekst\u00f3w do oskar\u017cania go o agresj\u0119. <\/p>\n\n\n\n<p>Rzecz w tym, \u017ce ci pseudodziennikarze nie dostrzegaj\u0105 nienawi\u015bci p\u0142yn\u0105cej z tuskowej strony, na d\u0142ugo zanim pojawi\u0142y si\u0119 w PiS jednostki dostosowuj\u0105ce si\u0119 do platformianego poziomu, ho\u0142ubionego przez Newsweeki, TVNy i znaczn\u0105 cz\u0119\u015b\u0107 TOKU. <\/p>\n\n\n\n<p>Bardzo wystrzegamy si\u0119 u\u017cywania s\u0142owa pogarda w kontek\u015bcie cz\u0142owieka, precyzyjnie wi\u0119c stwierdzamy, i\u017c to wykonywana przez was praca zas\u0142uguje na pogard\u0119. <\/p>\n\n\n\n<p>Ci intelektualni &#8222;tytani&#8221; wielokrotnie krytykowali wypowiedzi Kaczy\u0144skiego na r\u00f3\u017cne tematy, wy\u015bmiewaj\u0105c go, by po cichutku wygumkowa\u0107 temat, gdy nawet do ich rozumk\u00f3w dociera\u0142o, \u017ce intelektualnie szef PiS wyprzedza ich o lata \u015bwietlne. Wiele przyk\u0142ad\u00f3w tego typu przez ostatnie lata si\u0119 nazbiera\u0142o. Najbardziej chyba neutralny to kwestia odszkodowa\u0144 wojennych. Po pocz\u0105tkowych heheszkach, ca\u0142a opozycja, zar\u00f3wno ta polityczna jak i medialna, stan\u0119\u0142a po stronie reparacji. <\/p>\n\n\n\n<p>Jeste\u015bcie \u017ca\u0142o\u015bni.<\/p>\n\n\n\n<p>Wrzuca nam FB ostatnio posty tego typu:<\/p>\n\n\n\n<figure class=\"wp-block-image size-full is-resized\"><img loading=\"lazy\" decoding=\"async\" src=\"https:\/\/oko.pres-24.pl\/wp-content\/uploads\/2023\/07\/kaczz.png\" alt=\"\" class=\"wp-image-2744\" width=\"312\" height=\"420\" srcset=\"https:\/\/oko.pres-24.pl\/wp-content\/uploads\/2023\/07\/kaczz.png 571w, https:\/\/oko.pres-24.pl\/wp-content\/uploads\/2023\/07\/kaczz-223x300.png 223w\" sizes=\"auto, (max-width: 312px) 100vw, 312px\" \/><\/figure>\n\n\n\n<p>&#8222;Rzecz&#8221;, &#8222;bezu\u017cyteczna&#8221;&#8230; Co mo\u017cna, a nawet nale\u017cy zrobi\u0107 z bezu\u017cyteczn\u0105 rzecz\u0105?<\/p>\n\n\n\n<p>To jest narracja, kt\u00f3r\u0105 Donald Tusk nap\u0119dza od chwili powrotu. <\/p>\n\n\n\n<p>Mo\u017cna powiedzie\u0107, \u017ce J.Kaczy\u0144ski jest sam sobie winien. Ok. B\u0119d\u0105c w polityce, trzeba mie\u0107 tward\u0105 sk\u00f3r\u0119. <\/p>\n\n\n\n<p>Wtedy jednak wyskakuje nam mem z tego samego profilu. <\/p>\n\n\n\n<p>Dzi\u0119ki niemu stali\u015bmy si\u0119 kibicami Konfederacji. <\/p>\n\n\n\n<p>Ocenzurowali\u015bmy twarz tej Pani. Jest do wygooglowanie, zreszt\u0105 zrobili\u015bmy to, by upewni\u0107 si\u0119, \u017ce jest to w\u0142a\u015bciwa osoba. Jako\u015b nie potrafimy tego pu\u015bci\u0107 tak, jak to ogl\u0105damy, a tekst musi pozosta\u0107 niezmieniony. <\/p>\n\n\n\n<figure class=\"wp-block-image size-full\"><img loading=\"lazy\" decoding=\"async\" width=\"615\" height=\"715\" src=\"https:\/\/oko.pres-24.pl\/wp-content\/uploads\/2023\/07\/bosss.png\" alt=\"\" class=\"wp-image-2746\" srcset=\"https:\/\/oko.pres-24.pl\/wp-content\/uploads\/2023\/07\/bosss.png 615w, https:\/\/oko.pres-24.pl\/wp-content\/uploads\/2023\/07\/bosss-258x300.png 258w\" sizes=\"auto, (max-width: 615px) 100vw, 615px\" \/><\/figure>\n\n\n\n<p><\/p>\n\n\n\n<p>Mamy marzenie. Konfederacja sprytnie rozgrywa najbli\u017csz\u0105 kadencj\u0119 parlamentu, dzi\u0119ki czemu w nast\u0119pnej jest na tyle silna, \u017ce Pan Bosak zostaje ministrem sprawiedliwo\u015bci. <\/p>\n\n\n\n<p>Znajduje autora tego &#8222;dzie\u0142a&#8221; i w \u015bwietle kamer zadaje mu pytanie, dlaczego co\u015b takiego stworzy\u0142. <\/p>\n\n\n\n<p>Tylko tyle. <\/p>\n\n\n\n<p>Normalna rodzina. Dzieci. Te dzieci p\u00f3jd\u0105 kiedy\u015b do szko\u0142y. W internecie nic nie ginie&#8230;<\/p>\n\n\n\n<p>Nie\u0142atwo znale\u017a\u0107 s\u0142owa opisuj\u0105ce takich ludzi, jak tw\u00f3rca tego mema. Grube, brutalne, nas\u0105czone emocjami s\u0142owo, kt\u00f3re przychodzi nam do g\u0142owy, obra\u017ca\u0142oby matk\u0119 tego cz\u0142owieka, a mo\u017ce ona chcia\u0142a wychowa\u0107 porz\u0105dnego cz\u0142owieka. <\/p>\n\n\n\n<p>Dlaczego tak wam przeszkadza normalna rodzina?<\/p>\n\n\n\n<p>&#8222;Miel\u0105&#8221; post\u0119powe media &#8222;spraw\u0119 Pani Joanny&#8221; i pewne jest, \u017ce przed wyborami sprawa b\u0119dzie &#8222;grzana&#8221;. Ciekawe, czy je\u015bli Pani Joannie nie uda si\u0119 za\u0142apa\u0107 na jak\u0105\u015b list\u0119 wyborcz\u0105, ewentualnie opozycja nie wygra i nie zapewni jej jakiego\u015b sto\u0142ka, to czy nie zostanie porzucona przez &#8222;kole\u017canki&#8221;?<\/p>\n\n\n\n<p>&#8230;<\/p>\n\n\n\n<p>Teraz b\u0119dzie &#8222;nisko&#8221; ale czy nieprawdziwie. <\/p>\n\n\n\n<p>Rozmawiaj\u0105c z Pani\u0105 Doktor Pani Joanna stwierdzi\u0142a, i\u017c (cyt. z pami\u0119ci) &#8222;dokona\u0142a rzeczy strasznej&#8221; (aborcji). Jak to interpretowa\u0107?<\/p>\n\n\n\n<p>Wiemy jedno. Gdyby jej partnerem by\u0142 taki &#8222;Bosak&#8221;, nie musia\u0142oby doj\u015b\u0107 do tej &#8222;tragedii&#8221;. Gdyby ten potencjalny &#8222;Bosak&#8221; by\u0142 liberalny w kwestii aborcji, to by jej pom\u00f3g\u0142 przez to przej\u015b\u0107 i by\u0142by przy niej, gdy bra\u0142a tabletki. <\/p>\n\n\n\n<p>Skoro obydwie opcje nie mia\u0142y miejsca, kim by\u0142 &#8222;ojciec&#8221;. Czy nie stanowi\u0142 realizacji tego modelu \u017cycia, tak promowanego w tych mediach, kt\u00f3rych g\u0142upot\u0119 na tej stronie pi\u0119tnujemy. <\/p>\n\n\n\n<p>Zwi\u0105zek musi si\u0119 na czym\u015b opiera\u0107, na czym\u015b wi\u0119cej ni\u017c&#8230; w sumie nie wiadomo na czym si\u0119 opiera\u0107 maj\u0105 te Newsweekowe, TOK FM-owe i TVN-ove zwi\u0105zki. <\/p>\n\n\n\n<p>Pocz\u0105tek&#8230; to wiadomo. &#8222;Fajn\u0105 masz fotk\u0119 na Tinderze, cho\u0107 na bzykanko&#8221;. Co dalej? Atrakcyjno\u015b\u0107 sexualna, po kr\u00f3tszym b\u0105d\u017a d\u0142u\u017cszym etapie lawiny uczu\u0107, spada.  <\/p>\n\n\n\n<p>Skoro nie wsp\u00f3lnota, nie warto\u015bci, nie tradycja, nie odpowiedzialno\u015b\u0107 za dzieci, gdy si\u0119 pojawi\u0105, to co ma \u0142\u0105czy\u0107? Ach. To mityczne partnerstwo zapewne. Czyli umowa, kt\u00f3r\u0105 wszak mo\u017cna zerwa\u0107, gdy interesy partner\u00f3w \u017ale id\u0105. <\/p>\n\n\n\n<p>W nag\u0142\u00f3wkach wspominanych powy\u017cej medi\u00f3w powinien by\u0107 dopisek. <\/p>\n\n\n\n<p>&#8222;Bzyknij, przerwij, zapomnij.&#8221; <\/p>\n\n\n\n<p>Jak wida\u0107, Pani Joannie nie by\u0142o \u0142atwo zapomnie\u0107. <\/p>\n\n\n\n<p>I ostatnia sprawa. Drogie media. Promujecie &#8222;r\u0118cami i nogami&#8221; aborcj\u0119. <\/p>\n\n\n\n<p>Nie czujecie dysonansu p\u0142acz\u0105c nad malej\u0105c\u0105 dzietno\u015bci\u0105? <\/p>\n\n\n\n<p>Jakie\u015b to dziwne.<\/p>\n\n\n\n<p>ps.<\/p>\n\n\n\n<p>Niech b\u0119dzie, \u017ce spadamy jeszcze ni\u017cej ale nasz\u0142a nas pewna reflexia.<\/p>\n\n\n\n<p>W wymienianych tu mediach intensywnie promuje si\u0119, nie oparte na biologii zwi\u0105zki. Podkre\u015blamy, i\u017c nic przeciwko takowym zwi\u0105zkom nie mamy. To prywatna sprawa ka\u017cdego cz\u0142owieka, niemniej teraz dostrzegamy g\u0142\u0119bszy sens intensywnej promocji.<\/p>\n\n\n\n<p>Nie ma ci\u0105\u017cy, nie ma aborcji, nie ma problemu (cyt. &#8222;tragedii&#8221;). <\/p>\n<p class=\"bawpvc-ajax-counter\" data-id=\"2738\"><\/p>","protected":false},"excerpt":{"rendered":"<p>Odk\u0105d trwa nieformalna kampania wyborcza, FB wrzuca nam reklam\u00f3wki r\u00f3\u017cnych <a class=\"more-link\" href=\"https:\/\/oko.pres-24.pl\/?p=2738\">Czytaj dalej \u2192<\/a><\/p>\n","protected":false},"author":1,"featured_media":0,"comment_status":"open","ping_status":"closed","sticky":false,"template":"","format":"standard","meta":{"footnotes":""},"categories":[1],"tags":[],"class_list":["post-2738","post","type-post","status-publish","format-standard","hentry","category-uncategorized"],"aioseo_notices":[],"_links":{"self":[{"href":"https:\/\/oko.pres-24.pl\/index.php?rest_route=\/wp\/v2\/posts\/2738","targetHints":{"allow":["GET"]}}],"collection":[{"href":"https:\/\/oko.pres-24.pl\/index.php?rest_route=\/wp\/v2\/posts"}],"about":[{"href":"https:\/\/oko.pres-24.pl\/index.php?rest_route=\/wp\/v2\/types\/post"}],"author":[{"embeddable":true,"href":"https:\/\/oko.pres-24.pl\/index.php?rest_route=\/wp\/v2\/users\/1"}],"replies":[{"embeddable":true,"href":"https:\/\/oko.pres-24.pl\/index.php?rest_route=%2Fwp%2Fv2%2Fcomments&post=2738"}],"version-history":[{"count":8,"href":"https:\/\/oko.pres-24.pl\/index.php?rest_route=\/wp\/v2\/posts\/2738\/revisions"}],"predecessor-version":[{"id":2755,"href":"https:\/\/oko.pres-24.pl\/index.php?rest_route=\/wp\/v2\/posts\/2738\/revisions\/2755"}],"wp:attachment":[{"href":"https:\/\/oko.pres-24.pl\/index.php?rest_route=%2Fwp%2Fv2%2Fmedia&parent=2738"}],"wp:term":[{"taxonomy":"category","embeddable":true,"href":"https:\/\/oko.pres-24.pl\/index.php?rest_route=%2Fwp%2Fv2%2Fcategories&post=2738"},{"taxonomy":"post_tag","embeddable":true,"href":"https:\/\/oko.pres-24.pl\/index.php?rest_route=%2Fwp%2Fv2%2Ftags&post=2738"}],"curies":[{"name":"wp","href":"https:\/\/api.w.org\/{rel}","templated":true}]}}