{"id":2708,"date":"2023-06-16T17:53:55","date_gmt":"2023-06-16T16:53:55","guid":{"rendered":"https:\/\/oko.pres-24.pl\/?p=2708"},"modified":"2023-06-16T17:53:55","modified_gmt":"2023-06-16T16:53:55","slug":"czy-pan-donald-wlasnie-odlatuje","status":"publish","type":"post","link":"https:\/\/oko.pres-24.pl\/?p=2708","title":{"rendered":"Czy Pan Donald w\u0142a\u015bnie odlatuje?"},"content":{"rendered":"\n<p>S\u0142uchamy sobie w\u0142a\u015bnie Pana Donalda (pi\u0105tek, 16.06.2023 r.) na zwo\u0142anym przez niego wiecu. Pierwszy raz od d\u0142u\u017cszego czasu zaczynamy s\u0105dzi\u0107, i\u017c PiS mo\u017ce mie\u0107 trzeci\u0105 kadencj\u0119. Pan Tusk gada straszne g\u0142upoty. Dziwne i intryguj\u0105ce. Hmmm&#8230; trzeba spraw\u0119 przemy\u015ble\u0107 ale Panie Donaldzie, w sprawie uchod\u017ac\u00f3w jakie\u015b hokus-pokus-czary-mary odprawiasz. <\/p>\n<p class=\"bawpvc-ajax-counter\" data-id=\"2708\"><\/p>","protected":false},"excerpt":{"rendered":"<p>S\u0142uchamy sobie w\u0142a\u015bnie Pana Donalda (pi\u0105tek, 16.06.2023 r.) na zwo\u0142anym <a class=\"more-link\" href=\"https:\/\/oko.pres-24.pl\/?p=2708\">Czytaj dalej \u2192<\/a><\/p>\n","protected":false},"author":1,"featured_media":0,"comment_status":"open","ping_status":"closed","sticky":false,"template":"","format":"standard","meta":{"footnotes":""},"categories":[1],"tags":[],"class_list":["post-2708","post","type-post","status-publish","format-standard","hentry","category-uncategorized"],"aioseo_notices":[],"_links":{"self":[{"href":"https:\/\/oko.pres-24.pl\/index.php?rest_route=\/wp\/v2\/posts\/2708","targetHints":{"allow":["GET"]}}],"collection":[{"href":"https:\/\/oko.pres-24.pl\/index.php?rest_route=\/wp\/v2\/posts"}],"about":[{"href":"https:\/\/oko.pres-24.pl\/index.php?rest_route=\/wp\/v2\/types\/post"}],"author":[{"embeddable":true,"href":"https:\/\/oko.pres-24.pl\/index.php?rest_route=\/wp\/v2\/users\/1"}],"replies":[{"embeddable":true,"href":"https:\/\/oko.pres-24.pl\/index.php?rest_route=%2Fwp%2Fv2%2Fcomments&post=2708"}],"version-history":[{"count":1,"href":"https:\/\/oko.pres-24.pl\/index.php?rest_route=\/wp\/v2\/posts\/2708\/revisions"}],"predecessor-version":[{"id":2709,"href":"https:\/\/oko.pres-24.pl\/index.php?rest_route=\/wp\/v2\/posts\/2708\/revisions\/2709"}],"wp:attachment":[{"href":"https:\/\/oko.pres-24.pl\/index.php?rest_route=%2Fwp%2Fv2%2Fmedia&parent=2708"}],"wp:term":[{"taxonomy":"category","embeddable":true,"href":"https:\/\/oko.pres-24.pl\/index.php?rest_route=%2Fwp%2Fv2%2Fcategories&post=2708"},{"taxonomy":"post_tag","embeddable":true,"href":"https:\/\/oko.pres-24.pl\/index.php?rest_route=%2Fwp%2Fv2%2Ftags&post=2708"}],"curies":[{"name":"wp","href":"https:\/\/api.w.org\/{rel}","templated":true}]}}