{"id":2703,"date":"2023-06-11T13:26:33","date_gmt":"2023-06-11T12:26:33","guid":{"rendered":"https:\/\/oko.pres-24.pl\/?p=2703"},"modified":"2023-08-20T06:00:07","modified_gmt":"2023-08-20T05:00:07","slug":"k-wigura-i-j-kuisz-oj-chyba-jednak-zdrada","status":"publish","type":"post","link":"https:\/\/oko.pres-24.pl\/?p=2703","title":{"rendered":"K.Wigura i J.Kuisz. Oj, chyba jednak zdrada. [Aktualizacja, 18.08.2023 r.]"},"content":{"rendered":"\n<p>Wys\u0142uchali\u015bmy w\u0142a\u015bnie Pana Kuisza w TVN24 w programie &#8222;Lo\u017ca Prasowa&#8221;. W dniu wczorajszym w TOK FM wyst\u0105pi\u0142 wsp\u00f3lnie z Pani\u0105 Wigur\u0105. <\/p>\n\n\n\n<p>Panie Jaros\u0142awie. Ucieka Pan od meritum. Rozmywa Pan. <\/p>\n\n\n\n<p>To co Pan z Pani\u0105 Wigur\u0105 uczyni\u0142 wype\u0142nia, jak nam si\u0119 wydaje, znamiona zdrady. <\/p>\n\n\n\n<p>Szczeg\u00f3\u0142y wkr\u00f3tce. <\/p>\n\n\n\n<p>Czas na szczeg\u00f3\u0142y. [Aktualizacja, 18.08.2023 r.]<\/p>\n\n\n\n<p>Artyku\u0142 w &#8222;The New York Times&#8221; apelowa\u0142 m.in. o ograniczenie pomocy dla Rzeczypospolitej z powodu w\u0142adzy \u0142ami\u0105cej zasady praworz\u0105dno\u015bci. <\/p>\n\n\n\n<p>Po naszemu brzmi to tak: &#8222;Nasz najwi\u0119kszy sojuszniku (USA), nie pomagaj nam tak bardzo, nie zas\u0142ugujemy na to.&#8221;<\/p>\n\n\n\n<p>Geniusze (tzn. Pani W. i Panie K.) USA ma interesy, tylko interesy. Poczytajcie co\u015b o polityce zagranicznej Stan\u00f3w Zjednoczonych. Chwilka&#8230; naprawd\u0119 o to apelujemy do tak utytu\u0142owanych komentator\u00f3w&#8230; \u015amiech, p\u0142acz, u nas macie combo.<\/p>\n\n\n\n<p>Gdyby artyku\u0142 podobnej tre\u015bci napisali jacy\u015b Ukrai\u0144cy, w sytuacji, gdy ich kraj walczy o przetrwanie, werdykt by\u0142by oczywisty. Zdrada i zwi\u0105zane z ni\u0105 konsekwencje. <\/p>\n\n\n\n<p>Jak to zwykle w przypadku naszej cudownej ojczyzny, wszystko da si\u0119 rozmy\u0107, pomiesza\u0107 i odparowa\u0107, by nic si\u0119 nie da\u0142o zrobi\u0107. <\/p>\n\n\n\n<p>Je\u015bli prze\u015bledzicie Pa\u0144stwo losy r\u00f3\u017cnych zdrajc\u00f3w w historii Polski, to w spokoju, prawie zawsze dobrobycie, a niejednokrotnie chwale, do\u017cywali swoich dni. <\/p>\n\n\n\n<p>Nies\u0142awny H.Radziejowski, lobbysta szwedzkiej wizyty zwanej &#8222;potopem&#8221;. Bohaterowie wieszanych portret\u00f3w z okresu Powstania Ko\u015bciuszkowskiego, do czego nawi\u0105zano swego czasu w Katowicach. <\/p>\n\n\n\n<p>Jeste\u015bmy co prawda krajem przyfrontowym, jednak nie w stanie wojny. Apelowanie o os\u0142abienie obrony Polski jest nie\u0142adne i cho\u0107 nosi znamiona zdrady, do ko\u0144ca zdrad\u0105 nazwa\u0107 si\u0119 nie da. <\/p>\n\n\n\n<p>Odr\u0119bn\u0105 kwesti\u0105 jest zagadnienie intelektu autor\u00f3w, wchodz\u0105cych w takie tony w odniesieniu do polityki zagranicznej USA. <\/p>\n\n\n\n<p>Ca\u0142a historia Stan\u00f3w Zjednoczonych dowodzi, \u017ce gdy pa\u0144stwo to mia\u0142o w tym sw\u00f3j interes, nie przejmowa\u0142o si\u0119 wspieraniem &#8222;bardzo \u015brednio&#8221; demokratycznych rz\u0105d\u00f3w. <\/p>\n\n\n\n<p>Pani Wigura i Pan Kuisz zdaje si\u0119 co\u015b gdzie\u015b wyk\u0142adaj\u0105. Zapewne nie realpolitik.<\/p>\n\n\n\n<p>Naszym zdaniem wspomnieni powy\u017cej robi\u0105 \u015bwi\u0144stwo swojej ojczy\u017anie. Mo\u017cna to nazwa\u0107 zdrad\u0105, oczywi\u015bcie nie t\u0105 powa\u017cn\u0105, zagro\u017cona kar\u0105 g\u0142\u00f3wn\u0105, zreszt\u0105 jak\u0105kolwiek kar\u0105, niemo\u017cliw\u0105 z tego powodu, \u017ce pisz\u0105c ten artyku\u0142 autorzy zapewnili sobie immunitet. <\/p>\n\n\n\n<p>Nazwijmy to ma\u0142\u0105 zdradk\u0105, jednak o wielkich konsekwencjach. Autorzy to takie Jany Grossy w wersji light. <\/p>\n\n\n\n<p>Pozwolimy sobie przeskoczy\u0107 do bli\u017cszego s\u0105siada, gdy\u017c to w istocie to samo.<\/p>\n\n\n\n<p>Macie Pa\u0144stwo znajomych Niemc\u00f3w? Czy w ostatnich latach nie pytali Was z przera\u017ceniem o sytuacj\u0119 w Polsce, przekonani o tym, \u017ce wojsko t\u0142umi wolno\u015b\u0107 na ulicach?<\/p>\n\n\n\n<p>S\u0142uchali\u015bmy swego czasu regularnie HR Info oraz Deutsche Welle. Audycje tam puszczane, po\u015bwi\u0119cone aktualnej sytuacji w Polsce to by\u0142a bezpo\u015brednia i wprost wymierzona w Polsk\u0119 akcja dyskredytowania naszego narodu w oczach Niemc\u00f3w. <\/p>\n\n\n\n<p>Przy wsparciu wielu Polak\u00f3w&#8230;<\/p>\n\n\n\n<p>Podstawowa zasada w polityce zagranicznej: &#8222;nie miej poczucia winy wobec s\u0105siada&#8221;. Co\u015b takiego powoduje, i\u017c suwerenna polityka zagraniczna pa\u0144stwa, kt\u00f3rej celem jest obrona w\u0142asnego interesu jest niemo\u017cliwa. <\/p>\n\n\n\n<p>I ca\u0142e rzesze Polak\u00f3w, z tytu\u0142ami naukowymi, b\u0105d\u017a uwa\u017canych za &#8222;autorytety&#8221; ci\u0119\u017cko pracuje na to, by Niemcy postrzegali nas jako gorszych ludzi. Ba! Wielu naszych rodak\u00f3w faktycznie si\u0119 uwa\u017ca za gorszych, nie maj\u0105c szacunku do w\u0142asnego pa\u0144stwa, nie maj\u0105 faktycznie szacunku do samego siebie. <\/p>\n\n\n\n<p>W spo\u0142ecze\u0144stwie niemieckim nie ma \u017cadnego poczucia winy za zbrodnie dokonane na Polakach. Na \u017bydach owszem, jak najbardziej, cho\u0107 generalizuje si\u0119 ich narodowo\u015b\u0107, dzi\u0119ki czemu umyka fakt, i\u017c najwi\u0119ksza ich grupa to byli Polacy. <\/p>\n\n\n\n<p>S\u0142uchaj\u0105c krajowych opozycyjnych medi\u00f3w nie tyle mo\u017cna, co po prostu nabiera si\u0119 przekonania, i\u017c Polacy wymordowali wi\u0119cej \u017byd\u00f3w ni\u017c Niemcy. <\/p>\n\n\n\n<p>Przy okazji protest\u00f3w przeciwko &#8222;reformom&#8221; Benjamina Netanjahu, pojawi\u0142o si\u0119 has\u0142o: &#8222;Nie chcemy tu Polski&#8221;. <\/p>\n\n\n\n<p>Niezbyt to mi\u0142e, co rodzi pytanie: &#8222;komu nale\u017cy si\u0119 wdzi\u0119czno\u015b\u0107 za tego typu popularno\u015b\u0107?&#8221;.<\/p>\n\n\n\n<p>Ludziom takim jak Pani Wigura i Pan Kuisz. <\/p>\n\n\n\n<p>Skoro Polacy g\u0142osz\u0105 takie rzeczy o w\u0142asnym kraju w zagranicznych mediach, to jest to n\u00f3\u017c skierowany ostrzem w nasz\u0105 stron\u0119, kt\u00f3r\u0105 autorzy tych apel\u00f3w wr\u0119czaj\u0105 ludziom chc\u0105cym Polsce zaszkodzi\u0107. <\/p>\n\n\n\n<p>Artyku\u0142 w &#8222;The New York Times&#8221; le\u017cy sobie i czeka na moment, kt\u00f3ry jaki\u015b ameryka\u0144ski polityk uzna za odpowiedni, by na antypolsko\u015bci co\u015b ugra\u0107.<\/p>\n\n\n\n<p>Skoro Polacy sami o sobie tak m\u00f3wi\u0105\/pisz\u0105&#8230; c\u00f3\u017c za spektrum mo\u017cliwo\u015bci by to politycznie wykorzysta\u0107. <\/p>\n\n\n\n<p>Pan Kuisz i Pani Wigura zrobili to samo, co swego czasu Pan Gross. Dali obcym politykom bro\u0144 przeciwko w\u0142asnemu pa\u0144stwu. <\/p>\n\n\n\n<p>Oczywi\u015bcie skala nie ta. Nikt o artykule powy\u017cszej pary za kilka lat nie b\u0119dzie pami\u0119ta\u0142, podczas gdy &#8222;dokonania&#8221; Pana Jana prawdopodobnie i za sto lat szkodzi\u0107 b\u0119d\u0105 Polsce. Hmmm&#8230; o ile Polska b\u0119dzie w\u00f3wczas na mapach.<\/p>\n\n\n\n<p>Dla ka\u017cdego my\u015bl\u0105cego cz\u0142owieka, kt\u00f3remu zale\u017cy, by istnia\u0142o silne pa\u0144stwo polskie, kt\u00f3re b\u0119dzie w stanie go obroni\u0107 jasne jest, i\u017c to Niemcy powinni odczuwa\u0107 wobec Polak\u00f3w poczucie winy. <\/p>\n\n\n\n<p>G\u0142upota ludzi broni\u0105cych pa\u0144stwa niemieckiego, gdy strona polska pr\u00f3buje wypomina\u0107 im zbrodnie po prostu pora\u017ca. Wielu w\u015br\u00f3d nich kupionych. Stypendia, fundusze, granty itp. Wielu jednak to po prostu \u0107wier\u0107wiadomoco.<\/p>\n\n\n\n<p>&#8222;Niemcy tyle dla nas zrobili&#8221;, &#8222;B\u0105d\u017amy wdzi\u0119czni&#8230;&#8221;itp. <\/p>\n\n\n\n<p>Nie! <\/p>\n\n\n\n<p>Budujmy razem zjednoczona Europ\u0119 ale Niemcy musz\u0105 pami\u0119ta\u0107 o tym co zrobili. <\/p>\n\n\n\n<p>Ot&#8230; zwyk\u0142a edukacja.<\/p>\n\n\n\n<p>\u017benad\u0105 jest przypomina\u0107 &#8222;naszym&#8221; profesorom, komentatorom, dziennikarzom, i\u017c ka\u017cda w\u0142adza w pa\u0144stwach cz\u0142onkowskich Unii, pochodzi jednak z wybor\u00f3w, w kt\u00f3rych g\u0142osuj\u0105 obywatele. <\/p>\n\n\n\n<p>Chc\u0105c wygra\u0107, trzeba tym obywatelom co\u015b obieca\u0107. Obieca\u0107 co\u015b dobrego, nieprawda\u017c? Najtaniej po prostu gra\u0107 na dumie narodowej, a ta zawsze, jak narody, tworzy si\u0119 poprzez kontrast, opozycj\u0119 wzgl\u0119dem innych.<\/p>\n\n\n\n<p>Nie\u0142adne? Taka w\u0142a\u015bnie jest polityka i skoro wszystkie partie we wszystkich pa\u0144stwach tak robi\u0105 to&#8230;<\/p>\n\n\n\n<p>Ka\u017cda potencjalna (lub nie) w\u0142adza stara si\u0119 nie tylko tak formowa\u0107 przekaz, \u017ce dzia\u0142a (b\u0119dzie dzia\u0142a\u0107) w interesie obywateli w\u0142asnego pa\u0144stwa ale i co\u015b dla nich faktycznie robi\u0107.<\/p>\n\n\n\n<p>Jeden by\u0142 wyj\u0105tek. <\/p>\n\n\n\n<p>Przed 2015 r. by\u0142a to Polska. <\/p>\n\n\n\n<p>Nieustaj\u0105ca narracja, i\u017c jeste\u015bmy gorsi itp. Nieustaj\u0105ce poczucie ni\u017cszo\u015bci i ta beznadziejnie g\u0142upia rado\u015b\u0107 elYt sprzed 2015 r., \u017ce za granic\u0105 tak nas lubi\u0105. <\/p>\n\n\n\n<p>Co za g\u0142upota. <\/p>\n\n\n\n<p>Kto\u015b ma 100 z\u0142., potrzebuje ich, a wy je chcecie. <\/p>\n\n\n\n<p>Je\u015bli ten kto\u015b wam je da, b\u0119dziecie go chwali\u0107, poklepywa\u0107 po ramieniu ale czy nie pomy\u015blicie sobie w g\u0142owie, co za frajer. Odda\u0142 mi co\u015b, czego potrzebowa\u0142 za g\u0142upi\u0105 pochwa\u0142\u0119. <\/p>\n\n\n\n<p>To by\u0142a polska polityka zagraniczna przed 2015 r.<\/p>\n\n\n\n<p>M\u0105drale z opozycji m\u00f3wi\u0105, \u017ce teraz Polska nie prowadzi \u017cadnej polityki zagranicznej. <\/p>\n\n\n\n<p>I w tym kontek\u015bcie trzeba wspomnie\u0107 o pewnym odkryciu, do kt\u00f3rego dotarcie zaj\u0119\u0142o politykom opozycji 8 lat. <\/p>\n\n\n\n<p>W ostatnich tygodniach kilka razy us\u0142yszeli\u015bmy z ust prominentnych polityk\u00f3w opozycyjnych i takowych komentator\u00f3w politycznych\/dziennikarzy, i\u017c PiS kieruje sw\u00f3j przekaz do Polak\u00f3w, gdy\u017c wybory wygrywa si\u0119 w Polsce (cytat nieprecyzyjny, z pami\u0119ci).<\/p>\n\n\n\n<p>WOW! 8 lat, by odkry\u0107, \u017ce o tym, kto rz\u0105dzi w Polsce decyduj\u0105 Polacy i wypada o nich zadba\u0107.<\/p>\n\n\n\n<p>Podziwiamy Wasz intelekt.<\/p>\n\n\n\n<p><\/p>\n\n\n\n<p> <\/p>\n<p class=\"bawpvc-ajax-counter\" data-id=\"2703\"><\/p>","protected":false},"excerpt":{"rendered":"<p>Wys\u0142uchali\u015bmy w\u0142a\u015bnie Pana Kuisza w TVN24 w programie &#8222;Lo\u017ca Prasowa&#8221;. <a class=\"more-link\" href=\"https:\/\/oko.pres-24.pl\/?p=2703\">Czytaj dalej \u2192<\/a><\/p>\n","protected":false},"author":1,"featured_media":0,"comment_status":"open","ping_status":"closed","sticky":false,"template":"","format":"standard","meta":{"footnotes":""},"categories":[1],"tags":[],"class_list":["post-2703","post","type-post","status-publish","format-standard","hentry","category-uncategorized"],"aioseo_notices":[],"_links":{"self":[{"href":"https:\/\/oko.pres-24.pl\/index.php?rest_route=\/wp\/v2\/posts\/2703","targetHints":{"allow":["GET"]}}],"collection":[{"href":"https:\/\/oko.pres-24.pl\/index.php?rest_route=\/wp\/v2\/posts"}],"about":[{"href":"https:\/\/oko.pres-24.pl\/index.php?rest_route=\/wp\/v2\/types\/post"}],"author":[{"embeddable":true,"href":"https:\/\/oko.pres-24.pl\/index.php?rest_route=\/wp\/v2\/users\/1"}],"replies":[{"embeddable":true,"href":"https:\/\/oko.pres-24.pl\/index.php?rest_route=%2Fwp%2Fv2%2Fcomments&post=2703"}],"version-history":[{"count":6,"href":"https:\/\/oko.pres-24.pl\/index.php?rest_route=\/wp\/v2\/posts\/2703\/revisions"}],"predecessor-version":[{"id":2773,"href":"https:\/\/oko.pres-24.pl\/index.php?rest_route=\/wp\/v2\/posts\/2703\/revisions\/2773"}],"wp:attachment":[{"href":"https:\/\/oko.pres-24.pl\/index.php?rest_route=%2Fwp%2Fv2%2Fmedia&parent=2703"}],"wp:term":[{"taxonomy":"category","embeddable":true,"href":"https:\/\/oko.pres-24.pl\/index.php?rest_route=%2Fwp%2Fv2%2Fcategories&post=2703"},{"taxonomy":"post_tag","embeddable":true,"href":"https:\/\/oko.pres-24.pl\/index.php?rest_route=%2Fwp%2Fv2%2Ftags&post=2703"}],"curies":[{"name":"wp","href":"https:\/\/api.w.org\/{rel}","templated":true}]}}