{"id":2686,"date":"2023-06-04T13:59:32","date_gmt":"2023-06-04T12:59:32","guid":{"rendered":"https:\/\/oko.pres-24.pl\/?p=2686"},"modified":"2023-06-05T02:30:20","modified_gmt":"2023-06-05T01:30:20","slug":"wrazenia-z-marszu-4-vi-2023-r","status":"publish","type":"post","link":"https:\/\/oko.pres-24.pl\/?p=2686","title":{"rendered":"Wra\u017cenia z marszu 4 VI 2023 r."},"content":{"rendered":"\n<p>Czy Pan Trzaskowski nie &#8222;polecia\u0142 Hitlerem&#8221;? \u015arednio wysz\u0142o w kontek\u015bcie nies\u0142awnego spotu. <\/p>\n\n\n\n<p>Je\u015bli dobrze us\u0142yszeli\u015bmy, przemawiaj\u0105c, prezydent stolicy u\u017cy\u0142 zwrotu &#8222;Obud\u017a si\u0119 Polsko&#8221;. To dok\u0142adne t\u0142umaczenie has\u0142a, kt\u00f3rym pos\u0142ugiwa\u0142o si\u0119 NSDAP, czyli &#8222;Deutschland erwache&#8221;. <\/p>\n\n\n\n<p>Argument niskich lot\u00f3w, ale w odr\u00f3\u017cnieniu od &#8222;zwyk\u0142ych&#8221; ludzi, a jak wida\u0107 i lider\u00f3w partyjnych, pami\u0119tamy. Sporo pami\u0119tamy. <\/p>\n\n\n\n<p>W czasach, gdy Adam Hofman by\u0142 &#8222;m\u0142odym wilczkiem&#8221; w PiS, wyst\u0119powa\u0142 cz\u0119sto w mediach. Brakuje obecnie na prawicy takich elokwentnych bystrzak\u00f3w. <\/p>\n\n\n\n<p>W prowadzonej w\u00f3wczas kampanii, PiS pos\u0142ugiwa\u0142o si\u0119 m.in. has\u0142em &#8222;Obud\u017a si\u0119 Polsko&#8221;. <\/p>\n\n\n\n<p>I oto podczas dyskusji na antenie TVN24, prof. HISTORII! Tomasz Na\u0142\u0119cz oskar\u017cy\u0142 parti\u0119 Pana Hofmana o pos\u0142ugiwanie si\u0119 nazistowskim has\u0142em. <\/p>\n\n\n\n<p>Eksponat z epoki poni\u017cej. <\/p>\n\n\n\n<figure class=\"wp-block-image size-full is-resized\"><img loading=\"lazy\" decoding=\"async\" src=\"https:\/\/oko.pres-24.pl\/wp-content\/uploads\/2023\/06\/erwache-1.jpg\" alt=\"\" class=\"wp-image-2688\" width=\"197\" height=\"295\" srcset=\"https:\/\/oko.pres-24.pl\/wp-content\/uploads\/2023\/06\/erwache-1.jpg 427w, https:\/\/oko.pres-24.pl\/wp-content\/uploads\/2023\/06\/erwache-1-200x300.jpg 200w\" sizes=\"auto, (max-width: 197px) 100vw, 197px\" \/><\/figure>\n\n\n\n<p>I c\u00f3\u017c zrobi\u0142 Pan Hofman? &#8222;Posk\u0142ada\u0142&#8221; Pana prof. HISTORII! Na\u0142\u0119cza jak scyzoryk. Mo\u017cliwe, \u017ce gdzie\u015b w sieci jest \u00f3w wyw\u00f3d do odnalezienia. <\/p>\n\n\n\n<p>Reasumuj\u0105c wychodzi na to, i\u017c, co prawda po\u015brednio, prof. Na\u0142\u0119cz zarzuca Prezydentowi Warszawy pos\u0142ugiwanie si\u0119 nazistowskim has\u0142em. <\/p>\n\n\n\n<p>Polecamy Panu Trzaskowskiemu zapoznanie si\u0119 z wywodem Pana Hofmana, gdy\u017c mo\u017ce mu si\u0119 przyda\u0107.<\/p>\n\n\n\n<p>C\u00f3\u017c tam jeszcze dzia\u0142o si\u0119 na marszu? <\/p>\n\n\n\n<p>Prezydent Lech Wa\u0142\u0119sa po raz kolejny pokaza\u0142, i\u017c warto konsultowa\u0107 z nim wyst\u0105pienia. &#8222;Cz\u0142owiek sukcesu&#8221;, kt\u00f3ry w wyborach prezydenckich w 2000 r. zdoby\u0142 1,01% g\u0142os\u00f3w, a ostatnio ci\u0105gle narzeka\u0142 na domagaj\u0105c\u0105 si\u0119 pieni\u0119dzy \u017con\u0119. Lito\u015bciwie zamilczmy.<\/p>\n\n\n\n<p>Pojawi\u0142 si\u0119 jaki\u015b re\u017cyser, kt\u00f3ry m\u00f3wi\u0142 o kulturze wy\u017cszej itp. Przedstawiaj\u0105ca go Pani wymieni\u0142a dorobek Pana Re\u017cysera w postaci trzech film\u00f3w. Tytu\u0142y owych film\u00f3w nie wskazuj\u0105, by by\u0142o to jakie\u015b kino moralnego niepokoju. Zapowiadaj\u0105ca wspomnia\u0142a, i\u017c to komedie. Przyznajemy, nie ogl\u0105dali\u015bmy, gdy\u017c niemal ka\u017cda pr\u00f3ba zapoznania si\u0119 z komediow\u0105 tw\u00f3rczo\u015bci\u0105 po 1989 r. ko\u0144czy\u0142a si\u0119 u nas za\u017cenowaniem. \u017byczymy Panu Re\u017cyserowi, \u017ceby jego filmy by\u0142y na miar\u0119 &#8222;Alternatyw 4&#8221; czy &#8222;Sexmisji&#8221; ale wszyscy wiemy, \u017ce to nieprawda.<\/p>\n\n\n\n<p>Pani nauczycielka. Narzeka, \u017ce po 25 latach pracy ma prawo do emerytury ale nie mo\u017ce na ni\u0105 p\u00f3j\u015b\u0107, gdy\u017c jest potrzebna. Prosz\u0119 Pani. \u017byczymy Pani, by nigdy nie czu\u0142a si\u0119 Pani niepotrzebna. Poza tym, po 25 latach na emerytur\u0119? Troch\u0119 nie fair. Prosz\u0119 wzi\u0105\u0107 urlop dla poratowania zdrowia je\u015bli jest Pani zm\u0119czona. 100% wynagrodzenia przez rok. Mo\u017cna odpocz\u0105\u0107. <\/p>\n\n\n\n<p>Nauczyciel dyplomowany to ponad 4 tys. u\u015brednionego wynagrodzenia miesi\u0119cznie. Ma\u0142o? Przecie\u017c brakuje nauczycieli. Bez trudu znajdzie Pani drugi etat. WOW! Dalej b\u0119dzie ma\u0142o? Ech ta ob\u0142uda. <\/p>\n\n\n\n<p>C\u00f3\u017c. Ten rok to kumulacja rocznik\u00f3w i jest Pani bardzo potrzebna. Prosimy o ostatni wysi\u0142ek, gdy\u017c za rok sytuacja b\u0119dzie radykalnie odmienna.  <\/p>\n\n\n\n<p>Na antenie TVN Pan Piotr Kra\u015bko. TO SI\u0118 NIE MIE\u015aCI W KT\u00d3REJKOLWIEK CZ\u0118\u015aCI CIA\u0141A. Ten chodz\u0105cy czy siedz\u0105cy (w zale\u017cno\u015bci od okoliczno\u015bci) \u017cywy moralitet, cnota niewie\u015bcia i niepokalanie chyba pocz\u0119ty prorok\/kaznodzieja, a czasem my\u015blimy, \u017ce mesjasz, zn\u00f3w poucza. Go\u015b\u0107, kt\u00f3ry powie wszystko o szlachetno\u015bci, dobru, empatii i co tylko kto\u015b b\u0119dzie chcia\u0142, a \u017cyciem pokaza\u0142, \u017ce czuje si\u0119 kim\u015b lepszym i ma gdzie\u015b zasady obowi\u0105zuj\u0105ce wszystkich Polak\u00f3w. <\/p>\n\n\n\n<p>Istna komedia.<\/p>\n\n\n\n<p>Mo\u017ce wspomniany powy\u017cej Pan Re\u017cyser co\u015b o tym nakr\u0119ci. To niew\u0105tpliwie by\u0142aby \u017cenuj\u0105ca komedia. <\/p>\n\n\n\n<p>By\u0142 te\u017c Pan pi\u0142karz\/europose\u0142 T.Frankowski. Ech, generalnie ekonomicznie to opozycja le\u017cy i tu kolejny przyk\u0142ad. <\/p>\n\n\n\n<p>Pan by\u0142y pi\u0142karz wspomina\u0142, \u017ce prac\u0119 w Polsce mo\u017cna znale\u017a\u0107 tylko po znajomo\u015bci. Gratulujemy geniuszu. W Polsce jest obecnie najni\u017csze bezrobocie w historii. Pracy nie ma tylko ten, kto nie chce pracowa\u0107. <\/p>\n\n\n\n<p>ps.<\/p>\n\n\n\n<p>O 16.10 Pan Trzaskowski dwukrotnie na antenie TVN24 powt\u00f3rzy\u0142 &#8222;Obud\u017a si\u0119 Polsko&#8221;. Czekamy na reakcj\u0119 prof. Na\u0142\u0119cza.<\/p>\n\n\n\n<p><\/p>\n<p class=\"bawpvc-ajax-counter\" data-id=\"2686\"><\/p>","protected":false},"excerpt":{"rendered":"<p>Czy Pan Trzaskowski nie &#8222;polecia\u0142 Hitlerem&#8221;? \u015arednio wysz\u0142o w kontek\u015bcie <a class=\"more-link\" href=\"https:\/\/oko.pres-24.pl\/?p=2686\">Czytaj dalej \u2192<\/a><\/p>\n","protected":false},"author":1,"featured_media":0,"comment_status":"open","ping_status":"closed","sticky":false,"template":"","format":"standard","meta":{"footnotes":""},"categories":[1],"tags":[],"class_list":["post-2686","post","type-post","status-publish","format-standard","hentry","category-uncategorized"],"aioseo_notices":[],"_links":{"self":[{"href":"https:\/\/oko.pres-24.pl\/index.php?rest_route=\/wp\/v2\/posts\/2686","targetHints":{"allow":["GET"]}}],"collection":[{"href":"https:\/\/oko.pres-24.pl\/index.php?rest_route=\/wp\/v2\/posts"}],"about":[{"href":"https:\/\/oko.pres-24.pl\/index.php?rest_route=\/wp\/v2\/types\/post"}],"author":[{"embeddable":true,"href":"https:\/\/oko.pres-24.pl\/index.php?rest_route=\/wp\/v2\/users\/1"}],"replies":[{"embeddable":true,"href":"https:\/\/oko.pres-24.pl\/index.php?rest_route=%2Fwp%2Fv2%2Fcomments&post=2686"}],"version-history":[{"count":8,"href":"https:\/\/oko.pres-24.pl\/index.php?rest_route=\/wp\/v2\/posts\/2686\/revisions"}],"predecessor-version":[{"id":2701,"href":"https:\/\/oko.pres-24.pl\/index.php?rest_route=\/wp\/v2\/posts\/2686\/revisions\/2701"}],"wp:attachment":[{"href":"https:\/\/oko.pres-24.pl\/index.php?rest_route=%2Fwp%2Fv2%2Fmedia&parent=2686"}],"wp:term":[{"taxonomy":"category","embeddable":true,"href":"https:\/\/oko.pres-24.pl\/index.php?rest_route=%2Fwp%2Fv2%2Fcategories&post=2686"},{"taxonomy":"post_tag","embeddable":true,"href":"https:\/\/oko.pres-24.pl\/index.php?rest_route=%2Fwp%2Fv2%2Ftags&post=2686"}],"curies":[{"name":"wp","href":"https:\/\/api.w.org\/{rel}","templated":true}]}}