{"id":2680,"date":"2023-06-03T17:32:49","date_gmt":"2023-06-03T16:32:49","guid":{"rendered":"https:\/\/oko.pres-24.pl\/?p=2680"},"modified":"2023-06-04T02:06:59","modified_gmt":"2023-06-04T01:06:59","slug":"4-czerwca-maszeruje-pis-opozycje-konsoliduje-czy-d-tusk-triumfuje","status":"publish","type":"post","link":"https:\/\/oko.pres-24.pl\/?p=2680","title":{"rendered":"4 czerwca maszeruje, PiS opozycj\u0119 konsoliduje, a D.Tusk triumfuje."},"content":{"rendered":"\n<p>By\u0142a szansa na &#8222;trzeci\u0105 drog\u0119&#8221;. <\/p>\n\n\n\n<p>Nie, nie chodzi o Pana S.Ho\u0142owni\u0119. Ostatnie rankingi pokazuj\u0105, i\u017c jednak mieli\u015bmy racj\u0119. Lider partii &#8222;Polska 2050&#8221; jest zwyczajnie s\u0142aby. Efekt \u015bwie\u017co\u015bci min\u0105\u0142. Pr\u00f3by ratowania sonda\u017cy podkre\u015blaniem w\u0142asnej odr\u0119bno\u015bci, czego apogeum by\u0142o g\u0142osowanie w sprawie SN tylko pogorszy\u0142o obraz ca\u0142o\u015bci. I rzecz najwa\u017cniejsza dla lidera, osobowo\u015b\u0107. Stand-uppy Pana Ho\u0142owni zdecydowanie ust\u0119puj\u0105 wyst\u0105pieniom lidera KO. <\/p>\n\n\n\n<p>&#8222;Trzeci\u0105 drog\u0105&#8221; m\u00f3g\u0142 by\u0107 Pan W.Kosiniak-Kamysz. <\/p>\n\n\n\n<p>W czasie kampanii prezydenckiej, gdy Pani Kidawa-B\u0142o\u0144ska pogr\u0105\u017ca\u0142a si\u0119 z ka\u017cd\u0105 kolejn\u0105 wypowiedzi\u0105, szef PSL \u015bwietnie si\u0119 zaprezentowa\u0142 i wielu ludzi to dostrzeg\u0142o, co znalaz\u0142o odzwierciedlenie w sonda\u017cach. <\/p>\n\n\n\n<p>Niestety, wej\u015bcie do gry R.Trzaskowskiego i powr\u00f3t D.Tuska zniszczy\u0142y nadziej\u0119 na pojawienie si\u0119 si\u0142y, kt\u00f3r\u0105 jednoczy\u0142o b\u0119dzie co\u015b innego ni\u017c nienawi\u015b\u0107 do przeciwnika. <\/p>\n\n\n\n<p>Szkoda. Trzecia partia w sejmie, niewiele ust\u0119puj\u0105ca g\u0142\u00f3wnym graczom, mog\u0142aby dyktowa\u0107 warunki. <\/p>\n\n\n\n<p>To ju\u017c przesz\u0142o\u015b\u0107. <\/p>\n\n\n\n<p>Obecnie sytuacja wygl\u0105da tak, i\u017c konflikt i wzajemna nienawi\u015b\u0107 mi\u0119dzy zwolennikami PiS i KO narasta i nic nie zapowiada zmiany w tej kwestii.<\/p>\n\n\n\n<p>&#8230;<\/p>\n\n\n\n<p>Jutro ulicami Warszawy przejdzie marsz, s\u0142usznie nazywany &#8222;marszem Donalda Tuska&#8221;. <\/p>\n\n\n\n<p>Jako symetry\u015bci obstawiamy grube zadymy. To z pewno\u015bci\u0105 b\u0119dzie ciekawy dzie\u0144. <\/p>\n\n\n\n<p>&#8230;<\/p>\n\n\n\n<p>Jest pewne, i\u017c je\u015bli po jesiennych wyborach nie uda si\u0119 J.Kaczy\u0144skiemu skleci\u0107 rz\u0105dz\u0105cej wi\u0119kszo\u015bci, b\u0119dzie to zas\u0142ug\u0105 D.Tuska. <\/p>\n\n\n\n<p>Gra idzie na ostro. Takiej mobilizacji lider\u00f3w w III RP jeszcze nie by\u0142o, przy czym aktywno\u015bci\u0105 lider KO przebija szefa PiS. Truizmem jest twierdzenie, i\u017c obydwaj maj\u0105 \u015bwiadomo\u015b\u0107 stawki o jak\u0105 toczy si\u0119 gra i gdzie znajduje si\u0119 boisko na kt\u00f3rym nale\u017cy gra\u0107. Problemy zdrowotne J.Kaczy\u0144skiego nie u\u0142atwiaj\u0105 mu jednak nawi\u0105zania r\u00f3wnorz\u0119dnej rywalizacji. <\/p>\n\n\n\n<p>Tusk opr\u00f3cz lepszego zdrowia ma dodatkowe atuty: niez\u0142\u0105 sylwetk\u0119 i talent stand-uppera. Merytorycznie r\u00f3wnie\u017c jest nie\u017ale przygotowany cho\u0107 zaliczy\u0142 kilka wpadek i nieco nas dziwi, i\u017c rz\u0105dz\u0105cy mu ich nie wytkn\u0119li, cho\u0107 to delikatne kwestie, o kt\u00f3rych p\u00f3\u017aniej.<\/p>\n\n\n\n<p>Porusza si\u0119 swobodnie, z pewno\u015bci\u0105 siebie. M\u00f3wi sk\u0142adnie, nie pl\u0105cze si\u0119, odpiera ataki, cho\u0107 trzeba stwierdzi\u0107, i\u017c atakuj\u0105cy go, obecni na spotkaniu zwolennicy prawicy merytorycznie s\u0105 po prostu s\u0142abi. <\/p>\n\n\n\n<p>Jedyny raz, przy zastrze\u017ceniu, i\u017c ogl\u0105dali\u015bmy tylko kilka spotka\u0144, gdy szef KO odpiera\u0142 &#8222;atak&#8221; nieco si\u0119 pl\u0105cz\u0105c, zwi\u0105zany by\u0142 z pytaniem jakiej\u015b kobiety o likwidacj\u0119 OFE. Troch\u0119 nas to zaskoczy\u0142o, bo to sprawa \u0142atwa do obrony. <\/p>\n\n\n\n<p>W\u0142a\u015bnie pytania z zakresu gospodarki, zadawane akurat nie przez PiS-owc\u00f3w, a zwolennik\u00f3w np. Konfederacji, zmuszaj\u0105 Pana Tuska do wi\u0119kszego wysi\u0142ku. Trzeba jednak przyzna\u0107, i\u017c nie\u017ale daje sobie rad\u0119. <\/p>\n\n\n\n<p>Dawno temu chcieli\u015bmy, opisuj\u0105c stan opozycji, odwo\u0142a\u0107 si\u0119 do \u015bwietnego komiksu autorstwa genialnego duetu Rosi\u0144ski, Van Hamme, pt. Szninkiel. W finale pada tam kwestia: &#8222;Pok\u00f3j nast\u0105pi, gdy tr\u00f3jka si\u0119 zjednoczy&#8230; przeciwko mnie&#8221;. <\/p>\n\n\n\n<p>Krzyczeli opozycyjni liderzy w ostatnich latach o totalitarnych zap\u0119dach PiS. Fakt, i\u017c nie jednoczyli si\u0119 dowodzi\u0142, i\u017c to by\u0142a to zwyczajna &#8222;\u015bciema&#8221; wy\u0142\u0105cznie by pozyska\u0107 opozycyjny elektorat. <\/p>\n\n\n\n<p>D.Tusk, konsekwentnie radykalizuj\u0105c elektorat spycha\u0142 konkurent\u00f3w ze sceny. Ustawa o &#8222;tuskowej&#8221; komisji przes\u0105dzi\u0142a spraw\u0119. Panowie Ho\u0142ownia i Kosiniak-K. nie mieli wyj\u015bcia. Pan Donald triumfuje. <\/p>\n\n\n\n<p>c.d.n.<\/p>\n\n\n\n<p><\/p>\n<p class=\"bawpvc-ajax-counter\" data-id=\"2680\"><\/p>","protected":false},"excerpt":{"rendered":"<p>By\u0142a szansa na &#8222;trzeci\u0105 drog\u0119&#8221;. Nie, nie chodzi o Pana <a class=\"more-link\" href=\"https:\/\/oko.pres-24.pl\/?p=2680\">Czytaj dalej \u2192<\/a><\/p>\n","protected":false},"author":1,"featured_media":0,"comment_status":"open","ping_status":"closed","sticky":false,"template":"","format":"standard","meta":{"footnotes":""},"categories":[1],"tags":[],"class_list":["post-2680","post","type-post","status-publish","format-standard","hentry","category-uncategorized"],"aioseo_notices":[],"_links":{"self":[{"href":"https:\/\/oko.pres-24.pl\/index.php?rest_route=\/wp\/v2\/posts\/2680","targetHints":{"allow":["GET"]}}],"collection":[{"href":"https:\/\/oko.pres-24.pl\/index.php?rest_route=\/wp\/v2\/posts"}],"about":[{"href":"https:\/\/oko.pres-24.pl\/index.php?rest_route=\/wp\/v2\/types\/post"}],"author":[{"embeddable":true,"href":"https:\/\/oko.pres-24.pl\/index.php?rest_route=\/wp\/v2\/users\/1"}],"replies":[{"embeddable":true,"href":"https:\/\/oko.pres-24.pl\/index.php?rest_route=%2Fwp%2Fv2%2Fcomments&post=2680"}],"version-history":[{"count":3,"href":"https:\/\/oko.pres-24.pl\/index.php?rest_route=\/wp\/v2\/posts\/2680\/revisions"}],"predecessor-version":[{"id":2685,"href":"https:\/\/oko.pres-24.pl\/index.php?rest_route=\/wp\/v2\/posts\/2680\/revisions\/2685"}],"wp:attachment":[{"href":"https:\/\/oko.pres-24.pl\/index.php?rest_route=%2Fwp%2Fv2%2Fmedia&parent=2680"}],"wp:term":[{"taxonomy":"category","embeddable":true,"href":"https:\/\/oko.pres-24.pl\/index.php?rest_route=%2Fwp%2Fv2%2Fcategories&post=2680"},{"taxonomy":"post_tag","embeddable":true,"href":"https:\/\/oko.pres-24.pl\/index.php?rest_route=%2Fwp%2Fv2%2Ftags&post=2680"}],"curies":[{"name":"wp","href":"https:\/\/api.w.org\/{rel}","templated":true}]}}