{"id":2637,"date":"2023-05-03T09:26:22","date_gmt":"2023-05-03T08:26:22","guid":{"rendered":"https:\/\/oko.pres-24.pl\/?p=2637"},"modified":"2023-05-05T05:46:27","modified_gmt":"2023-05-05T04:46:27","slug":"gdzie-jestesmy-po-dwoch-latach-wojny","status":"publish","type":"post","link":"https:\/\/oko.pres-24.pl\/?p=2637","title":{"rendered":"Gdzie jeste\u015bmy po dw\u00f3ch latach wojny?"},"content":{"rendered":"\n<p>Ju\u017c po ok. dw\u00f3ch tygodniach od otwarcia granic dla Ukrai\u0144c\u00f3w, spotkali\u015bmy si\u0119 z nieprzychylnymi opiniami odno\u015bnie imigrant\u00f3w. By\u0142y to argumenty z rodzaju: \u201eDlaczego oni za darmo, a my nie\u201d. Co nas szczeg\u00f3lnie zdziwi\u0142o, g\u0142osy te pochodzi\u0142y z ust nastolatk\u00f3w.<\/p>\n\n\n\n<p>Na przestrzeni ostatnich dw\u00f3ch lat dociera\u0142y do nas historie o odbijanych \u017conach i roszczeniowych postawach wzgl\u0119dem polskich us\u0142ugodawc\u00f3w z dziedzin wszelakich oraz luksusowych samochodach na ukrai\u0144skich rejestracjach, nale\u017c\u0105cych do najwyra\u017aniej niezbyt przesi\u0105kni\u0119tych patriotyzmem w\u0142a\u015bcicieli.<\/p>\n\n\n\n<p>Nie spos\u00f3b zaprzeczy\u0107, i\u017c jest w tych historiach nieco prawdy, poniewa\u017c taka jest natura ludzka. Pami\u0119tajmy jednak o dw\u00f3ch sprawach. Po pierwsze, te wszystkie historie to promil liczby migrant\u00f3w, a po drugie istnienie niezale\u017cnej Ukrainy to nasz strategiczny interes.<\/p>\n\n\n\n<p>Koszty spo\u0142eczne s\u0105 nieuniknione, a procent niezadowolonych z polskiej otwarto\u015bci, z grubsza odpowiada zapewne elektoratowi Konfederacji i Narodowc\u00f3w.<\/p>\n\n\n\n<p>Dop\u00f3ki nie ma bezrobocia, sytuacja powinna by\u0107 stabilna. Kryzys i bezrobocie, czyli stan, gdy o prac\u0119 b\u0119d\u0105 rywalizowa\u0107 Polacy z Ukrai\u0144cami, zmieni wszystko. Na gorsze.<\/p>\n\n\n\n<p>Wr\u00f3\u0107my do scenariusza, kt\u00f3ry kre\u015blimy w poprzednim wpisie. Zak\u0142ada on rozpad Rosji.<\/p>\n\n\n\n<p>Jak wobec takiej perspektywy powinna ustawi\u0107 si\u0119 Rzeczpospolita?<\/p>\n\n\n\n<p>C\u00f3\u017c.<\/p>\n\n\n\n<p>Jeste\u015bmy przera\u017ceni skal\u0105 wydatk\u00f3w na zbrojenia poczynionymi przez obecne w\u0142adze.<\/p>\n\n\n\n<p>Bez ogromnych koszt\u00f3w spo\u0142ecznych to jest nie do sp\u0142acenia<\/p>\n\n\n\n<p>Oczywi\u015bcie s\u0142owa jak powy\u017csze zamyka si\u0119 stwierdzeniem o wy\u017cszej konieczno\u015bci, wszak bezpiecze\u0144stwo nie ma ceny.<\/p>\n\n\n\n<p>I to te\u017c prawda ale czy wszystkie wydatki s\u0105 zasadne?<\/p>\n\n\n\n<p>Niezale\u017cnie jaka jest odpowied\u017a, normaln\u0105 drog\u0105 sp\u0142aci\u0107 si\u0119 ich nie da.<\/p>\n\n\n\n<p>Do wydatk\u00f3w stricte militarnych dochodz\u0105 miliardy na energetyk\u0119 atomow\u0105.<\/p>\n\n\n\n<p>To s\u0105 kolosalne kwoty.<\/p>\n\n\n\n<p>I tu dochodzimy do smutnej refleksji, po co s\u0105 wojny\u2026<\/p>\n\n\n\n<p>\u2026resetowanie d\u0142ug\u00f3w\u2026<\/p>\n\n\n\n<p>\u2026co dzieje si\u0119 oczywi\u015bcie czyim\u015b kosztem.<\/p>\n\n\n\n<p>Kosztem przegranego.<\/p>\n\n\n\n<p>Mo\u017cna powiedzie\u0107, \u017ce rozpad, a przynajmniej dotkliwa pora\u017cka &nbsp;Rosji staje si\u0119 konieczno\u015bci\u0105 nie tylko z punktu widzenia politycznego ale i gospodarczego.<\/p>\n\n\n\n<p>To nie b\u0119dzie czarno-bia\u0142a historia, to b\u0119d\u0105 szaro\u015bci. Same szaro\u015bci.<\/p>\n\n\n\n<p>Z przera\u017ceniem obserwowali\u015bmy dehumanizacj\u0119 narodu rosyjskiego, dokonuj\u0105c\u0105 si\u0119 w kulturze masowej.<\/p>\n\n\n\n<p>Ograniczenia dla sportowc\u00f3w s\u0105 jak najbardziej zrozumia\u0142e, gdy\u017c potencjalne zwyci\u0119stwa rosyjskich przedstawicieli to gotowy do wykorzystania materia\u0142 propagandowy.<\/p>\n\n\n\n<p>Kultura, czyli literatura, teatr czy muzyka, to odr\u0119bne zagadnienie.<\/p>\n\n\n\n<p>Co nas odr\u00f3\u017cnia od \u015bwiata zwierz\u0105t? Sfera duchowa w\u0142a\u015bnie. Kultura, sztuka.<\/p>\n\n\n\n<p>Skoro za\u015b neguje si\u0119 kultur\u0119 jakiego\u015b narodu, dokonuje si\u0119 jego dehumanizacji.<\/p>\n\n\n\n<p>Sprowadza si\u0119 ca\u0142y nar\u00f3d na poziom, w najlepszym razie, gorszych ludzi. Je\u015bli w og\u00f3le. Skutki takiej postawy znamy na naszych ziemiach a\u017c za dobrze.<\/p>\n\n\n\n<p>Niestety, je\u015bli walki przenios\u0105 si\u0119 na teren Federacji Rosyjskiej, konsekwencji powy\u017cszej postawy nie da si\u0119 unikn\u0105\u0107.<\/p>\n\n\n\n<p>Nikt nie b\u0119dzie m\u00f3g\u0142 poucza\u0107 Ukrai\u0144c\u00f3w, oni b\u0119d\u0105 mieli prawo odwetu.<\/p>\n\n\n\n<p>Jednak czy my mamy prawo odmawia\u0107 milionom ludzi prawa do cz\u0142owiecze\u0144stwa? Nawet zak\u0142adaj\u0105c (a tak si\u0119 powszechnie przyjmuje), i\u017c polityka Putina cieszy si\u0119 poparciem wi\u0119kszo\u015bci Rosjan, czy to usprawiedliwia ich dehumanizacj\u0119?<\/p>\n\n\n\n<p>To zaprzeczenie fundament\u00f3w Cywilizacji Zachodniej.<\/p>\n\n\n\n<p>Kto\u015b odparuje, \u017ce oni to Cywilizacja Wschodnia. To demagogia.<\/p>\n\n\n\n<p>Tu trzeba jednak odbi\u0107 ponownie w przeciwn\u0105 stron\u0119.<\/p>\n\n\n\n<p>Ta dehumanizacja le\u017cy w naszym najg\u0142\u0119bszym interesie, bowiem Rosja zawsze by\u0142a zagro\u017ceniem dla pa\u0144stwa polskiego.<\/p>\n\n\n\n<p>Zmagania z Ukrain\u0105, a\u017c po czasy Wo\u0142ynia, pe\u0142ne by\u0142y okrucie\u0144stw i obustronnej nienawi\u015bci na najni\u017cszym, ludzkim, osobistym poziomie. Dowodem wstrz\u0105saj\u0105ce, nieliczne fotografie i liczne relacje ocala\u0142ych, przedstawiaj\u0105ce ofiary zabijane z pasj\u0105, gdzie celem nie tyle by\u0142a \u015bmier\u0107, co cierpienie.<\/p>\n\n\n\n<p>Ukrai\u0144cy jednak nigdy nie stanowili zagro\u017cenia dla niepodleg\u0142o\u015bci Rzeczpospolitej.<\/p>\n\n\n\n<p>Radzieccy funkcjonariusze NKWD wykonywali egzekucje z zimn\u0105 krwi\u0105, beznami\u0119tnie, maszynowo.<\/p>\n\n\n\n<p>To jednak carska Rosja, p\u00f3\u017aniej ZSRR, a obecnie pa\u0144stwo Putina, jest zagro\u017ceniem dla Polski jako suwerennego podmiotu polityki mi\u0119dzynarodowej.<\/p>\n\n\n\n<p>Z tego wzgl\u0119du rozpad tego pa\u0144stwa le\u017cy w naszym najg\u0142\u0119bszym interesie.<\/p>\n\n\n\n<p>Je\u015bli armie rusz\u0105 w g\u0142\u0105b Rosji, w sytuacji za\u0142amania si\u0119 jej obrony, konsekwencj\u0105 dehumanizacji narodu Rosyjskiego b\u0119dzie ignorowanie tego, co zwyci\u0119zcy dokonaj\u0105 na zdobytych ziemiach.<\/p>\n\n\n\n<p>Niekt\u00f3rzy zapewne nawet g\u0142o\u015bno wypowiedz\u0105 s\u0142owa, i\u017c dostaj\u0105 za swoje.<\/p>\n\n\n\n<p>Z punktu widzenia geopolityki, to b\u0119dzie realizacja naszego interesu.<\/p>\n\n\n\n<p>Tylko ta Cywilizacja\u2026<\/p>\n\n\n\n<p>Wracamy do d\u0142ug\u00f3w, kt\u00f3re tak ochoczo ostatnio zaci\u0105gamy, a kt\u00f3rych, jak s\u0105dzimy, nie da si\u0119 normaln\u0105 droga sp\u0142aci\u0107.<\/p>\n\n\n\n<p>Tu ujawnia si\u0119 nasz ekonomiczny interes zwi\u0105zany z upadkiem Rosji.<\/p>\n\n\n\n<p>Fakt powstania na wsch\u00f3d od nas, po rozpadzie ZSRR, niezale\u017cnych pa\u0144stw niesamowicie wzmocni\u0142 nasze bezpiecze\u0144stwo w spos\u00f3b, kt\u00f3ry obserwujemy obecnie na Ukrainie.<\/p>\n\n\n\n<p>Z prostego powodu. By doj\u015b\u0107 do nas, trzeba przej\u015b\u0107 po nich.<\/p>\n\n\n\n<p>Jednak w obliczu hipotetycznego upadku Rosji, nasi s\u0105siedzi odcinaj\u0105 nas od teren\u00f3w potencjalnej ekspansji.<\/p>\n\n\n\n<p>Zostaje oczywi\u015bcie Kaliningrad. Wierzymy, i\u017c odpowiednie scenariusze s\u0105 opracowane.<\/p>\n\n\n\n<p>Krok ten nie powinien zaogni\u0107 naszych stosunk\u00f3w z s\u0105siadami ze Wschodu. Oni b\u0119d\u0105 mie\u0107 otwart\u0105 przestrze\u0144 do ekspansji, a za cen\u0119 odpowiedniego wsparcia mo\u017cna doj\u015b\u0107 do porozumienia, tym bardziej, \u017ce dochodzi kwestia spacyfikowania Bia\u0142orusi.<\/p>\n\n\n\n<p>Mamy tylko nadziej\u0119, \u017ce Czesi Kaliningrad postrzegaj\u0105 jedynie jako mem \ud83d\ude42<\/p>\n\n\n\n<p>Warto te\u017c trzyma\u0107 na wodzy oszo\u0142om\u00f3w, kt\u00f3rzy by chcieli si\u0119 z Ukrain\u0105 targowa\u0107 o Lw\u00f3w itp.<\/p>\n\n\n\n<p>Ukraina ma obecnie najlepsz\u0105 armi\u0119 w Europie. \u015awietnie wyposa\u017con\u0105, a przede wszystkim to armia weteran\u00f3w. Dysproporcja w warto\u015bci bojowej \u017co\u0142nierza ukrai\u0144skiego i polskiego zaczyna si\u0119 w okolicach 1:3.<\/p>\n\n\n\n<p>Niezaprzeczaln\u0105 zas\u0142ug\u0105 Zjednoczonej Prawicy u w\u0142adzy jest fakt, i\u017c nie tyle rozbudzili patriotyzm w spo\u0142ecze\u0144stwie, co spowodowali, i\u017c ludzie nie musz\u0105 si\u0119 tego uczucia wstydzi\u0107, a wr\u0119cz s\u0105 z niego dumni.<\/p>\n\n\n\n<p>Ca\u0142e rzesze obecnie tak proukrai\u0144skich dziennikarzy, komentator\u00f3w i polityk\u00f3w, przez lata wy\u015bmiewa\u0142y kultywowanie tych aspekt\u00f3w historii Polski, kt\u00f3re motywuj\u0105 obywateli do walki za swoj\u0105 ojczyzn\u0119.<\/p>\n\n\n\n<p>PiS i przystawki to zmienili.<\/p>\n\n\n\n<p>Mamy ludzi, kt\u00f3rzy b\u0119d\u0105 chcieli walczy\u0107, tak jak chcieli walczy\u0107 Ukrai\u0144cy.<\/p>\n\n\n\n<p>Nie jeste\u015bmy do ko\u0144ca pewni, czy dow\u00f3dztwo prezentuje poziom zapa\u0142u i wyszkolenia adekwatny do ducha, kt\u00f3rego uda\u0142o si\u0119 w Polakach rozbudzi\u0107.<\/p>\n<p class=\"bawpvc-ajax-counter\" data-id=\"2637\"><\/p>","protected":false},"excerpt":{"rendered":"<p>Ju\u017c po ok. dw\u00f3ch tygodniach od otwarcia granic dla Ukrai\u0144c\u00f3w, <a class=\"more-link\" href=\"https:\/\/oko.pres-24.pl\/?p=2637\">Czytaj dalej \u2192<\/a><\/p>\n","protected":false},"author":1,"featured_media":0,"comment_status":"open","ping_status":"closed","sticky":false,"template":"","format":"standard","meta":{"footnotes":""},"categories":[1],"tags":[],"class_list":["post-2637","post","type-post","status-publish","format-standard","hentry","category-uncategorized"],"aioseo_notices":[],"_links":{"self":[{"href":"https:\/\/oko.pres-24.pl\/index.php?rest_route=\/wp\/v2\/posts\/2637","targetHints":{"allow":["GET"]}}],"collection":[{"href":"https:\/\/oko.pres-24.pl\/index.php?rest_route=\/wp\/v2\/posts"}],"about":[{"href":"https:\/\/oko.pres-24.pl\/index.php?rest_route=\/wp\/v2\/types\/post"}],"author":[{"embeddable":true,"href":"https:\/\/oko.pres-24.pl\/index.php?rest_route=\/wp\/v2\/users\/1"}],"replies":[{"embeddable":true,"href":"https:\/\/oko.pres-24.pl\/index.php?rest_route=%2Fwp%2Fv2%2Fcomments&post=2637"}],"version-history":[{"count":3,"href":"https:\/\/oko.pres-24.pl\/index.php?rest_route=\/wp\/v2\/posts\/2637\/revisions"}],"predecessor-version":[{"id":2644,"href":"https:\/\/oko.pres-24.pl\/index.php?rest_route=\/wp\/v2\/posts\/2637\/revisions\/2644"}],"wp:attachment":[{"href":"https:\/\/oko.pres-24.pl\/index.php?rest_route=%2Fwp%2Fv2%2Fmedia&parent=2637"}],"wp:term":[{"taxonomy":"category","embeddable":true,"href":"https:\/\/oko.pres-24.pl\/index.php?rest_route=%2Fwp%2Fv2%2Fcategories&post=2637"},{"taxonomy":"post_tag","embeddable":true,"href":"https:\/\/oko.pres-24.pl\/index.php?rest_route=%2Fwp%2Fv2%2Ftags&post=2637"}],"curies":[{"name":"wp","href":"https:\/\/api.w.org\/{rel}","templated":true}]}}