{"id":2581,"date":"2022-10-30T20:42:01","date_gmt":"2022-10-30T19:42:01","guid":{"rendered":"https:\/\/oko.pres-24.pl\/?p=2581"},"modified":"2023-01-02T03:48:04","modified_gmt":"2023-01-02T02:48:04","slug":"dlaczego-jacek-kurski-ustapil-z-szefostwa-tvp","status":"publish","type":"post","link":"https:\/\/oko.pres-24.pl\/?p=2581","title":{"rendered":"Dlaczego Jacek Kurski ust\u0105pi\u0142 z szefostwa TVP?"},"content":{"rendered":"\n<p>Mamy teori\u0119 spiskow\u0105. <\/p>\n\n\n\n<p>Wys\u0142uchali\u015bmy w\u0142a\u015bnie w radiu TOK FM rozmowy Pani Karoliny Lewickiej z Panem Jaros\u0142awem Kurskim na temat jego, opublikowanej niedawno, ksi\u0105\u017cki. <\/p>\n\n\n\n<p>Nasza teoria spiskowa brzmi: ta ksi\u0105\u017cka to pow\u00f3d abdykacji brata autora. <\/p>\n\n\n\n<p>Chodzi oczywi\u015bcie o szanownych przodk\u00f3w szanownego autora, a co za tym idzie r\u00f3wnie\u017c szanownego by\u0142ego szefa TVP. <\/p>\n\n\n\n<p>Jakie\u017c to wszystko jest cudowne. <\/p>\n\n\n\n<p>Jakie\u017c przepi\u0119kne analogie, \u015bcie\u017cki i zwi\u0105zki przyczynowo-skutkowe prowadz\u0105ce przez dzieje historyczne i najnowsze Polski k\u0142\u0119bi\u0105 si\u0119 w m\u00f3zgu na widok umieszczonych obok siebie twarzy braci, kt\u00f3ry to obrazek, jako jeden z pierwszych, wrzuca nam na ekran Internet po wpisaniu s\u0142owa &#8222;kurscy&#8221;. <\/p>\n\n\n\n<p>To taka alegoria dziej\u00f3w Polski, mo\u017cna by rzec, gdyby si\u0119 chcia\u0142o rzec co\u015b takiego. <\/p>\n\n\n\n<p>Dobra. \u017barty na bok. <\/p>\n\n\n\n<p>Od pewnego czasu przeprowadzamy prywatn\u0105 ankiet\u0119 w\u015br\u00f3d m\u0142odzie\u017cy (14 &#8211; 19 lat, znajomi dzieci ze szko\u0142y, ich znajomi itd.). <\/p>\n\n\n\n<p>Pytanie brzmi: &#8222;Jak odbierasz s\u0142owo '\u017byd&#8217;? Pozytywnie, negatywnie, czy neutralnie?&#8221; <\/p>\n\n\n\n<p>Na, w sumie ok. dwie setki przepytanych w ostatnich dw\u00f3ch-trzech latach, zero g\u0142os\u00f3w na &#8222;pozytywnie&#8221;, jeden g\u0142os &#8222;negatywnie&#8221;. Ca\u0142a reszta to jednoznaczna odpowied\u017a &#8222;neutralnie&#8221;. <\/p>\n\n\n\n<p>To powinno by\u0107 oczywiste. Wszak to normalne s\u0142owo&#8230;, a jednak to wielka rzecz.<\/p>\n\n\n\n<p>My, b\u0119d\u0105c m\u0142odsi ni\u017c dolna granica ankietowanych i ucz\u0119szczaj\u0105c do szko\u0142y podstawowej, gdy kto\u015b nie chcia\u0142 si\u0119 z nami czym\u015b podzieli\u0107, po\u017cyczy\u0107 czego\u015b, m\u00f3wili\u015bmy: &#8222;Ty \u017bydzie&#8221;. Kto\u015b si\u0119 &#8222;\u017cydzi\u0142&#8221;. <\/p>\n\n\n\n<p>Literatura Holokaustu by\u0142a omawiana w szkole podstawowej, wszyscy wiedzieli o zbrodniach nazist\u00f3w ale na tym poziomie komunikacji zwi\u0105zek mi\u0119dzy jednym a drugim nagle si\u0119 ulatnia\u0142. <\/p>\n\n\n\n<p>Zwrot &#8222;Ty \u017bydzie&#8221; by\u0142 mechaniczny, bezrefleksyjny.<\/p>\n\n\n\n<p>To by\u0142 &#8222;normalny&#8221; kod dzieciak\u00f3w u schy\u0142ku PRL. To do\u015bwiadczenie wi\u0119kszo\u015bci ludzi jeszcze nie starych ale ju\u017c nie m\u0142odych. <\/p>\n\n\n\n<p>Do dzisiaj, u\u017cywaj\u0105c s\u0142owa &#8222;\u017byd&#8221;, mamy jaki\u015b dyskomfort z ty\u0142u g\u0142owy. Poczucie winy, jakiej\u015b niestosowno\u015bci. To te\u017c pow\u00f3d dla kt\u00f3rego na naszych \u0142amach wsz\u0119dzie s\u0142owo to piszemy z du\u017cej litery. Paradoks ale wyr\u00f3\u017cniaj\u0105c je w ten spos\u00f3b, rozbrajamy cho\u0107 troch\u0119 to naciskaj\u0105ce na ty\u0142 g\u0142owy poczucie winy. <\/p>\n\n\n\n<p>Przez lata unikali\u015bmy jak ognia r\u00f3\u017cnych &#8222;zestawie\u0144&#8221; kr\u0105\u017c\u0105cych w latach 90-ych w prawicowej prasie, a p\u00f3\u017aniej w Internecie pokazuj\u0105cych, prawdziwie b\u0105d\u017a nie, kto wywodzi si\u0119 ze starozakonnych. <\/p>\n\n\n\n<p>Ba, jako fanatyczni wyznawcy Gazety Wyborczej we wspomnianych latach, zdarza\u0142o nam si\u0119 wik\u0142a\u0107 w przekomiczne sytuacje na tym tle. <\/p>\n\n\n\n<p>I tu robimy pauz\u0119. Trzeba przepracowa\u0107 ten temat i uczciwie wy\u0142o\u017cy\u0107 co i jak, bo nawet we wspomnianym wywiadzie Pani Lewickiej pad\u0142o nieco g\u0142upotek. <\/p>\n\n\n\n<p>W powszechnym obiegu, nas\u0105czone poprawno\u015bci\u0105-polityczn\u0105, kr\u0105\u017c\u0105 jednak wielkie g\u0142upoty i z nimi warto si\u0119 rozprawi\u0107. <\/p>\n\n\n\n<p>Nie dzisiaj, cho\u0107 ten szcz\u0105tkowy text ju\u017c teraz publikujemy, gdy\u017c nasza teoria spiskowa bardzo nam si\u0119 podoba. <\/p>\n\n\n\n<p> <\/p>\n<p class=\"bawpvc-ajax-counter\" data-id=\"2581\"><\/p>","protected":false},"excerpt":{"rendered":"<p>Mamy teori\u0119 spiskow\u0105. Wys\u0142uchali\u015bmy w\u0142a\u015bnie w radiu TOK FM rozmowy <a class=\"more-link\" href=\"https:\/\/oko.pres-24.pl\/?p=2581\">Czytaj dalej \u2192<\/a><\/p>\n","protected":false},"author":1,"featured_media":0,"comment_status":"open","ping_status":"closed","sticky":false,"template":"","format":"standard","meta":{"footnotes":""},"categories":[1],"tags":[],"class_list":["post-2581","post","type-post","status-publish","format-standard","hentry","category-uncategorized"],"aioseo_notices":[],"_links":{"self":[{"href":"https:\/\/oko.pres-24.pl\/index.php?rest_route=\/wp\/v2\/posts\/2581","targetHints":{"allow":["GET"]}}],"collection":[{"href":"https:\/\/oko.pres-24.pl\/index.php?rest_route=\/wp\/v2\/posts"}],"about":[{"href":"https:\/\/oko.pres-24.pl\/index.php?rest_route=\/wp\/v2\/types\/post"}],"author":[{"embeddable":true,"href":"https:\/\/oko.pres-24.pl\/index.php?rest_route=\/wp\/v2\/users\/1"}],"replies":[{"embeddable":true,"href":"https:\/\/oko.pres-24.pl\/index.php?rest_route=%2Fwp%2Fv2%2Fcomments&post=2581"}],"version-history":[{"count":2,"href":"https:\/\/oko.pres-24.pl\/index.php?rest_route=\/wp\/v2\/posts\/2581\/revisions"}],"predecessor-version":[{"id":2599,"href":"https:\/\/oko.pres-24.pl\/index.php?rest_route=\/wp\/v2\/posts\/2581\/revisions\/2599"}],"wp:attachment":[{"href":"https:\/\/oko.pres-24.pl\/index.php?rest_route=%2Fwp%2Fv2%2Fmedia&parent=2581"}],"wp:term":[{"taxonomy":"category","embeddable":true,"href":"https:\/\/oko.pres-24.pl\/index.php?rest_route=%2Fwp%2Fv2%2Fcategories&post=2581"},{"taxonomy":"post_tag","embeddable":true,"href":"https:\/\/oko.pres-24.pl\/index.php?rest_route=%2Fwp%2Fv2%2Ftags&post=2581"}],"curies":[{"name":"wp","href":"https:\/\/api.w.org\/{rel}","templated":true}]}}