{"id":2554,"date":"2022-09-25T09:39:39","date_gmt":"2022-09-25T08:39:39","guid":{"rendered":"https:\/\/oko.pres-24.pl\/?p=2554"},"modified":"2022-09-25T09:39:39","modified_gmt":"2022-09-25T08:39:39","slug":"wybory-we-wloszech-a-mozg-von-der-leyen","status":"publish","type":"post","link":"https:\/\/oko.pres-24.pl\/?p=2554","title":{"rendered":"Wybory we W\u0142oszech, a &#8222;m\u00f3zg&#8221; von der Leyen."},"content":{"rendered":"\n<p>Ech, ta arystokracja i jej &#8222;intelektualne&#8221; odloty. <\/p>\n\n\n\n<p>Jest niedziela 25.09.2022 r. We W\u0142oszech w\u0142a\u015bnie trwaj\u0105 wybory. Obstawiamy wi\u0119ksze, ni\u017c wskazuj\u0105 sonda\u017ce, zwyci\u0119stwo prawicy, czy kim tam s\u0105 w\u0142oskie si\u0142y polityczne deklaruj\u0105ce, i\u017c nie b\u0119d\u0105 kilku prominentnych szyszek na wierchuszce UE ca\u0142owa\u0107 w wiadome miejsce. (Prosz\u0119 zwr\u00f3ci\u0107 uwag\u0119, \u017ce oddzielamy ide\u0119 Unii od ludzi, kt\u00f3rym zdarzy\u0142o si\u0119 ni\u0105 obecnie kierowa\u0107). <\/p>\n\n\n\n<p>Gdyby\u015bmy byli przedstawicielami owych w\u0142oskich ugrupowa\u0144, nag\u0142a\u015bnialiby\u015bmy s\u0142owa Pani &#8222;von&#8221; jak tylko si\u0119 da. <\/p>\n\n\n\n<p>Nie ma to, jak przed wyborami wkurzy\u0107 ludzi. <\/p>\n\n\n\n<p>Po zapoznaniu si\u0119 z &#8222;rewelacjami&#8221; prominentnej Pani Ursuli, z pewno\u015bci\u0105 znajd\u0105 si\u0119 wyborcy, kt\u00f3rzy w my\u015bl zasady &#8222;na z\u0142o\u015b\u0107 babci&#8221; zag\u0142osuj\u0105 niezgodnie z w\u0142asn\u0105 moralno\u015bci\u0105. <\/p>\n\n\n\n<p>Wi\u0119cej zapewne zostanie w domu. Oznacza\u0107 to jednak b\u0119dzie rezygnacj\u0119 z g\u0142osowania na mi\u0142e Pani &#8222;der Leyen&#8221; partie. <\/p>\n\n\n\n<p>Przy okazji warto odnotowa\u0107, jak wielka zmiana nast\u0105pi\u0142a w polskich &#8222;post\u0119powych&#8221; mediach w temacie sytuacji wewn\u0119trznej w Szwecji. <\/p>\n\n\n\n<p>Sukces Szwedzkich Demokrat\u00f3w trzeba by\u0142o jako\u015b wyja\u015bni\u0107 i oto okaza\u0142o si\u0119, i\u017c wy\u015bmiewani i dyskredytowani od lat komentatorzy, donosz\u0105cy o bezprawiu, w rozumieniu zachodnich norm prawnych,  w zdominowanych przez muzu\u0142man\u00f3w dzielnicach oraz rozkwicie wywodz\u0105cego si\u0119 stamt\u0105d \u015bwiata przest\u0119pczego, to jednak prawda. <\/p>\n\n\n\n<p>Podobnie pojawi\u0142y si\u0119 relacje o dyskryminacyjnej polityce w\u0142adz &#8222;wysoce cywilizowanej&#8221; Dani wobec mniejszo\u015bci. <\/p>\n\n\n\n<p>Ludzie s\u0105 lud\u017ami. Zawsze i wsz\u0119dzie. Emocje i pragnienia maj\u0105 te same, a r\u00f3\u017cnice w ich ekspozycji wywodz\u0105 si\u0119 z r\u00f3\u017cnic kulturowych kt\u00f3re, gdyby Europa Zachodnia nie uleg\u0142a dyktatowi politycznej poprawno\u015bci, mo\u017cna by\u0142o rozbroi\u0107. Nie zrobiono tego. <\/p>\n\n\n\n<p>Cho\u0107 geneza jest tu nieco inna, skutki tego od &#8222;zawsze&#8221;, wida\u0107 we Francji. <\/p>\n\n\n\n<p>Teraz wreszcie przestano k\u0142ama\u0107 o Skandynawii. <\/p>\n\n\n\n<p>Je\u015bli kto\u015b nie wiedzia\u0142, jaki by\u0142 pow\u00f3d sprzeciwu PiS w 2015 r., wobec rozlokowania na terenie RP uchod\u017ac\u00f3w z innych kr\u0119g\u00f3w kulturowych, to odpowied\u017a znajdzie w\u0142a\u015bnie w Szwecji i Danii. <\/p>\n\n\n\n<p>Oklaski. <\/p>\n\n\n\n<p>Nieustannie te\u017c nas dziwi\u0105 wypowiedzi niekt\u00f3rych polskich dziennikarzy, ludzi wydawa\u0142oby si\u0119 obytych w \u015bwiecie, a ju\u017c na pewno dysponuj\u0105cych r\u00f3\u017cnymi papierami potwierdzaj\u0105cymi jakie\u015b tam wykszta\u0142cenie. To ostatnie nie \u015bwiadczy oczywi\u015bcie o inteligencji czy &#8222;m\u0105dro\u015bci&#8221;. <\/p>\n\n\n\n<p>Niemniej powinni oni rozumie\u0107, \u017ce ludzie wsz\u0119dzie s\u0105 tacy sami i gdy pojawia si\u0119 zagro\u017cenia dla ich poziomu \u017cycia, to potrafi\u0105 si\u0119 &#8222;nasro\u017cy\u0107&#8221;. <\/p>\n\n\n\n<p>Tymczasem co jaki\u015b czas s\u0142yszymy g\u0142osy dziwi\u0105ce si\u0119, \u017ce w &#8222;zachodnim&#8221; kraju dyskutuje si\u0119 na jaki\u015b temat i podnosi r\u00f3\u017cne zwi\u0105zane z nim w\u0105tpliwo\u015bci. Przecie\u017c tylko my Polacy jeste\u015bmy g\u0142upcami nie dostrzegaj\u0105cymi od razu cudownych efekt\u00f3w r\u00f3\u017cnych &#8222;post\u0119powych&#8221;, niekoniecznie unijnych pomys\u0142\u00f3w. <\/p>\n\n\n\n<p>Ktokolwiek podejmuje na ich temat dyskusje w Polsce, jest w retoryce naszych &#8222;post\u0119powych&#8221; \u015brodowisk oszo\u0142omem. <\/p>\n\n\n\n<p><\/p>\n\n\n\n<p><\/p>\n\n\n\n<p><\/p>\n<p class=\"bawpvc-ajax-counter\" data-id=\"2554\"><\/p>","protected":false},"excerpt":{"rendered":"<p>Ech, ta arystokracja i jej &#8222;intelektualne&#8221; odloty. Jest niedziela 25.09.2022 <a class=\"more-link\" href=\"https:\/\/oko.pres-24.pl\/?p=2554\">Czytaj dalej \u2192<\/a><\/p>\n","protected":false},"author":1,"featured_media":0,"comment_status":"open","ping_status":"closed","sticky":false,"template":"","format":"standard","meta":{"footnotes":""},"categories":[1],"tags":[],"class_list":["post-2554","post","type-post","status-publish","format-standard","hentry","category-uncategorized"],"aioseo_notices":[],"_links":{"self":[{"href":"https:\/\/oko.pres-24.pl\/index.php?rest_route=\/wp\/v2\/posts\/2554","targetHints":{"allow":["GET"]}}],"collection":[{"href":"https:\/\/oko.pres-24.pl\/index.php?rest_route=\/wp\/v2\/posts"}],"about":[{"href":"https:\/\/oko.pres-24.pl\/index.php?rest_route=\/wp\/v2\/types\/post"}],"author":[{"embeddable":true,"href":"https:\/\/oko.pres-24.pl\/index.php?rest_route=\/wp\/v2\/users\/1"}],"replies":[{"embeddable":true,"href":"https:\/\/oko.pres-24.pl\/index.php?rest_route=%2Fwp%2Fv2%2Fcomments&post=2554"}],"version-history":[{"count":1,"href":"https:\/\/oko.pres-24.pl\/index.php?rest_route=\/wp\/v2\/posts\/2554\/revisions"}],"predecessor-version":[{"id":2555,"href":"https:\/\/oko.pres-24.pl\/index.php?rest_route=\/wp\/v2\/posts\/2554\/revisions\/2555"}],"wp:attachment":[{"href":"https:\/\/oko.pres-24.pl\/index.php?rest_route=%2Fwp%2Fv2%2Fmedia&parent=2554"}],"wp:term":[{"taxonomy":"category","embeddable":true,"href":"https:\/\/oko.pres-24.pl\/index.php?rest_route=%2Fwp%2Fv2%2Fcategories&post=2554"},{"taxonomy":"post_tag","embeddable":true,"href":"https:\/\/oko.pres-24.pl\/index.php?rest_route=%2Fwp%2Fv2%2Ftags&post=2554"}],"curies":[{"name":"wp","href":"https:\/\/api.w.org\/{rel}","templated":true}]}}