{"id":2532,"date":"2022-09-03T15:40:53","date_gmt":"2022-09-03T14:40:53","guid":{"rendered":"https:\/\/oko.pres-24.pl\/?p=2532"},"modified":"2023-04-09T05:56:31","modified_gmt":"2023-04-09T04:56:31","slug":"reparacje-reparacje-czyli-co-wypadaloby-zreperowac","status":"publish","type":"post","link":"https:\/\/oko.pres-24.pl\/?p=2532","title":{"rendered":"Pana Kaczy\u0144skiego reparacje, czyli co nale\u017ca\u0142oby &#8222;zreperowa\u0107&#8221;?"},"content":{"rendered":"\n<p>Co\u015b wypada na wst\u0119pie przypomnie\u0107. Prosz\u0119 pos\u0142ucha\u0107. <\/p>\n\n\n\n<figure class=\"wp-block-audio\"><audio controls src=\"https:\/\/oko.pres-24.pl\/wp-content\/uploads\/2022\/09\/Lechmann.mp3\"><\/audio><figcaption class=\"wp-element-caption\">Fragment rozmowy Teresy Tora\u0144skiej z Peterem Lechmannem. Ca\u0142o\u015b\u0107 na YT.<\/figcaption><\/figure>\n\n\n\n<p>Wie to ka\u017cdy, kto cho\u0107 odrobin\u0119 zna Niemcy. Tymczasem co jaki\u015b czas s\u0142yszymy w &#8222;post\u0119powych&#8221; mediach wypowiedzi ludzi, cz\u0119sto z tytu\u0142ami naukowymi, jak to Niemcy maj\u0105 przepracowane zbrodnie II W\u015a. <\/p>\n\n\n\n<p>M\u00f3wi\u0105 to NIE w kontek\u015bcie tragedii narodu  \u017cydowskiego, lecz Polski. Swoje o nich my\u015blimy i walczymy, by nie nazywa\u0107 ich nazwami, na kt\u00f3re zas\u0142uguj\u0105. <\/p>\n\n\n\n<p>REPARACJE.<\/p>\n\n\n\n<p>Jakie s\u0105 szanse na uzyskanie od Niemiec odszkodowania za zniszczenia i mordy z okresu II Wojny \u015awiatowej? W perspektywie kilkuletniej \u017cadne. Dalszej przysz\u0142o\u015bci, zw\u0142aszcza bior\u0105c pod uwag\u0119 obecn\u0105 sytuacj\u0119 geopolityczn\u0105 nie spos\u00f3b przewidzie\u0107. <\/p>\n\n\n\n<p>Czy to wystarczaj\u0105cy pow\u00f3d, by nie wysuwa\u0107 roszcze\u0144 wzgl\u0119dem zachodniego s\u0105siada? <\/p>\n\n\n\n<p>Absolutnie nie. <\/p>\n\n\n\n<p>Nale\u017cy nag\u0142a\u015bnia\u0107 t\u0105 spraw\u0119 na forum mi\u0119dzynarodowym, a tym samym, co wa\u017cniejsze, w samych Niemczech. <\/p>\n\n\n\n<p>Dlaczego?<\/p>\n\n\n\n<p>Ot\u00f3\u017c dlatego, i\u017c w spo\u0142ecze\u0144stwie niemieckim, poza gronem specjalist\u00f3w, nie istnieje co\u015b takiego jak \u015bwiadomo\u015b\u0107 zbrodni pope\u0142nionych na narodzie polskim. <\/p>\n\n\n\n<p>Jest powszechna wiedza o Holokau\u015bcie, o exterminacji ludno\u015bci \u017cydowskiej i faktycznie trzeba przyzna\u0107, i\u017c \u015bwiadomo\u015b\u0107 tej zbrodni istnieje, a miejsca j\u0105 upami\u0119tniaj\u0105ce s\u0105 liczne. <\/p>\n\n\n\n<p>Przez dziesi\u0119ciolecia od zako\u0144czenia wojny Niemcy Zachodnie, a p\u00f3\u017aniej zjednoczona Republika, \u015bwiadome zbrodni dokonanej na narodzie \u017cydowskim, wspiera\u0142y finansowo i politycznie pa\u0144stwo Izrael. <\/p>\n\n\n\n<p>W jakiej\u015b mierze r\u00f3wnie\u017c dzi\u0119ki temu istnieje kraj, kt\u00f3ry jest w stanie chroni\u0107 swoich obywateli i sam dba\u0107 o swoje interesy. D\u0142ug w pewnym sensie (proporcje!) zosta\u0142 sp\u0142acony. <\/p>\n\n\n\n<p>Abstrahuj\u0105c od kwestii finansowych. Ogromna wi\u0119kszo\u015b\u0107 Niemc\u00f3w po prostu nie ma wiedzy na temat los\u00f3w nie\u017cydowskiej ludno\u015bci II RP i og\u00f3lnie zniszcze\u0144 dokonanych na jej ziemiach w okresie II Wojny.<\/p>\n\n\n\n<p>Miejsc pami\u0119ci im po\u015bwi\u0119conych na terenie Niemiec praktycznie nie ma. <\/p>\n\n\n\n<p>Niedawno otwarte muzeum &#8222;wyp\u0119dze\u0144&#8221; w Berlinie jest tego najlepszym przyk\u0142adem. <\/p>\n\n\n\n<p>Zbrodniarzami, do\u017cywaj\u0105cymi swoich dni na sutych emeryturach zaj\u0119li\u015bmy si\u0119 w innym wpisie. Tu dla zasady tylko przypomnijmy, i\u017c jest to silny symbolicznie element ca\u0142ego zagadnienia. <\/p>\n\n\n\n<p>Jest wi\u0119c konieczno\u015bci\u0105, gdy pojawi\u0142y si\u0119 w ko\u0144cu takie mo\u017cliwo\u015bci, maxymalne nag\u0142a\u015bnianie zbrodni nazistowskich Niemiec przeciwko r\u00f3wnie\u017c narodowi polskiemu. <\/p>\n\n\n\n<p>Samo wrzucenie tematu na forum mi\u0119dzynarodowe jest bezcenne. <\/p>\n\n\n\n<p>Przedstawiciele rz\u0105du niemieckiego przyj\u0119li jedyn\u0105 skuteczn\u0105 strategi\u0119, bior\u0105c w wypowiedziach odpowiedzialno\u015b\u0107 za zbrodnie, odcinaj\u0105 si\u0119 w nast\u0119pnym zdaniu od kwestii reparacji. <\/p>\n\n\n\n<p>Warto\u015b\u0107 ca\u0142ej akcji polega jednak na tym, by w\u0142a\u015bnie o owych zbrodniach m\u00f3wi\u0107. Jak najwi\u0119cej.<\/p>\n\n\n\n<p>Elity niemieckie wielokrotnie pokazywa\u0142y, jak dobrze potrafi\u0105 dba\u0107 o interesy swojego narodu. Wy\u0142\u0105czenie energetyki atomowej to chyba pierwsze potkni\u0119cie w powojennej historii naszego zachodniego s\u0105siada ale kto m\u00f3g\u0142 przewidzie\u0107, \u017ce nacisk mi\u0119dzynarodowy nie pozwoli si\u0119 dogada\u0107 z Rosj\u0105 w sytuacji realnego konfliktu. <\/p>\n\n\n\n<p>Owa dba\u0142o\u015b\u0107 przejawia si\u0119 te\u017c w realizacji zwerbalizowanej jeszcze (o ile dobrze pami\u0119tamy) przez Bismarcka maxymy, \u017ce nale\u017cy &#8222;T\u0119pi\u0107 g\u0142upc\u00f3w u siebie, wspiera\u0107 u s\u0105siad\u00f3w&#8221;. <\/p>\n\n\n\n<p>W tym kontek\u015bcie chodzi o si\u0142\u0119 polityczn\u0105 i gospodarcz\u0105 s\u0105siada, wszak oczywiste jest, \u017ce lepiej, gdy jest s\u0142aby. <\/p>\n\n\n\n<p>Z tego wzgl\u0119du wsparcie udzielane Izraelowi ma bezbolesny wymiar dla geopolityki Niemiec, w odr\u00f3\u017cnieniu od wzmacniania s\u0105siedniej Polski. <\/p>\n\n\n\n<p>Poczucie winy wzgl\u0119dem s\u0105siada ze wschodu musia\u0142aby si\u0119 prze\u0142o\u017cy\u0107 na prowadzon\u0105 przez niemieckie rz\u0105dy polityk\u0119. <\/p>\n\n\n\n<p>I tu mamy wyja\u015bnienie tak s\u0142abej wiedzy w spo\u0142ecze\u0144stwie niemieckim na temat zbrodni dokonanych na etnicznych Polakach. <\/p>\n\n\n\n<p>Drugi w\u0105tek pojawiaj\u0105cy si\u0119 przy okazji poruszania zagadnienia reparacji to che\u0142pliwe pytanie, formu\u0142owane z nutk\u0105 pogardy przez niekt\u00f3rych &#8222;geniuszy&#8221; dziennikarzy i takowych polityk\u00f3w opozycji. <\/p>\n\n\n\n<p>Brzmi ono: &#8222;Dlaczego nie domagamy si\u0119 reparacji od Rosji?&#8221;, po czym pada szereg faktycznie zasadnych argument\u00f3w z jakiego powodu by\u0142oby to uzasadnione post\u0119powanie. <\/p>\n\n\n\n<p>Pytanie jest wi\u0119c merytorycznie poprawne ale w praktyce idiotyczne i je\u015bli zadaj\u0105cy traktuj\u0105 je na serio, to s\u0105 po prostu idiotami (przepraszamy ale jednak si\u0119 radykalizujemy). <\/p>\n\n\n\n<p>W obecnej sytuacji prawnej jedyna droga prowadz\u0105ca do uzyskania reparacji w Europie to nacisk moralny. Jest to w jakim\u015b czasowym horyzoncie mo\u017cliwe do osi\u0105gni\u0119cia w przypadku Niemiec, je\u015bli temat b\u0119dzie &#8222;wa\u0142kowany&#8221; i nag\u0142a\u015bniany na forum mi\u0119dzynarodowym. Jakie\u015b korzy\u015bci, je\u015bli nie finansowe, to przynajmniej w wymiarze politycznym s\u0105 mo\u017cliwe do uzyskania. <\/p>\n\n\n\n<p>Na zasadzie wzajemnych ust\u0119pstw. <\/p>\n\n\n\n<p>Jaki nacisk moralny mieliby\u015bmy wywrze\u0107 na Rosj\u0119? Kraj uznany za agresora przez \u015bwiat Zachodu, prowadz\u0105cy agresywn\u0105 wojn\u0119, ob\u0142o\u017cony sankcjami. <\/p>\n\n\n\n<p>W tej sytuacji bardzo si\u0119 Rosjanie przejm\u0105 naszym naciskiem moralnym. <\/p>\n\n\n\n<p>Poza tym, maj\u0105 jednak ten argument, \u017ce wprawdzie nas zniewolili, jednak  wcze\u015bniej wyzwolili. I cho\u0107 ponosz\u0105 odpowiedzialno\u015b\u0107 za \u015bmier\u0107 setek tysi\u0119cy Polak\u00f3w, zw\u0142aszcza gdy dzia\u0142ali jeszcze w porozumieniu z III Rzesz\u0105 przed 1941 r., to jednak prowadzonego przez Niemc\u00f3w Holokaustu nie spos\u00f3b odnie\u015b\u0107 w skali 1 do 1 wzgl\u0119dem innych ludob\u00f3jstw. <\/p>\n\n\n\n<p>Na koniec. Pan Kaczy\u0144skie ponownie &#8222;wy\u015bmiga\u0142&#8221; opozycj\u0119. Na\u015bmiewano si\u0119 z tematu &#8222;pisowskich reparacji&#8221;, wi\u0119c Pan Jaros\u0142aw da\u0142 wyk\u0142ad, wspominaj\u0105c m.in. o wyp\u0142aconych Namibii przez Niemcy odszkodowaniach. <\/p>\n\n\n\n<p>Nast\u0119pnego dnia sko\u0144czy\u0142o si\u0119 wy\u015bmiewanie, zacz\u0119\u0142y si\u0119 rzeczowe analizy, a pierwszoliniowe opozycyjne intelekty przeskoczy\u0142y z pozycji &#8222;haha&#8221; na pozycj\u0119 &#8222;i owszem&#8221;. <\/p>\n\n\n\n<p>Efekt. Uchwa\u0142a o dochodzeniu od naszego zachodniego s\u0105siada odszkodowa\u0144 wojennych.  <\/p>\n\n\n\n<p>[Szkic artyku\u0142u powsta\u0142 3 wrze\u015bnia, st\u0105d data publikacji. Publiczny sta\u0142 si\u0119 25.09.2022 r., po uzupe\u0142nieniu go informacj\u0105 o po\u015bwi\u0119conym odszkodowaniom g\u0142osowaniu].<\/p>\n<p class=\"bawpvc-ajax-counter\" data-id=\"2532\"><\/p>","protected":false},"excerpt":{"rendered":"<p>Co\u015b wypada na wst\u0119pie przypomnie\u0107. Prosz\u0119 pos\u0142ucha\u0107. Wie to ka\u017cdy, <a class=\"more-link\" href=\"https:\/\/oko.pres-24.pl\/?p=2532\">Czytaj dalej \u2192<\/a><\/p>\n","protected":false},"author":1,"featured_media":0,"comment_status":"open","ping_status":"closed","sticky":false,"template":"","format":"standard","meta":{"footnotes":""},"categories":[1],"tags":[],"class_list":["post-2532","post","type-post","status-publish","format-standard","hentry","category-uncategorized"],"aioseo_notices":[],"_links":{"self":[{"href":"https:\/\/oko.pres-24.pl\/index.php?rest_route=\/wp\/v2\/posts\/2532","targetHints":{"allow":["GET"]}}],"collection":[{"href":"https:\/\/oko.pres-24.pl\/index.php?rest_route=\/wp\/v2\/posts"}],"about":[{"href":"https:\/\/oko.pres-24.pl\/index.php?rest_route=\/wp\/v2\/types\/post"}],"author":[{"embeddable":true,"href":"https:\/\/oko.pres-24.pl\/index.php?rest_route=\/wp\/v2\/users\/1"}],"replies":[{"embeddable":true,"href":"https:\/\/oko.pres-24.pl\/index.php?rest_route=%2Fwp%2Fv2%2Fcomments&post=2532"}],"version-history":[{"count":13,"href":"https:\/\/oko.pres-24.pl\/index.php?rest_route=\/wp\/v2\/posts\/2532\/revisions"}],"predecessor-version":[{"id":2615,"href":"https:\/\/oko.pres-24.pl\/index.php?rest_route=\/wp\/v2\/posts\/2532\/revisions\/2615"}],"wp:attachment":[{"href":"https:\/\/oko.pres-24.pl\/index.php?rest_route=%2Fwp%2Fv2%2Fmedia&parent=2532"}],"wp:term":[{"taxonomy":"category","embeddable":true,"href":"https:\/\/oko.pres-24.pl\/index.php?rest_route=%2Fwp%2Fv2%2Fcategories&post=2532"},{"taxonomy":"post_tag","embeddable":true,"href":"https:\/\/oko.pres-24.pl\/index.php?rest_route=%2Fwp%2Fv2%2Ftags&post=2532"}],"curies":[{"name":"wp","href":"https:\/\/api.w.org\/{rel}","templated":true}]}}