{"id":2450,"date":"2022-07-30T08:45:34","date_gmt":"2022-07-30T07:45:34","guid":{"rendered":"http:\/\/oko.pres-24.pl\/?p=2450"},"modified":"2022-10-29T19:39:30","modified_gmt":"2022-10-29T18:39:30","slug":"fundusz-odbudowy-kilka-zabawnych-uwag","status":"publish","type":"post","link":"https:\/\/oko.pres-24.pl\/?p=2450","title":{"rendered":"Fundusz Odbudowy &#8211; kilka zabawnych uwag."},"content":{"rendered":"\n<p><strong>TYTU\u0141EM WST\u0118PU.<\/strong><\/p>\n\n\n\n<p>Pytanie nr 1. Czy jako obywatel pa\u0144stwa cz\u0142onkowskiego UE mog\u0119 kupi\u0107 obligacje emitowane w ramach Funduszu Odbudowy? <\/p>\n\n\n\n<p>Pytanie nr 2. Pami\u0119tacie Pa\u0144stwo co to by\u0142a &#8222;strategia lizbo\u0144ska&#8221;? <\/p>\n\n\n\n<p>&#8222;Celem planu, przyj\u0119tego na okres 10 lat, by\u0142o uczynienie Europy najbardziej dynamicznym i konkurencyjnym regionem gospodarczym na \u015bwiecie, rozwijaj\u0105cym si\u0119 szybciej ni\u017c Stany Zjednoczone.&#8221;<\/p>\n\n\n\n<p>&#8222;&#8230;konkluzja raportu by\u0142a pesymistyczna: [&#8230;] Unia Europejska pozosta\u0142a jeszcze bardziej w tyle za Stanami Zjednoczonymi.&#8221; (https:\/\/pl.wikipedia.org\/wiki\/Strategia_lizbo%C5%84ska)<\/p>\n\n\n\n<p>Oczywi\u015bcie, niejeden \u017ale na tym nie wyszed\u0142. <\/p>\n\n\n\n<p><strong>UWAGA PIERWSZA. <\/strong><\/p>\n\n\n\n<p>S\u0142uchamy\/czytamy wypowiedzi dziennikarzy i polityk\u00f3w opozycji i ich argument\u00f3w odno\u015bnie warunk\u00f3w przekazania \u015brodk\u00f3w z UE w ramach Funduszu Odbudowy. <\/p>\n\n\n\n<p>Je\u015bli dobrze rozumiemy, pieni\u0105dze &#8222;pop\u0142yn\u0105&#8221; do nas, je\u015bli w\u0142adze Rzeczypospolitej b\u0119d\u0105 robi\u0107 to, czego oczekuj\u0105 od nich rz\u0105dy obcych pa\u0144stw i Komisja Europejska. <\/p>\n\n\n\n<p>Problemem nie s\u0105 kwestie techniczne, jak harmonogram sp\u0142at czy wysoko\u015b\u0107 odsetek. Nawet nie to, czy \u015brodki zostan\u0105 prawid\u0142owo wydane. <\/p>\n\n\n\n<p>Komunikat jest jednoznaczny.<\/p>\n\n\n\n<p>Damy wam pieni\u0105dze, je\u015bli b\u0119dziecie robi\u0107 to, co wam ka\u017cemy. <\/p>\n\n\n\n<p>Jak by to napisa\u0107&#8230; <\/p>\n\n\n\n<p>To si\u0119 z prostytucj\u0105 kojarzy.<\/p>\n\n\n\n<p>Kto jest w tym uk\u0142adzie str\u0119czycielem? <\/p>\n\n\n\n<p>Nie b\u0119dziemy kontynuowa\u0107 tego w\u0105tku, on bowiem w odr\u00f3\u017cnieniu od nast\u0119pnego, nie jest zabawny. <\/p>\n\n\n\n<p>\u00d3w zabawny bowiem, jako&#8230; <\/p>\n\n\n\n<p><strong>&#8230;UWAGA DRUGA,<\/strong><\/p>\n\n\n\n<p>brzmi nast\u0119puj\u0105co:<\/p>\n\n\n\n<p>zrobicie co wam ka\u017cemy za NIE NASZE PIENI\u0104DZE. <\/p>\n\n\n\n<p>UE po\u017cycza te pieni\u0105dze. To nie s\u0105 fundusze wypracowane w jakikolwiek spos\u00f3b przez UE. W dodatku zosta\u0142y one wynegocjowane <strong>r\u00f3wnie\u017c w imieniu Polski<\/strong>. <\/p>\n\n\n\n<p>Wychodzi na to, \u017ce UE, opieraj\u0105c si\u0119 r\u00f3wnie\u017c na gwarancjach sp\u0142aty ze strony Polski, po\u017cyczy\u0142a pieni\u0105dze, kt\u00f3rych nie chce przekaza\u0107 jednemu z gwarant\u00f3w tej po\u017cyczki, czyli w\u0142a\u015bnie Polsce. <\/p>\n\n\n\n<p>Z oczywistych wzgl\u0119d\u00f3w nie ma co przejmowa\u0107 si\u0119 s\u0142owami polityk\u00f3w opozycji, tym bardziej, \u017ce naturaln\u0105 w ich przypadku demagogi\u0119 cz\u0119sto wspiera ignorancja w dziedzinie, na temat kt\u00f3rej si\u0119 racz\u0105 wypowiada\u0107. Ostatnim hitem pod wzgl\u0119dem be\u0142kotu by\u0142y obligacje skarbu pa\u0144stwa. <\/p>\n\n\n\n<p>Poni\u017csz\u0105 wypowied\u017a s\u0142yszeli\u015bmy z ust kilku polityk\u00f3w opozycji, co w zgodzie z poprzednim zdaniem ignorujemy. Co innego jednak, gdy na antenie TVN s\u0119dzia stwierdza, i\u017c Polska nawet je\u015bli nie dostanie omawianych funduszy to i tak b\u0119dzie musia\u0142a je sp\u0142aca\u0107. <\/p>\n\n\n\n<p>Co\u015b pi\u0119knego. <\/p>\n\n\n\n<p>To i tak nic, najbardziej si\u0119 nam bowiem podoba&#8230;<\/p>\n\n\n\n<p><strong>UWAGA TRZECIA. <\/strong><\/p>\n\n\n\n<p>Ma\u0142o si\u0119 m\u00f3wi, od kogo tak w\u0142a\u015bciwie te pieni\u0105dze UE po\u017cycza. <\/p>\n\n\n\n<p>Tak wi\u0119c og\u0142aszamy milowy krok na drodze do realizacji wizji tw\u00f3rc\u00f3w z nurtu cyberpunka, gdzie na najwy\u017cszym stopniu \u0142a\u0144cucha pokarmowego w hierarchii polityki mi\u0119dzynarodowej stoj\u0105 globalne instytucje finansowe.<\/p>\n\n\n\n<p>Niez\u0142ym pomys\u0142em by\u0142aby wewn\u0119trzna emisja obligacji skierowana do mieszka\u0144c\u00f3w pa\u0144stw UE. By\u0142by to ogromnie skuteczny czynnik integruj\u0105cy, przy okazji zwalczaj\u0105cy inflacj\u0119, z kt\u00f3r\u0105 w mniejszym b\u0105d\u017a wi\u0119kszym stopniu zmagaj\u0105 si\u0119 kraje cz\u0142onkowskie UE. Na podium tego rankingu stoj\u0105 akurat te, kt\u00f3re posiadaj\u0105 walut\u0119 Euro.<\/p>\n\n\n\n<p>Zamrozi\u0142oby to nadmiar got\u00f3wki faktycznie istniej\u0105cy w obiegu, realnie wi\u0119c wp\u0142yn\u0119\u0142oby to na poziom inflacji. <\/p>\n\n\n\n<p>Tymczasem, nie do\u015b\u0107, \u017ce nie zamra\u017ca si\u0119, to jeszcze dosypuje dodatkowe \u015brodki na rynek.<\/p>\n\n\n\n<p>Wewn\u0119trzna dystrybucja obligacji, w najskuteczniejszy z mo\u017cliwych sposob\u00f3w, bo przez w\u0142asny portfel, wi\u0105za\u0142aby mieszka\u0144c\u00f3w UE z ide\u0105 zjednoczonej Europy.<\/p>\n\n\n\n<p>Tego si\u0119 jednak nie robi. Dlaczego? <\/p>\n\n\n\n<p>By\u0142aby kontrola spo\u0142eczna. To by\u0142yby konkretne pieni\u0105dze nale\u017c\u0105ce do ludzi, a nie jakie\u015b, nie wiadomo sk\u0105d pochodz\u0105ce, abstrakcyjne \u015brodki.  <\/p>\n\n\n\n<p>Tyle si\u0119 m\u00f3wi w aspekcie ekologi, jak to \u017cyjemy na koszt nast\u0119pnych pokole\u0144. <\/p>\n\n\n\n<p>Tu mamy, w twardym pieni\u0105dzu, konkretne, niepodwa\u017calne i nieuniknione \u017cycie na koszt przysz\u0142ych pokole\u0144. <\/p>\n\n\n\n<p>Kto trzyma r\u0119ce na d\u0142ugu, ten rz\u0105dzi. Dochodzimy wi\u0119c do pytania: <\/p>\n\n\n\n<p><strong>CUI BONO?<\/strong><\/p>\n\n\n\n<p>To s\u0105 ogromne kwoty.  Bez najmniejszych w\u0105tpliwo\u015bci skorzystaj\u0105 na transakcji instytucje po\u017cyczaj\u0105ce. <\/p>\n\n\n\n<p>W ostatnich latach mia\u0142a miejsce na rynku finansowym swoista aberracja. Pieni\u0119dzy by\u0142o tak du\u017co, \u017ce nawet Polska emitowa\u0142a obligacje z ujemn\u0105 rentowno\u015bci\u0105. Rozchodzi\u0142y si\u0119 &#8222;jak \u015bwie\u017ce bu\u0142eczki&#8221;. <\/p>\n\n\n\n<p>Upraszczaj\u0105c i pomijaj\u0105c operacje finansowe, na kt\u00f3rych posiadacze takich obligacji i tak mog\u0105 zarobi\u0107, chodzi o to, \u017ce po\u017cyczaj\u0105ca pa\u0144stwu pieni\u0105dze instytucja (kupno obligacji), jeszcze mu dop\u0142aca, za mo\u017cliwo\u015b\u0107 udzielenia tej po\u017cyczki.  <\/p>\n\n\n\n<p>Pomijaj\u0105c ju\u017c wszystko inne, to znacznie pewniejsza inwestycja ni\u017c kryptowaluty, wypromowane przecie\u017c w skutek konieczno\u015bci zrobienia czego\u015b z nadmiarem pieni\u0105dza. <\/p>\n\n\n\n<p>Po\u017cyczka UE spada &#8222;inwestorom&#8221; z nieba, gdy\u017c gdzie\u015b trzeba przela\u0107 \u015brodki wycofywane z blockchainu. <\/p>\n\n\n\n<p>Na czym za\u015b polega sedno uk\u0142adu? <\/p>\n\n\n\n<p>Jest on bowiem doskona\u0142y. <\/p>\n\n\n\n<p>&#8222;Rynek&#8221; po\u017cycza pieni\u0105dze. Tylko to nie jest \u017cadne zamro\u017cenie \u015brodk\u00f3w, raczej inwestycja, z wynosz\u0105c\u0105 100% pewno\u015bci\u0105 op\u0142acalno\u015bci\/sp\u0142acalno\u015bci, gdy\u017c nawet rozpad UE nie uniewa\u017cni konieczno\u015bci sp\u0142at przez poszczeg\u00f3lne kraje. <\/p>\n\n\n\n<p>Zak\u0142adamy, i\u017c konsekwencj\u0105 po\u017cyczki jest, normalne w przypadku obligacji, coroczne wyp\u0142acanie odsetek, wynosz\u0105cych setki milion\u00f3w euro. Na waciki dla zarz\u0105dzaj\u0105cych funduszami wystarczy, a nie strac\u0105 przecie\u017c nic z kwoty po\u017cyczonej. <\/p>\n\n\n\n<p>Czy w umowie s\u0105 jakie\u015b ciekawe zapisy o euro i dolarze w kontek\u015bcie udzielanej po\u017cyczki?<\/p>\n\n\n\n<p>Chcemy si\u0119 myli\u0107, ale jeste\u015bmy pewni, i\u017c d\u0142ug b\u0119dzie rolowany, przy zgodnych g\u0142osach unijnych ekonomist\u00f3w itp., i\u017c to normalny mechanizm. <\/p>\n\n\n\n<p>Terminy sp\u0142aty b\u0119d\u0105 przed\u0142u\u017cane, na co oczywi\u015bcie musz\u0105 si\u0119 zgodzi\u0107 po\u017cyczkodawcy. Ka\u017cde przesuni\u0119cie z oczywistych, bardzo ludzkich wzgl\u0119d\u00f3w, b\u0119dzie si\u0119 wi\u0105za\u0142o z korzystniejszymi dla nich warunkami. <\/p>\n\n\n\n<p>W sumie, \u017ceby da\u0107 argumenty politykom, mo\u017cliwe s\u0105 &#8222;ust\u0119pstwa w warunkach sp\u0142aty&#8221; ze strony instytucji finansowych. W ko\u0144cu gdzie znajd\u0105 lepszy biznes, a dop\u00f3ki o rz\u0105dach w pa\u0144stwach UE decyduj\u0105 demokratyczne, krajowe wybory, niezadowolenie spo\u0142eczne mog\u0142oby zaszkodzi\u0107 ich interesom.<\/p>\n\n\n\n<p>Niemniej obstawiamy, i\u017c w\u0142a\u015bnie wpadamy jako Europa w niepi\u0119kn\u0105 spiral\u0119 zad\u0142u\u017cenia. <\/p>\n\n\n\n<p>W przysz\u0142o\u015bci du\u017co b\u0119dzie wznios\u0142ych hase\u0142, podnios\u0142ych ton\u00f3w i mo\u017ce nawet wezwa\u0144 do po\u015bwi\u0119ce\u0144. <\/p>\n\n\n\n<p>W ko\u0144cu zobowi\u0105za\u0144 nale\u017cy dotrzymywa\u0107.<\/p>\n\n\n\n<p>Obecne w\u0142adze pa\u0144stw cz\u0142onkowskich nie protestuj\u0105 przeciwko idei europejskiej po\u017cyczki. Niby dlaczego maj\u0105 protestowa\u0107? Nap\u0142yw \u015brodk\u00f3w powinien podnie\u015b\u0107 ich notowania w spo\u0142ecze\u0144stwie i mo\u017ce uda si\u0119 dzi\u0119ki nim d\u0142u\u017cej utrzyma\u0107 u w\u0142adzy. <\/p>\n\n\n\n<p>Co ich obchodzi, co b\u0119dzie potem. Wszak pr\u0119dzej czy p\u00f3\u017aniej ich rz\u0105dy i tak upadn\u0105, bo takie s\u0105 regu\u0142y demokracji. Regu\u0142\u0105 w tym systemie jest te\u017c przekupstwo wyborc\u00f3w, a teraz w\u0142a\u015bnie na to p\u0142yn\u0105 \u015brodki. <\/p>\n\n\n\n<p>Je\u015bli kt\u00f3ra\u015b z obecnie rz\u0105dz\u0105cych ekip utrzyma si\u0119 przez dwie pod rz\u0105d kadencje ich parlament\u00f3w, to jest to warte dla nich wielu wyrzecze\u0144&#8230; ze strony spo\u0142ecze\u0144stwa oczywi\u015bcie. Zw\u0142aszcza, gdy przyjd\u0105 one w czasie, gdy &#8222;premier i sp\u00f3\u0142ka&#8221; spokojnie b\u0119dzie sobie sp\u0119dza\u0142 czas na emeryturze. <\/p>\n\n\n\n<p>Je\u015bli ca\u0142a konstrukcja zacznie si\u0119 wali\u0107, zawsze b\u0119dzie mo\u017cna powiedzie\u0107, \u017ce przecie\u017c wszyscy tak robili. Solidarno\u015b\u0107 europejska itp. <\/p>\n\n\n\n<p>Co bowiem musia\u0142oby si\u0119 sta\u0107, by d\u0142ug si\u0119 \u0142adnie i w miar\u0119 szybko sp\u0142aci\u0142? Musia\u0142by nast\u0105pi\u0107 og\u00f3lnoeuropejski gospodarczy skok na tyle wysoki, by przynajmniej w niekt\u00f3rych jej ga\u0142\u0119ziach przeskoczy\u0107 Azj\u0119 i USA. <\/p>\n\n\n\n<p>Strategia lizbo\u0144ska&#8230;<\/p>\n\n\n\n<p>Czysto po ludzku \u0142apie nas zawi\u015b\u0107 z powodu tych szcz\u0119\u015bliwc\u00f3w z &#8222;demokratycznym&#8221; mandatem, kt\u00f3rzy w\u0142a\u015bnie zabezpieczaj\u0105 stabilno\u015b\u0107 materialn\u0105 swoim rodzinom na kilka pokole\u0144. <\/p>\n\n\n\n<p>To historie znane z ka\u017cdego, w tym naszego podw\u00f3rka. Profesor, kt\u00f3ry tworzy\u0142 ustaw\u0119 VAT, a p\u00f3\u017aniej prowadzi\u0142 szkolenia z zakresu &#8222;optymalizacji&#8221; tego podatku w firmach. To Pani minister, kt\u00f3ra przeprowadza\u0142a prywatyzacj\u0119 sieci telekomunikacyjnej, by po jej zako\u0144czeniu zatrudni\u0107 si\u0119 u nowego jej w\u0142a\u015bciciela. <\/p>\n\n\n\n<p>Mechanizm ten sam, ale z punktu widzenia zwyk\u0142ego &#8222;zjadacza chleba&#8221; decydenci UE mog\u0105 negocjowa\u0107 bez g\u00f3rnej granicy. <\/p>\n\n\n\n<p>To po prostu zbyt dobry biznes dla po\u017cyczaj\u0105cych.  <\/p>\n\n\n\n<p>Jak wspomnieli\u015bmy, d\u0142ug b\u0119dzie rolowany, warunki modyfikowane, mo\u017ce nawet w spos\u00f3b korzystniejszy dla spo\u0142ecze\u0144stw kraj\u00f3w UE, je\u015bli oka\u017ce si\u0119, \u017ce pozytywnych gospodarczo efekt\u00f3w za bardzo nie wida\u0107.  <\/p>\n\n\n\n<p>Je\u015bli czego\u015b jeste\u015bmy pewni, to tego, \u017ce cho\u0107 obecni decydenci UE \u017ale nie maj\u0105, to po zako\u0144czeniu kariery w strukturach UE czekaj\u0105 ich prawdziwe &#8222;z\u0142ote \u017cniwa&#8221;.<\/p>\n\n\n\n<p>To bardzo ludzkie. <\/p>\n\n\n\n<p>ps.<\/p>\n\n\n\n<p>Prosz\u0119 wrzuci\u0107 w wyszukiwark\u0119 zapytanie: &#8222;Jak b\u0119dzie sp\u0142acany fundusz odbudowy&#8221;. Hmmm&#8230;. wygl\u0105da, \u017ce tego jeszcze nikt nie wie. <\/p>\n\n\n\n<p>Decydenci w ko\u0144cu nie musz\u0105 si\u0119 martwi\u0107. <\/p>\n<p class=\"bawpvc-ajax-counter\" data-id=\"2450\"><\/p>","protected":false},"excerpt":{"rendered":"<p>TYTU\u0141EM WST\u0118PU. Pytanie nr 1. Czy jako obywatel pa\u0144stwa cz\u0142onkowskiego <a class=\"more-link\" href=\"https:\/\/oko.pres-24.pl\/?p=2450\">Czytaj dalej \u2192<\/a><\/p>\n","protected":false},"author":1,"featured_media":0,"comment_status":"open","ping_status":"closed","sticky":false,"template":"","format":"standard","meta":{"footnotes":""},"categories":[1],"tags":[],"class_list":["post-2450","post","type-post","status-publish","format-standard","hentry","category-uncategorized"],"aioseo_notices":[],"_links":{"self":[{"href":"https:\/\/oko.pres-24.pl\/index.php?rest_route=\/wp\/v2\/posts\/2450","targetHints":{"allow":["GET"]}}],"collection":[{"href":"https:\/\/oko.pres-24.pl\/index.php?rest_route=\/wp\/v2\/posts"}],"about":[{"href":"https:\/\/oko.pres-24.pl\/index.php?rest_route=\/wp\/v2\/types\/post"}],"author":[{"embeddable":true,"href":"https:\/\/oko.pres-24.pl\/index.php?rest_route=\/wp\/v2\/users\/1"}],"replies":[{"embeddable":true,"href":"https:\/\/oko.pres-24.pl\/index.php?rest_route=%2Fwp%2Fv2%2Fcomments&post=2450"}],"version-history":[{"count":15,"href":"https:\/\/oko.pres-24.pl\/index.php?rest_route=\/wp\/v2\/posts\/2450\/revisions"}],"predecessor-version":[{"id":2568,"href":"https:\/\/oko.pres-24.pl\/index.php?rest_route=\/wp\/v2\/posts\/2450\/revisions\/2568"}],"wp:attachment":[{"href":"https:\/\/oko.pres-24.pl\/index.php?rest_route=%2Fwp%2Fv2%2Fmedia&parent=2450"}],"wp:term":[{"taxonomy":"category","embeddable":true,"href":"https:\/\/oko.pres-24.pl\/index.php?rest_route=%2Fwp%2Fv2%2Fcategories&post=2450"},{"taxonomy":"post_tag","embeddable":true,"href":"https:\/\/oko.pres-24.pl\/index.php?rest_route=%2Fwp%2Fv2%2Ftags&post=2450"}],"curies":[{"name":"wp","href":"https:\/\/api.w.org\/{rel}","templated":true}]}}