{"id":2416,"date":"2022-07-07T09:47:13","date_gmt":"2022-07-07T08:47:13","guid":{"rendered":"http:\/\/oko.pres-24.pl\/?p=2416"},"modified":"2022-07-07T09:51:00","modified_gmt":"2022-07-07T08:51:00","slug":"kim-renata-jest-naprawde-lis","status":"publish","type":"post","link":"https:\/\/oko.pres-24.pl\/?p=2416","title":{"rendered":"Kim (Renata) jest naprawd\u0119 Lis?"},"content":{"rendered":"\n<p>Ale\u017c emocje!<\/p>\n\n\n\n<p>Niech si\u0119 Netflixy i Disneye schowaj\u0105 przy naszej rodzimej telenoweli.<\/p>\n\n\n\n<p>Ju\u017c \u201epogrzebali\u015bmy\u201d Tomasz Lisa, a tu taki twist.<\/p>\n\n\n\n<p>Serdecznie polecamy Pa\u0144stwu prze\u015bledzi\u0107 dyskusj\u0119 na fb.<\/p>\n\n\n\n<p>Koniecznie z wielkim popcornem, bo w\u0105tki si\u0119 mno\u017c\u0105, a do dyskusji do\u0142\u0105czaj\u0105 kolejne \u201egwiazdy\u201d naszego rodzimego piekie\u0142ka.<\/p>\n\n\n\n<p>Kij w mrowisko w\u0142o\u017cy\u0142 Pan Wojciech Staszewski.<\/p>\n\n\n\n<p><a href=\"https:\/\/www.facebook.com\/StaszewskiReporterPisarz\/posts\/pfbid02VNZ2woW4MTNK8thPCsVYpTXed3DkZ2PKvZbsJee8ghZwNELK61esBmFdNYFinMWFl\">https:\/\/www.facebook.com\/StaszewskiReporterPisarz\/posts\/pfbid02VNZ2woW4MTNK8thPCsVYpTXed3DkZ2PKvZbsJee8ghZwNELK61esBmFdNYFinMWFl<\/a><\/p>\n\n\n\n<p>I c\u00f3\u017c zrobi\u0142a Pani Kim?<\/p>\n\n\n\n<p>Odpowiedzia\u0142a. Nie by\u0142o w ostatnich latach lepszego przyk\u0142adu, dobitniej pokazuj\u0105cego, jak bardzo milczenie potrafi by\u0107 z\u0142otem.<\/p>\n\n\n\n<p>Otrzymujemy osobiste wycieczki oraz faktyczne potwierdzenie zarzut\u00f3w.<\/p>\n\n\n\n<p>\u201e\u017be wymaga\u0142am od ciebie tyle samo, co od siebie.\u201d To jest m\u00f3wienie \u201eLisem\u201d.<\/p>\n\n\n\n<p>Dla naszych czytelnik\u00f3w nie jest tajemnic\u0105, i\u017c niespecjalnie cenimy \u201etw\u00f3rczo\u015b\u0107\u201d Pani Kim. Poniewa\u017c jest kobiet\u0105, dwa razy wa\u017cyli\u015bmy dot\u0105d ka\u017cde krytyczne pod jej adresem s\u0142owo.<\/p>\n\n\n\n<p>Tym razem czujemy si\u0119 rozgrzeszeni.<\/p>\n\n\n\n<p>Od zawsze uwa\u017cali\u015bmy, \u017ce teksty Pani Kim, u\u017cywaj\u0105c jej s\u0142\u00f3w, s\u0105 po prostu \u201es\u0142abe\u201d.<\/p>\n\n\n\n<p>Ideologicznie maksymalnie skrzywione, a pod ka\u017cdym innym wzgl\u0119dem po prostu przeci\u0119tne do b\u00f3lu.<\/p>\n\n\n\n<p>Teksty Pani Renaty, a ten nie jest wyj\u0105tkiem, bardziej m\u00f3wi\u0105 o niej samej, ni\u017c o zagadnieniach kt\u00f3rym s\u0105 po\u015bwi\u0119cone.&nbsp;<\/p>\n\n\n\n<p>Swoje lobbingowe zachowania usprawiedliwia Redaktorka Kim doznawaniem krzywd ze strony Pana Lisa.<\/p>\n\n\n\n<p>I jak to skomentowa\u0107? Gdzie ta wra\u017cliwo\u015b\u0107 i \u015bwiadomo\u015b\u0107 konieczno\u015bci przerwania spirali z\u0142a? Itd., itp.<\/p>\n\n\n\n<p>Przecie\u017c dziecko, kt\u00f3re doznaje od rodzic\u00f3w przemocy, takie wzorce w sobie kszta\u0142tuje i przekazuje t\u0119 przemoc dalej.<\/p>\n\n\n\n<p>Chwilka, przecie\u017c Pani Kim nie jest dzieckiem, za to werbalnie jest jednym z najbardziej \u201eempatycznych\u201d dziennikarzy na naszym rynku medialnym.<\/p>\n\n\n\n<p>Tymczasem swoim wpisem potwierdza stawiane jej zarzuty.<\/p>\n\n\n\n<p>Ma\u0142a dygresja ale nie jeste\u015bmy w stanie wyprze\u0107 tego z pami\u0119ci i cho\u0107 cierpimy, to jest to nasze najzabawniejsze wspomnienie zwi\u0105zane z \u201edziennikarstwem\u201d Pani Kim.<\/p>\n\n\n\n<p>Przy okazji rozmowy, przed kilku laty, w zwi\u0105zku ze spektaklem \u201eKl\u0105twa\u201d, Pani Kim broni\u0142a \u201esztuki\u201d s\u0142owami (cytat z pami\u0119ci): \u201eNie widz\u0119 nic niew\u0142a\u015bciwego w robieniu \u201efellatio\u201d pos\u0105gowi papie\u017ca\u201d. Jako\u015b tak to by\u0142o.&nbsp;<\/p>\n\n\n\n<p>Wszyscy obecni w studiu dziennikarze dyskretnie si\u0119 u\u015bmiechn\u0119li.<\/p>\n\n\n\n<p>\u2026<\/p>\n\n\n\n<p>Dobry odcinek serialu musi mie\u0107 intryguj\u0105ce zako\u0144czenie, by\u015bmy z wypiekami czekali na nast\u0119pny odcinek. I Pani Kim nam to serwuje po \u201eps\u201d.<\/p>\n\n\n\n<p>\u201eW czasie kiedy razem pracowali\u015bmy, skrzywdzi\u0142e\u015b moj\u0105 przyjaci\u00f3\u0142k\u0119.\u201d<\/p>\n\n\n\n<p>Ale\u017c to pikantnie \u201epachnie\u201d.<\/p>\n\n\n\n<p>Z wypiekami czekamy na kolejny epizod i nazwiska.<\/p>\n\n\n\n<p>Ps.<\/p>\n\n\n\n<p>Pan Lis jaki jest, ka\u017cdy widzi. Niefajny, egocentryczny, despotyczny. \u017badnej finezji.<\/p>\n\n\n\n<p>Pani Kim ma dwie warstwy.<\/p>\n\n\n\n<p>Ten \u201etyp\u201d tak ma. Szczytne has\u0142a, frazesy i absolutny brak zrozumienia, \u017ce spo\u0142ecze\u0144stwo to r\u00f3\u017cnorodna zbiorowo\u015b\u0107 i maj\u0105 prawo w nim funkcjonowa\u0107 ludzie o pogl\u0105dach innych ni\u017c \u201eo\u015bwieceni\u201d.<\/p>\n\n\n\n<p>Ow\u0105 \u201eni\u017csz\u0105\u201d warstw\u0119 ludzie spoza \u201e\u015brodowiska\u201d mog\u0105 zobaczy\u0107 tylko przy okazjach takich jak opisana powy\u017cej.<\/p>\n\n\n\n<p>Pps.<\/p>\n\n\n\n<p>Pani Renato. Prosz\u0119 zwr\u00f3ci\u0107 uwag\u0119, o ile Pan Lis sprytniej si\u0119 broni. Co prawda jeszcze lepiej by by\u0142o, gdyby w og\u00f3le milcza\u0142, a nie wrzuca\u0142 zdawkowe uwagi. <\/p>\n\n\n\n<p>Niemniej Pani &#8222;elaborat&#8221; to cios wymierzony w sam\u0105 siebie. W takich sytuacjach lepiej pozwoli\u0107 innym broni\u0107 swojej osoby. <\/p>\n\n\n\n<p>Ci\u0119\u017ck\u0105 ma Pani teraz sytuacj\u0119. nie zazdro\u015bcimy. <\/p>\n\n\n\n<p>Ppps.<\/p>\n\n\n\n<p>Po co my si\u0119 w og\u00f3le tym zajmujemy? Tyle temat\u00f3w czeka. <\/p>\n<p class=\"bawpvc-ajax-counter\" data-id=\"2416\"><\/p>","protected":false},"excerpt":{"rendered":"<p>Ale\u017c emocje! Niech si\u0119 Netflixy i Disneye schowaj\u0105 przy naszej <a class=\"more-link\" href=\"https:\/\/oko.pres-24.pl\/?p=2416\">Czytaj dalej \u2192<\/a><\/p>\n","protected":false},"author":1,"featured_media":0,"comment_status":"open","ping_status":"closed","sticky":false,"template":"","format":"standard","meta":{"footnotes":""},"categories":[1],"tags":[],"class_list":["post-2416","post","type-post","status-publish","format-standard","hentry","category-uncategorized"],"aioseo_notices":[],"_links":{"self":[{"href":"https:\/\/oko.pres-24.pl\/index.php?rest_route=\/wp\/v2\/posts\/2416","targetHints":{"allow":["GET"]}}],"collection":[{"href":"https:\/\/oko.pres-24.pl\/index.php?rest_route=\/wp\/v2\/posts"}],"about":[{"href":"https:\/\/oko.pres-24.pl\/index.php?rest_route=\/wp\/v2\/types\/post"}],"author":[{"embeddable":true,"href":"https:\/\/oko.pres-24.pl\/index.php?rest_route=\/wp\/v2\/users\/1"}],"replies":[{"embeddable":true,"href":"https:\/\/oko.pres-24.pl\/index.php?rest_route=%2Fwp%2Fv2%2Fcomments&post=2416"}],"version-history":[{"count":2,"href":"https:\/\/oko.pres-24.pl\/index.php?rest_route=\/wp\/v2\/posts\/2416\/revisions"}],"predecessor-version":[{"id":2419,"href":"https:\/\/oko.pres-24.pl\/index.php?rest_route=\/wp\/v2\/posts\/2416\/revisions\/2419"}],"wp:attachment":[{"href":"https:\/\/oko.pres-24.pl\/index.php?rest_route=%2Fwp%2Fv2%2Fmedia&parent=2416"}],"wp:term":[{"taxonomy":"category","embeddable":true,"href":"https:\/\/oko.pres-24.pl\/index.php?rest_route=%2Fwp%2Fv2%2Fcategories&post=2416"},{"taxonomy":"post_tag","embeddable":true,"href":"https:\/\/oko.pres-24.pl\/index.php?rest_route=%2Fwp%2Fv2%2Ftags&post=2416"}],"curies":[{"name":"wp","href":"https:\/\/api.w.org\/{rel}","templated":true}]}}